{"id":2693,"date":"2024-05-22T09:29:27","date_gmt":"2024-05-22T07:29:27","guid":{"rendered":"https:\/\/agora.xtec.cat\/escolapaudelclos\/?p=2693"},"modified":"2024-10-22T13:32:11","modified_gmt":"2024-10-22T11:32:11","slug":"sortida-de-final-de-curs-al-port-de-tarragona-%e2%9a%93%f0%9f%8c%8a","status":"publish","type":"post","link":"https:\/\/agora.xtec.cat\/escolapaudelclos\/general\/sortida-de-final-de-curs-al-port-de-tarragona-%e2%9a%93%f0%9f%8c%8a\/","title":{"rendered":"2n &#8211; Sortida de final de curs al Port de Tarragona \u2693\ud83c\udf0a"},"content":{"rendered":"<div class=\"flex flex-grow flex-col max-w-full\">\n<div class=\"min-h-[20px] text-message flex flex-col items-start whitespace-pre-wrap break-words [.text-message+&amp;]:mt-5 juice:w-full juice:items-end overflow-x-auto gap-2\" dir=\"auto\" data-message-author-role=\"assistant\" data-message-id=\"bfa3bf8b-0989-434d-a31e-d581ab13bfaf\">\n<div class=\"flex w-full flex-col gap-1 juice:empty:hidden juice:first:pt-[3px]\">\n<div class=\"markdown prose w-full break-words dark:prose-invert light\">\n<p>Ahir, 21 de maig, els nens i nenes de 2n van gaudir d&#8217;una emocionant sortida de final de curs al Port de Tarragona. Va ser una jornada plena d&#8217;aventures i aprenentatges, totes relacionades amb la tem\u00e0tica marina.<\/p>\n<h2>Visita al Museu del Port de Tarragona \u2693<\/h2>\n<p>En primer lloc, els alumnes van visitar el Museu del Port de Tarragona. All\u00e0 van poder veure maquetes de vaixells impressionants i aprendre sobre la seva construcci\u00f3. Tamb\u00e9 van tenir l&#8217;oportunitat de veure en acci\u00f3 un motor de vaixell mercant i van descobrir les diverses formes de pesca que practiquen els pescadors de Tarragona.<\/p>\n<h2>Observatori Blau \ud83c\udf0a<\/h2>\n<p>La segona activitat del dia va ser una visita a l&#8217;Observatori Blau, situat a la Llotja de pescadors de Tarragona. Aqu\u00ed, els nens i nenes van aprendre sobre el fons mar\u00ed tarragon\u00ed i les diferents esp\u00e8cies que s&#8217;hi troben i es pesquen. Va ser una experi\u00e8ncia molt educativa i fascinant!<\/p>\n<h2>Passeig amb la &#8220;golondrina&#8221; \ud83d\udea4<\/h2>\n<p>Despr\u00e9s de la visita a l&#8217;Observatori Blau, els alumnes es van col\u00b7locar les armilles salvavides i van gaudir d&#8217;un passeig amb la &#8220;golondrina&#8221;. Van poder veure el Port de Tarragona des d&#8217;una perspectiva completament nova, gaudint de la brisa marina i les vistes espectaculars.<\/p>\n<h2>Dinar i subhasta del peix \ud83c\udf7d\ufe0f\ud83d\udc1f<\/h2>\n<p>Despr\u00e9s de tant d&#8217;aprendre i explorar, va arribar l&#8217;hora de dinar. Van aprofitar l&#8217;ombra dels gronxadors del Serrallo per reposar forces. Despr\u00e9s de dinar, van tenir l&#8217;oportunitat de veure una simulaci\u00f3 de la subhasta del peix a la Llotja de pescadors de Tarragona, una activitat molt interessant que va posar el punt final a un dia inoblidable.<\/p>\n<p>En resum, va ser una experi\u00e8ncia molt enriquidora per a tots els nens i nenes de 2n. Segur que van tornar a casa amb moltes hist\u00f2ries per explicar i amb un coneixement m\u00e9s profund sobre el m\u00f3n mar\u00ed i el Port de Tarragona.<\/p>\n<\/div>\n<p><a href=\"https:\/\/agora.xtec.cat\/escolapaudelclos\/wp-content\/uploads\/usu2656\/2024\/05\/foto-sortida-port.jpg\"><img loading=\"lazy\" decoding=\"async\" class=\"alignnone size-large wp-image-2695\" src=\"https:\/\/agora.xtec.cat\/escolapaudelclos\/wp-content\/uploads\/usu2656\/2024\/05\/foto-sortida-port-1024x576.jpg\" alt=\"\" width=\"1024\" height=\"576\" srcset=\"https:\/\/agora.xtec.cat\/escolapaudelclos\/wp-content\/uploads\/usu2656\/2024\/05\/foto-sortida-port-1024x576.jpg 1024w, https:\/\/agora.xtec.cat\/escolapaudelclos\/wp-content\/uploads\/usu2656\/2024\/05\/foto-sortida-port-300x169.jpg 300w, https:\/\/agora.xtec.cat\/escolapaudelclos\/wp-content\/uploads\/usu2656\/2024\/05\/foto-sortida-port-768x432.jpg 768w, https:\/\/agora.xtec.cat\/escolapaudelclos\/wp-content\/uploads\/usu2656\/2024\/05\/foto-sortida-port-1536x864.jpg 1536w, https:\/\/agora.xtec.cat\/escolapaudelclos\/wp-content\/uploads\/usu2656\/2024\/05\/foto-sortida-port.jpg 1920w\" sizes=\"auto, (max-width: 1024px) 100vw, 1024px\" \/><\/a><\/p>\n<\/div>\n<\/div>\n<\/div>\n","protected":false},"excerpt":{"rendered":"<p>Ahir, 21 de maig, els nens i nenes de 2n van gaudir d&#8217;una emocionant sortida de final de curs al Port de Tarragona. Va ser una jornada plena d&#8217;aventures i aprenentatges, totes relacionades amb la tem\u00e0tica marina. Visita al Museu del Port de Tarragona \u2693 En primer lloc, els alumnes van visitar el Museu del [&hellip;]<\/p>\n","protected":false},"author":1,"featured_media":2695,"comment_status":"open","ping_status":"closed","sticky":false,"template":"","format":"standard","meta":{"_bbp_topic_count":0,"_bbp_reply_count":0,"_bbp_total_topic_count":0,"_bbp_total_reply_count":0,"_bbp_voice_count":0,"_bbp_anonymous_reply_count":0,"_bbp_topic_count_hidden":0,"_bbp_reply_count_hidden":0,"_bbp_forum_subforum_count":0,"site-sidebar-layout":"default","site-content-layout":"","ast-site-content-layout":"","site-content-style":"default","site-sidebar-style":"default","ast-global-header-display":"","ast-banner-title-visibility":"","ast-main-header-display":"","ast-hfb-above-header-display":"","ast-hfb-below-header-display":"","ast-hfb-mobile-header-display":"","site-post-title":"","ast-breadcrumbs-content":"","ast-featured-img":"","footer-sml-layout":"","theme-transparent-header-meta":"","adv-header-id-meta":"","stick-header-meta":"","header-above-stick-meta":"","header-main-stick-meta":"","header-below-stick-meta":"","astra-migrate-meta-layouts":"default","ast-page-background-enabled":"default","ast-page-background-meta":{"desktop":{"background-color":"var(--ast-global-color-4)","background-image":"","background-repeat":"repeat","background-position":"center center","background-size":"auto","background-attachment":"scroll","background-type":"","background-media":"","overlay-type":"","overlay-color":"","overlay-opacity":"","overlay-gradient":""},"tablet":{"background-color":"","background-image":"","background-repeat":"repeat","background-position":"center center","background-size":"auto","background-attachment":"scroll","background-type":"","background-media":"","overlay-type":"","overlay-color":"","overlay-opacity":"","overlay-gradient":""},"mobile":{"background-color":"","background-image":"","background-repeat":"repeat","background-position":"center center","background-size":"auto","background-attachment":"scroll","background-type":"","background-media":"","overlay-type":"","overlay-color":"","overlay-opacity":"","overlay-gradient":""}},"ast-content-background-meta":{"desktop":{"background-color":"var(--ast-global-color-5)","background-image":"","background-repeat":"repeat","background-position":"center center","background-size":"auto","background-attachment":"scroll","background-type":"","background-media":"","overlay-type":"","overlay-color":"","overlay-opacity":"","overlay-gradient":""},"tablet":{"background-color":"var(--ast-global-color-5)","background-image":"","background-repeat":"repeat","background-position":"center center","background-size":"auto","background-attachment":"scroll","background-type":"","background-media":"","overlay-type":"","overlay-color":"","overlay-opacity":"","overlay-gradient":""},"mobile":{"background-color":"var(--ast-global-color-5)","background-image":"","background-repeat":"repeat","background-position":"center center","background-size":"auto","background-attachment":"scroll","background-type":"","background-media":"","overlay-type":"","overlay-color":"","overlay-opacity":"","overlay-gradient":""}},"footnotes":""},"categories":[5,11,1,4],"tags":[],"class_list":["post-2693","post","type-post","status-publish","format-standard","has-post-thumbnail","hentry","category-primaria","category-2n","category-general","category-portada"],"post_mailing_queue_ids":[],"_links":{"self":[{"href":"https:\/\/agora.xtec.cat\/escolapaudelclos\/wp-json\/wp\/v2\/posts\/2693","targetHints":{"allow":["GET"]}}],"collection":[{"href":"https:\/\/agora.xtec.cat\/escolapaudelclos\/wp-json\/wp\/v2\/posts"}],"about":[{"href":"https:\/\/agora.xtec.cat\/escolapaudelclos\/wp-json\/wp\/v2\/types\/post"}],"author":[{"embeddable":true,"href":"https:\/\/agora.xtec.cat\/escolapaudelclos\/wp-json\/wp\/v2\/users\/1"}],"replies":[{"embeddable":true,"href":"https:\/\/agora.xtec.cat\/escolapaudelclos\/wp-json\/wp\/v2\/comments?post=2693"}],"version-history":[{"count":4,"href":"https:\/\/agora.xtec.cat\/escolapaudelclos\/wp-json\/wp\/v2\/posts\/2693\/revisions"}],"predecessor-version":[{"id":2701,"href":"https:\/\/agora.xtec.cat\/escolapaudelclos\/wp-json\/wp\/v2\/posts\/2693\/revisions\/2701"}],"wp:featuredmedia":[{"embeddable":true,"href":"https:\/\/agora.xtec.cat\/escolapaudelclos\/wp-json\/wp\/v2\/media\/2695"}],"wp:attachment":[{"href":"https:\/\/agora.xtec.cat\/escolapaudelclos\/wp-json\/wp\/v2\/media?parent=2693"}],"wp:term":[{"taxonomy":"category","embeddable":true,"href":"https:\/\/agora.xtec.cat\/escolapaudelclos\/wp-json\/wp\/v2\/categories?post=2693"},{"taxonomy":"post_tag","embeddable":true,"href":"https:\/\/agora.xtec.cat\/escolapaudelclos\/wp-json\/wp\/v2\/tags?post=2693"}],"curies":[{"name":"wp","href":"https:\/\/api.w.org\/{rel}","templated":true}]}}