{"id":2492,"date":"2024-01-30T21:02:57","date_gmt":"2024-01-30T20:02:57","guid":{"rendered":"https:\/\/agora.xtec.cat\/escolapaudelclos\/?p=2492"},"modified":"2024-01-30T21:03:17","modified_gmt":"2024-01-30T20:03:17","slug":"5e-denip","status":"publish","type":"post","link":"https:\/\/agora.xtec.cat\/escolapaudelclos\/general\/5e-denip\/","title":{"rendered":"5\u00e8 &#8211; DENIP"},"content":{"rendered":"<p>Avui, l&#8217;alumnat de 5\u00e8, hem anat a celebrar el <strong>dia de la Pau<\/strong> en un bonic acte del <strong>DENIP<\/strong> al Palau Firal de Congressos.<\/p>\n<p>La jornada ha anat lligada al lema &#8220;<strong>Tenir cura del m\u00f3n que volem<\/strong>&#8221; i tots els centres participants hem tingut ocasi\u00f3 de dir-hi la nostra, ja fos en format ball, poema, explicaci\u00f3 o can\u00e7\u00f3.<\/p>\n<p>Des de l&#8217;escola hi hem participat amb la can\u00e7\u00f3 &#8220;For\u00e7a&#8221; de PeTaCa (Petit Taller de Can\u00e7ons) i participant, amb totes les companyes i companys d&#8217;altres centres, en la can\u00e7\u00f3 final conjunta &#8220;Tenir cura del m\u00f3n que volem&#8221;, un arranjament de la can\u00e7\u00f3 &#8220;Bella Ciao&#8221; creat per l&#8217;ocasi\u00f3.<\/p>\n<p>Podeu trobar fotos i v\u00eddeos de les actuacions a l&#8217;<a href=\"https:\/\/agora.xtec.cat\/escolapaudelclos\/fotos-de-lescola\/\" target=\"_blank\" rel=\"noopener\">espai fotos d&#8217;aquest mateix web<\/a>.<\/p>\n<p>Esperem que us agradi!<\/p>\n<p><a href=\"https:\/\/agora.xtec.cat\/escolapaudelclos\/wp-content\/uploads\/usu2656\/2024\/01\/WhatsApp-Image-2024-01-30-at-21.01.45.jpeg\"><img loading=\"lazy\" decoding=\"async\" class=\"aligncenter wp-image-2493 \" src=\"https:\/\/agora.xtec.cat\/escolapaudelclos\/wp-content\/uploads\/usu2656\/2024\/01\/WhatsApp-Image-2024-01-30-at-21.01.45.jpeg\" alt=\"\" width=\"920\" height=\"1226\" srcset=\"https:\/\/agora.xtec.cat\/escolapaudelclos\/wp-content\/uploads\/usu2656\/2024\/01\/WhatsApp-Image-2024-01-30-at-21.01.45.jpeg 1537w, https:\/\/agora.xtec.cat\/escolapaudelclos\/wp-content\/uploads\/usu2656\/2024\/01\/WhatsApp-Image-2024-01-30-at-21.01.45-225x300.jpeg 225w, https:\/\/agora.xtec.cat\/escolapaudelclos\/wp-content\/uploads\/usu2656\/2024\/01\/WhatsApp-Image-2024-01-30-at-21.01.45-769x1024.jpeg 769w, https:\/\/agora.xtec.cat\/escolapaudelclos\/wp-content\/uploads\/usu2656\/2024\/01\/WhatsApp-Image-2024-01-30-at-21.01.45-768x1023.jpeg 768w, https:\/\/agora.xtec.cat\/escolapaudelclos\/wp-content\/uploads\/usu2656\/2024\/01\/WhatsApp-Image-2024-01-30-at-21.01.45-1153x1536.jpeg 1153w\" sizes=\"auto, (max-width: 920px) 100vw, 920px\" \/><\/a><\/p>\n","protected":false},"excerpt":{"rendered":"<p>Avui, l&#8217;alumnat de 5\u00e8, hem anat a celebrar el dia de la Pau en un bonic acte del DENIP al Palau Firal de Congressos. La jornada ha anat lligada al lema &#8220;Tenir cura del m\u00f3n que volem&#8221; i tots els centres participants hem tingut ocasi\u00f3 de dir-hi la nostra, ja fos en format ball, poema, [&hellip;]<\/p>\n","protected":false},"author":1,"featured_media":2493,"comment_status":"open","ping_status":"closed","sticky":false,"template":"","format":"standard","meta":{"_bbp_topic_count":0,"_bbp_reply_count":0,"_bbp_total_topic_count":0,"_bbp_total_reply_count":0,"_bbp_voice_count":0,"_bbp_anonymous_reply_count":0,"_bbp_topic_count_hidden":0,"_bbp_reply_count_hidden":0,"_bbp_forum_subforum_count":0,"site-sidebar-layout":"default","site-content-layout":"","ast-site-content-layout":"","site-content-style":"default","site-sidebar-style":"default","ast-global-header-display":"","ast-banner-title-visibility":"","ast-main-header-display":"","ast-hfb-above-header-display":"","ast-hfb-below-header-display":"","ast-hfb-mobile-header-display":"","site-post-title":"","ast-breadcrumbs-content":"","ast-featured-img":"","footer-sml-layout":"","theme-transparent-header-meta":"","adv-header-id-meta":"","stick-header-meta":"","header-above-stick-meta":"","header-main-stick-meta":"","header-below-stick-meta":"","astra-migrate-meta-layouts":"default","ast-page-background-enabled":"default","ast-page-background-meta":{"desktop":{"background-color":"var(--ast-global-color-4)","background-image":"","background-repeat":"repeat","background-position":"center center","background-size":"auto","background-attachment":"scroll","background-type":"","background-media":"","overlay-type":"","overlay-color":"","overlay-opacity":"","overlay-gradient":""},"tablet":{"background-color":"","background-image":"","background-repeat":"repeat","background-position":"center center","background-size":"auto","background-attachment":"scroll","background-type":"","background-media":"","overlay-type":"","overlay-color":"","overlay-opacity":"","overlay-gradient":""},"mobile":{"background-color":"","background-image":"","background-repeat":"repeat","background-position":"center center","background-size":"auto","background-attachment":"scroll","background-type":"","background-media":"","overlay-type":"","overlay-color":"","overlay-opacity":"","overlay-gradient":""}},"ast-content-background-meta":{"desktop":{"background-color":"var(--ast-global-color-5)","background-image":"","background-repeat":"repeat","background-position":"center center","background-size":"auto","background-attachment":"scroll","background-type":"","background-media":"","overlay-type":"","overlay-color":"","overlay-opacity":"","overlay-gradient":""},"tablet":{"background-color":"var(--ast-global-color-5)","background-image":"","background-repeat":"repeat","background-position":"center center","background-size":"auto","background-attachment":"scroll","background-type":"","background-media":"","overlay-type":"","overlay-color":"","overlay-opacity":"","overlay-gradient":""},"mobile":{"background-color":"var(--ast-global-color-5)","background-image":"","background-repeat":"repeat","background-position":"center center","background-size":"auto","background-attachment":"scroll","background-type":"","background-media":"","overlay-type":"","overlay-color":"","overlay-opacity":"","overlay-gradient":""}},"footnotes":""},"categories":[5,14,1,4],"tags":[],"class_list":["post-2492","post","type-post","status-publish","format-standard","has-post-thumbnail","hentry","category-primaria","category-5e","category-general","category-portada"],"post_mailing_queue_ids":[],"_links":{"self":[{"href":"https:\/\/agora.xtec.cat\/escolapaudelclos\/wp-json\/wp\/v2\/posts\/2492","targetHints":{"allow":["GET"]}}],"collection":[{"href":"https:\/\/agora.xtec.cat\/escolapaudelclos\/wp-json\/wp\/v2\/posts"}],"about":[{"href":"https:\/\/agora.xtec.cat\/escolapaudelclos\/wp-json\/wp\/v2\/types\/post"}],"author":[{"embeddable":true,"href":"https:\/\/agora.xtec.cat\/escolapaudelclos\/wp-json\/wp\/v2\/users\/1"}],"replies":[{"embeddable":true,"href":"https:\/\/agora.xtec.cat\/escolapaudelclos\/wp-json\/wp\/v2\/comments?post=2492"}],"version-history":[{"count":4,"href":"https:\/\/agora.xtec.cat\/escolapaudelclos\/wp-json\/wp\/v2\/posts\/2492\/revisions"}],"predecessor-version":[{"id":2497,"href":"https:\/\/agora.xtec.cat\/escolapaudelclos\/wp-json\/wp\/v2\/posts\/2492\/revisions\/2497"}],"wp:featuredmedia":[{"embeddable":true,"href":"https:\/\/agora.xtec.cat\/escolapaudelclos\/wp-json\/wp\/v2\/media\/2493"}],"wp:attachment":[{"href":"https:\/\/agora.xtec.cat\/escolapaudelclos\/wp-json\/wp\/v2\/media?parent=2492"}],"wp:term":[{"taxonomy":"category","embeddable":true,"href":"https:\/\/agora.xtec.cat\/escolapaudelclos\/wp-json\/wp\/v2\/categories?post=2492"},{"taxonomy":"post_tag","embeddable":true,"href":"https:\/\/agora.xtec.cat\/escolapaudelclos\/wp-json\/wp\/v2\/tags?post=2492"}],"curies":[{"name":"wp","href":"https:\/\/api.w.org\/{rel}","templated":true}]}}