{"id":2438,"date":"2023-12-22T12:24:54","date_gmt":"2023-12-22T11:24:54","guid":{"rendered":"https:\/\/agora.xtec.cat\/escolapaudelclos\/?p=2438"},"modified":"2024-01-08T12:40:21","modified_gmt":"2024-01-08T11:40:21","slug":"tio-de-nadal-3","status":"publish","type":"post","link":"https:\/\/agora.xtec.cat\/escolapaudelclos\/infantil\/tio-de-nadal-3\/","title":{"rendered":"Ti\u00f3 de Nadal"},"content":{"rendered":"<p>Aquest dimecres, i per acomiadar el trimestre com cal, tota l&#8217;escola va fer cagar el Ti\u00f3!!<\/p>\n<p>Ja feia uns quants dies que us hav\u00edem informat que havia arribat el Ti\u00f3 a l&#8217;escola i, entre totes i tots, el vam estar cuidant d&#8217;all\u00f2 m\u00e9s! Es va notar que l&#8217;alumnat portava dies alimentant-lo de valent perqu\u00e8 gaireb\u00e9 al primer cop de pal ens va demostrar el tip i empatxat que estava!!!<\/p>\n<p>Agrair a l&#8217;AFA de l&#8217;escola, la seva col\u00b7laboraci\u00f3 un any m\u00e9s!<\/p>\n<p>Ara s\u00ed, bones festes a tothom i fins l&#8217;any vinent! Podeu veure el seg\u00fcent v\u00eddeo o tot el recull de fotos fetes a l&#8217;<a href=\"https:\/\/agora.xtec.cat\/escolapaudelclos\/fotos-de-lescola\/\" target=\"_blank\" rel=\"noopener\">espai fotos d&#8217;aquest mateix web<\/a>!<\/p>\n<p><a href=\"https:\/\/drive.google.com\/file\/d\/1-Rija0cuvKj_yoHTOyc33tjPoMRty_Yg\/view?usp=sharing\" target=\"_blank\" rel=\"noopener\"><img loading=\"lazy\" decoding=\"async\" class=\"size-medium wp-image-2449 aligncenter\" src=\"https:\/\/agora.xtec.cat\/escolapaudelclos\/wp-content\/uploads\/usu2656\/2023\/12\/TIO-300x167.png\" alt=\"\" width=\"300\" height=\"167\" srcset=\"https:\/\/agora.xtec.cat\/escolapaudelclos\/wp-content\/uploads\/usu2656\/2023\/12\/TIO-300x167.png 300w, https:\/\/agora.xtec.cat\/escolapaudelclos\/wp-content\/uploads\/usu2656\/2023\/12\/TIO-768x428.png 768w, https:\/\/agora.xtec.cat\/escolapaudelclos\/wp-content\/uploads\/usu2656\/2023\/12\/TIO.png 846w\" sizes=\"auto, (max-width: 300px) 100vw, 300px\" \/><\/a><\/p>\n<p>&nbsp;<\/p>\n","protected":false},"excerpt":{"rendered":"<p>Aquest dimecres, i per acomiadar el trimestre com cal, tota l&#8217;escola va fer cagar el Ti\u00f3!! Ja feia uns quants dies que us hav\u00edem informat que havia arribat el Ti\u00f3 a l&#8217;escola i, entre totes i tots, el vam estar cuidant d&#8217;all\u00f2 m\u00e9s! Es va notar que l&#8217;alumnat portava dies alimentant-lo de valent perqu\u00e8 gaireb\u00e9 [&hellip;]<\/p>\n","protected":false},"author":1,"featured_media":2441,"comment_status":"open","ping_status":"closed","sticky":false,"template":"","format":"standard","meta":{"_bbp_topic_count":0,"_bbp_reply_count":0,"_bbp_total_topic_count":0,"_bbp_total_reply_count":0,"_bbp_voice_count":0,"_bbp_anonymous_reply_count":0,"_bbp_topic_count_hidden":0,"_bbp_reply_count_hidden":0,"_bbp_forum_subforum_count":0,"site-sidebar-layout":"default","site-content-layout":"","ast-site-content-layout":"","site-content-style":"default","site-sidebar-style":"default","ast-global-header-display":"","ast-banner-title-visibility":"","ast-main-header-display":"","ast-hfb-above-header-display":"","ast-hfb-below-header-display":"","ast-hfb-mobile-header-display":"","site-post-title":"","ast-breadcrumbs-content":"","ast-featured-img":"","footer-sml-layout":"","theme-transparent-header-meta":"","adv-header-id-meta":"","stick-header-meta":"","header-above-stick-meta":"","header-main-stick-meta":"","header-below-stick-meta":"","astra-migrate-meta-layouts":"default","ast-page-background-enabled":"default","ast-page-background-meta":{"desktop":{"background-color":"var(--ast-global-color-4)","background-image":"","background-repeat":"repeat","background-position":"center center","background-size":"auto","background-attachment":"scroll","background-type":"","background-media":"","overlay-type":"","overlay-color":"","overlay-opacity":"","overlay-gradient":""},"tablet":{"background-color":"","background-image":"","background-repeat":"repeat","background-position":"center center","background-size":"auto","background-attachment":"scroll","background-type":"","background-media":"","overlay-type":"","overlay-color":"","overlay-opacity":"","overlay-gradient":""},"mobile":{"background-color":"","background-image":"","background-repeat":"repeat","background-position":"center center","background-size":"auto","background-attachment":"scroll","background-type":"","background-media":"","overlay-type":"","overlay-color":"","overlay-opacity":"","overlay-gradient":""}},"ast-content-background-meta":{"desktop":{"background-color":"var(--ast-global-color-5)","background-image":"","background-repeat":"repeat","background-position":"center center","background-size":"auto","background-attachment":"scroll","background-type":"","background-media":"","overlay-type":"","overlay-color":"","overlay-opacity":"","overlay-gradient":""},"tablet":{"background-color":"var(--ast-global-color-5)","background-image":"","background-repeat":"repeat","background-position":"center center","background-size":"auto","background-attachment":"scroll","background-type":"","background-media":"","overlay-type":"","overlay-color":"","overlay-opacity":"","overlay-gradient":""},"mobile":{"background-color":"var(--ast-global-color-5)","background-image":"","background-repeat":"repeat","background-position":"center center","background-size":"auto","background-attachment":"scroll","background-type":"","background-media":"","overlay-type":"","overlay-color":"","overlay-opacity":"","overlay-gradient":""}},"footnotes":""},"categories":[2,5,10,11,7,3,8,9,4],"tags":[228,62,88,355,103],"class_list":["post-2438","post","type-post","status-publish","format-standard","has-post-thumbnail","hentry","category-infantil","category-primaria","category-1r","category-2n","category-umpa","category-i3","category-i4","category-i5","category-portada","tag-bon-nadal","tag-escola-pau-delclos","tag-nadal","tag-tio-de-nadal","tag-tradicions"],"post_mailing_queue_ids":[],"_links":{"self":[{"href":"https:\/\/agora.xtec.cat\/escolapaudelclos\/wp-json\/wp\/v2\/posts\/2438","targetHints":{"allow":["GET"]}}],"collection":[{"href":"https:\/\/agora.xtec.cat\/escolapaudelclos\/wp-json\/wp\/v2\/posts"}],"about":[{"href":"https:\/\/agora.xtec.cat\/escolapaudelclos\/wp-json\/wp\/v2\/types\/post"}],"author":[{"embeddable":true,"href":"https:\/\/agora.xtec.cat\/escolapaudelclos\/wp-json\/wp\/v2\/users\/1"}],"replies":[{"embeddable":true,"href":"https:\/\/agora.xtec.cat\/escolapaudelclos\/wp-json\/wp\/v2\/comments?post=2438"}],"version-history":[{"count":6,"href":"https:\/\/agora.xtec.cat\/escolapaudelclos\/wp-json\/wp\/v2\/posts\/2438\/revisions"}],"predecessor-version":[{"id":2450,"href":"https:\/\/agora.xtec.cat\/escolapaudelclos\/wp-json\/wp\/v2\/posts\/2438\/revisions\/2450"}],"wp:featuredmedia":[{"embeddable":true,"href":"https:\/\/agora.xtec.cat\/escolapaudelclos\/wp-json\/wp\/v2\/media\/2441"}],"wp:attachment":[{"href":"https:\/\/agora.xtec.cat\/escolapaudelclos\/wp-json\/wp\/v2\/media?parent=2438"}],"wp:term":[{"taxonomy":"category","embeddable":true,"href":"https:\/\/agora.xtec.cat\/escolapaudelclos\/wp-json\/wp\/v2\/categories?post=2438"},{"taxonomy":"post_tag","embeddable":true,"href":"https:\/\/agora.xtec.cat\/escolapaudelclos\/wp-json\/wp\/v2\/tags?post=2438"}],"curies":[{"name":"wp","href":"https:\/\/api.w.org\/{rel}","templated":true}]}}