{"id":2434,"date":"2023-12-19T12:40:59","date_gmt":"2023-12-19T11:40:59","guid":{"rendered":"https:\/\/agora.xtec.cat\/escolapaudelclos\/?p=2434"},"modified":"2023-12-19T15:45:31","modified_gmt":"2023-12-19T14:45:31","slug":"ens-visiten-els-patges-reials","status":"publish","type":"post","link":"https:\/\/agora.xtec.cat\/escolapaudelclos\/infantil\/ens-visiten-els-patges-reials\/","title":{"rendered":"Ens visita el Patge Reial"},"content":{"rendered":"<p>Ahir la nostra escola es va omplir de m\u00e0gia i il\u00b7lusi\u00f3 amb la fant\u00e0stica visita del Patge Reial! Els i les m\u00e9s menudes de l&#8217;escola van poder entregar les cartes, que amb tanta il\u00b7lusi\u00f3 havien fet, perqu\u00e8 les faci arribar als Reis Mags d&#8217;Orient!<\/p>\n<p>Podeu trobar m\u00e9s fotos a l&#8217;<a href=\"https:\/\/agora.xtec.cat\/escolapaudelclos\/fotos-de-lescola\/\" target=\"_blank\" rel=\"noopener\">espai fotos<\/a> del web de l&#8217;escola!<\/p>\n<p>Molt bones festes a tothom!<\/p>\n<p style=\"text-align: center;\"><a href=\"https:\/\/agora.xtec.cat\/escolapaudelclos\/wp-content\/uploads\/usu2656\/2023\/12\/Patges-Reials-scaled.jpg\"><img loading=\"lazy\" decoding=\"async\" class=\"alignnone size-medium wp-image-2435\" src=\"https:\/\/agora.xtec.cat\/escolapaudelclos\/wp-content\/uploads\/usu2656\/2023\/12\/Patges-Reials-300x266.jpg\" alt=\"\" width=\"300\" height=\"266\" srcset=\"https:\/\/agora.xtec.cat\/escolapaudelclos\/wp-content\/uploads\/usu2656\/2023\/12\/Patges-Reials-300x266.jpg 300w, https:\/\/agora.xtec.cat\/escolapaudelclos\/wp-content\/uploads\/usu2656\/2023\/12\/Patges-Reials-1024x907.jpg 1024w, https:\/\/agora.xtec.cat\/escolapaudelclos\/wp-content\/uploads\/usu2656\/2023\/12\/Patges-Reials-768x681.jpg 768w, https:\/\/agora.xtec.cat\/escolapaudelclos\/wp-content\/uploads\/usu2656\/2023\/12\/Patges-Reials-1536x1361.jpg 1536w, https:\/\/agora.xtec.cat\/escolapaudelclos\/wp-content\/uploads\/usu2656\/2023\/12\/Patges-Reials-2048x1815.jpg 2048w\" sizes=\"auto, (max-width: 300px) 100vw, 300px\" \/><\/a><\/p>\n","protected":false},"excerpt":{"rendered":"<p>Ahir la nostra escola es va omplir de m\u00e0gia i il\u00b7lusi\u00f3 amb la fant\u00e0stica visita del Patge Reial! Els i les m\u00e9s menudes de l&#8217;escola van poder entregar les cartes, que amb tanta il\u00b7lusi\u00f3 havien fet, perqu\u00e8 les faci arribar als Reis Mags d&#8217;Orient! Podeu trobar m\u00e9s fotos a l&#8217;espai fotos del web de l&#8217;escola! [&hellip;]<\/p>\n","protected":false},"author":1,"featured_media":2435,"comment_status":"open","ping_status":"closed","sticky":false,"template":"","format":"standard","meta":{"_bbp_topic_count":0,"_bbp_reply_count":0,"_bbp_total_topic_count":0,"_bbp_total_reply_count":0,"_bbp_voice_count":0,"_bbp_anonymous_reply_count":0,"_bbp_topic_count_hidden":0,"_bbp_reply_count_hidden":0,"_bbp_forum_subforum_count":0,"site-sidebar-layout":"default","site-content-layout":"","ast-site-content-layout":"","site-content-style":"default","site-sidebar-style":"default","ast-global-header-display":"","ast-banner-title-visibility":"","ast-main-header-display":"","ast-hfb-above-header-display":"","ast-hfb-below-header-display":"","ast-hfb-mobile-header-display":"","site-post-title":"","ast-breadcrumbs-content":"","ast-featured-img":"","footer-sml-layout":"","theme-transparent-header-meta":"","adv-header-id-meta":"","stick-header-meta":"","header-above-stick-meta":"","header-main-stick-meta":"","header-below-stick-meta":"","astra-migrate-meta-layouts":"default","ast-page-background-enabled":"default","ast-page-background-meta":{"desktop":{"background-color":"var(--ast-global-color-4)","background-image":"","background-repeat":"repeat","background-position":"center center","background-size":"auto","background-attachment":"scroll","background-type":"","background-media":"","overlay-type":"","overlay-color":"","overlay-opacity":"","overlay-gradient":""},"tablet":{"background-color":"","background-image":"","background-repeat":"repeat","background-position":"center center","background-size":"auto","background-attachment":"scroll","background-type":"","background-media":"","overlay-type":"","overlay-color":"","overlay-opacity":"","overlay-gradient":""},"mobile":{"background-color":"","background-image":"","background-repeat":"repeat","background-position":"center center","background-size":"auto","background-attachment":"scroll","background-type":"","background-media":"","overlay-type":"","overlay-color":"","overlay-opacity":"","overlay-gradient":""}},"ast-content-background-meta":{"desktop":{"background-color":"var(--ast-global-color-5)","background-image":"","background-repeat":"repeat","background-position":"center center","background-size":"auto","background-attachment":"scroll","background-type":"","background-media":"","overlay-type":"","overlay-color":"","overlay-opacity":"","overlay-gradient":""},"tablet":{"background-color":"var(--ast-global-color-5)","background-image":"","background-repeat":"repeat","background-position":"center center","background-size":"auto","background-attachment":"scroll","background-type":"","background-media":"","overlay-type":"","overlay-color":"","overlay-opacity":"","overlay-gradient":""},"mobile":{"background-color":"var(--ast-global-color-5)","background-image":"","background-repeat":"repeat","background-position":"center center","background-size":"auto","background-attachment":"scroll","background-type":"","background-media":"","overlay-type":"","overlay-color":"","overlay-opacity":"","overlay-gradient":""}},"footnotes":""},"categories":[2,5,10,11,3,8,9,4],"tags":[62,88,354],"class_list":["post-2434","post","type-post","status-publish","format-standard","has-post-thumbnail","hentry","category-infantil","category-primaria","category-1r","category-2n","category-i3","category-i4","category-i5","category-portada","tag-escola-pau-delclos","tag-nadal","tag-patges-reials"],"post_mailing_queue_ids":[],"_links":{"self":[{"href":"https:\/\/agora.xtec.cat\/escolapaudelclos\/wp-json\/wp\/v2\/posts\/2434","targetHints":{"allow":["GET"]}}],"collection":[{"href":"https:\/\/agora.xtec.cat\/escolapaudelclos\/wp-json\/wp\/v2\/posts"}],"about":[{"href":"https:\/\/agora.xtec.cat\/escolapaudelclos\/wp-json\/wp\/v2\/types\/post"}],"author":[{"embeddable":true,"href":"https:\/\/agora.xtec.cat\/escolapaudelclos\/wp-json\/wp\/v2\/users\/1"}],"replies":[{"embeddable":true,"href":"https:\/\/agora.xtec.cat\/escolapaudelclos\/wp-json\/wp\/v2\/comments?post=2434"}],"version-history":[{"count":3,"href":"https:\/\/agora.xtec.cat\/escolapaudelclos\/wp-json\/wp\/v2\/posts\/2434\/revisions"}],"predecessor-version":[{"id":2440,"href":"https:\/\/agora.xtec.cat\/escolapaudelclos\/wp-json\/wp\/v2\/posts\/2434\/revisions\/2440"}],"wp:featuredmedia":[{"embeddable":true,"href":"https:\/\/agora.xtec.cat\/escolapaudelclos\/wp-json\/wp\/v2\/media\/2435"}],"wp:attachment":[{"href":"https:\/\/agora.xtec.cat\/escolapaudelclos\/wp-json\/wp\/v2\/media?parent=2434"}],"wp:term":[{"taxonomy":"category","embeddable":true,"href":"https:\/\/agora.xtec.cat\/escolapaudelclos\/wp-json\/wp\/v2\/categories?post=2434"},{"taxonomy":"post_tag","embeddable":true,"href":"https:\/\/agora.xtec.cat\/escolapaudelclos\/wp-json\/wp\/v2\/tags?post=2434"}],"curies":[{"name":"wp","href":"https:\/\/api.w.org\/{rel}","templated":true}]}}