{"id":2384,"date":"2023-11-27T13:56:18","date_gmt":"2023-11-27T12:56:18","guid":{"rendered":"https:\/\/agora.xtec.cat\/escolapaudelclos\/?p=2384"},"modified":"2024-11-25T17:15:44","modified_gmt":"2024-11-25T16:15:44","slug":"santa-cecilia-2024","status":"publish","type":"post","link":"https:\/\/agora.xtec.cat\/escolapaudelclos\/general\/santa-cecilia-2024\/","title":{"rendered":"Santa Cec\u00edlia 2023"},"content":{"rendered":"<p>El passat divendres vam celebrar <strong>Santa Cec\u00edlia<\/strong> a l&#8217;escola, patrona dels i les m\u00fasics!<\/p>\n<p>Per tal de fer-ho vam tornar a gaudir de les audicions del nostre alumnat m\u00fasic i de l&#8217;actuaci\u00f3, en prim\u00edcia, de la nova coral de l&#8217;escola.<\/p>\n<p>Va ser una molt bonica i art\u00edstica jornada! Podeu trobar les fotos i v\u00eddeos a l&#8217;apartat fotos d&#8217;aquest mateix web!<\/p>\n<p><a href=\"https:\/\/agora.xtec.cat\/escolapaudelclos\/wp-content\/uploads\/usu2656\/2023\/11\/Sta-Cecilia.jpg\"><img loading=\"lazy\" decoding=\"async\" class=\"wp-image-2385 aligncenter\" src=\"https:\/\/agora.xtec.cat\/escolapaudelclos\/wp-content\/uploads\/usu2656\/2023\/11\/Sta-Cecilia.jpg\" alt=\"\" width=\"501\" height=\"376\" srcset=\"https:\/\/agora.xtec.cat\/escolapaudelclos\/wp-content\/uploads\/usu2656\/2023\/11\/Sta-Cecilia.jpg 1600w, https:\/\/agora.xtec.cat\/escolapaudelclos\/wp-content\/uploads\/usu2656\/2023\/11\/Sta-Cecilia-300x225.jpg 300w, https:\/\/agora.xtec.cat\/escolapaudelclos\/wp-content\/uploads\/usu2656\/2023\/11\/Sta-Cecilia-1024x768.jpg 1024w, https:\/\/agora.xtec.cat\/escolapaudelclos\/wp-content\/uploads\/usu2656\/2023\/11\/Sta-Cecilia-768x576.jpg 768w, https:\/\/agora.xtec.cat\/escolapaudelclos\/wp-content\/uploads\/usu2656\/2023\/11\/Sta-Cecilia-1536x1152.jpg 1536w, https:\/\/agora.xtec.cat\/escolapaudelclos\/wp-content\/uploads\/usu2656\/2023\/11\/Sta-Cecilia-200x150.jpg 200w\" sizes=\"auto, (max-width: 501px) 100vw, 501px\" \/><\/a><\/p>\n","protected":false},"excerpt":{"rendered":"<p>El passat divendres vam celebrar Santa Cec\u00edlia a l&#8217;escola, patrona dels i les m\u00fasics! Per tal de fer-ho vam tornar a gaudir de les audicions del nostre alumnat m\u00fasic i de l&#8217;actuaci\u00f3, en prim\u00edcia, de la nova coral de l&#8217;escola. Va ser una molt bonica i art\u00edstica jornada! Podeu trobar les fotos i v\u00eddeos a [&hellip;]<\/p>\n","protected":false},"author":1,"featured_media":2385,"comment_status":"open","ping_status":"closed","sticky":false,"template":"","format":"standard","meta":{"_bbp_topic_count":0,"_bbp_reply_count":0,"_bbp_total_topic_count":0,"_bbp_total_reply_count":0,"_bbp_voice_count":0,"_bbp_anonymous_reply_count":0,"_bbp_topic_count_hidden":0,"_bbp_reply_count_hidden":0,"_bbp_forum_subforum_count":0,"site-sidebar-layout":"default","site-content-layout":"","ast-site-content-layout":"","site-content-style":"default","site-sidebar-style":"default","ast-global-header-display":"","ast-banner-title-visibility":"","ast-main-header-display":"","ast-hfb-above-header-display":"","ast-hfb-below-header-display":"","ast-hfb-mobile-header-display":"","site-post-title":"","ast-breadcrumbs-content":"","ast-featured-img":"","footer-sml-layout":"","theme-transparent-header-meta":"","adv-header-id-meta":"","stick-header-meta":"","header-above-stick-meta":"","header-main-stick-meta":"","header-below-stick-meta":"","astra-migrate-meta-layouts":"default","ast-page-background-enabled":"default","ast-page-background-meta":{"desktop":{"background-color":"var(--ast-global-color-4)","background-image":"","background-repeat":"repeat","background-position":"center center","background-size":"auto","background-attachment":"scroll","background-type":"","background-media":"","overlay-type":"","overlay-color":"","overlay-opacity":"","overlay-gradient":""},"tablet":{"background-color":"","background-image":"","background-repeat":"repeat","background-position":"center center","background-size":"auto","background-attachment":"scroll","background-type":"","background-media":"","overlay-type":"","overlay-color":"","overlay-opacity":"","overlay-gradient":""},"mobile":{"background-color":"","background-image":"","background-repeat":"repeat","background-position":"center center","background-size":"auto","background-attachment":"scroll","background-type":"","background-media":"","overlay-type":"","overlay-color":"","overlay-opacity":"","overlay-gradient":""}},"ast-content-background-meta":{"desktop":{"background-color":"var(--ast-global-color-5)","background-image":"","background-repeat":"repeat","background-position":"center center","background-size":"auto","background-attachment":"scroll","background-type":"","background-media":"","overlay-type":"","overlay-color":"","overlay-opacity":"","overlay-gradient":""},"tablet":{"background-color":"var(--ast-global-color-5)","background-image":"","background-repeat":"repeat","background-position":"center center","background-size":"auto","background-attachment":"scroll","background-type":"","background-media":"","overlay-type":"","overlay-color":"","overlay-opacity":"","overlay-gradient":""},"mobile":{"background-color":"var(--ast-global-color-5)","background-image":"","background-repeat":"repeat","background-position":"center center","background-size":"auto","background-attachment":"scroll","background-type":"","background-media":"","overlay-type":"","overlay-color":"","overlay-opacity":"","overlay-gradient":""}},"footnotes":""},"categories":[5,1,4],"tags":[62,81,348,80],"class_list":["post-2384","post","type-post","status-publish","format-standard","has-post-thumbnail","hentry","category-primaria","category-general","category-portada","tag-escola-pau-delclos","tag-musica","tag-musics","tag-santa-cecilia"],"post_mailing_queue_ids":[],"_links":{"self":[{"href":"https:\/\/agora.xtec.cat\/escolapaudelclos\/wp-json\/wp\/v2\/posts\/2384","targetHints":{"allow":["GET"]}}],"collection":[{"href":"https:\/\/agora.xtec.cat\/escolapaudelclos\/wp-json\/wp\/v2\/posts"}],"about":[{"href":"https:\/\/agora.xtec.cat\/escolapaudelclos\/wp-json\/wp\/v2\/types\/post"}],"author":[{"embeddable":true,"href":"https:\/\/agora.xtec.cat\/escolapaudelclos\/wp-json\/wp\/v2\/users\/1"}],"replies":[{"embeddable":true,"href":"https:\/\/agora.xtec.cat\/escolapaudelclos\/wp-json\/wp\/v2\/comments?post=2384"}],"version-history":[{"count":6,"href":"https:\/\/agora.xtec.cat\/escolapaudelclos\/wp-json\/wp\/v2\/posts\/2384\/revisions"}],"predecessor-version":[{"id":2940,"href":"https:\/\/agora.xtec.cat\/escolapaudelclos\/wp-json\/wp\/v2\/posts\/2384\/revisions\/2940"}],"wp:featuredmedia":[{"embeddable":true,"href":"https:\/\/agora.xtec.cat\/escolapaudelclos\/wp-json\/wp\/v2\/media\/2385"}],"wp:attachment":[{"href":"https:\/\/agora.xtec.cat\/escolapaudelclos\/wp-json\/wp\/v2\/media?parent=2384"}],"wp:term":[{"taxonomy":"category","embeddable":true,"href":"https:\/\/agora.xtec.cat\/escolapaudelclos\/wp-json\/wp\/v2\/categories?post=2384"},{"taxonomy":"post_tag","embeddable":true,"href":"https:\/\/agora.xtec.cat\/escolapaudelclos\/wp-json\/wp\/v2\/tags?post=2384"}],"curies":[{"name":"wp","href":"https:\/\/api.w.org\/{rel}","templated":true}]}}