{"id":2159,"date":"2023-06-20T10:09:14","date_gmt":"2023-06-20T08:09:14","guid":{"rendered":"https:\/\/agora.xtec.cat\/escolapaudelclos\/?p=2159"},"modified":"2023-06-20T17:56:07","modified_gmt":"2023-06-20T15:56:07","slug":"comiat-de-lalumnat-de-6e-curs-22-23","status":"publish","type":"post","link":"https:\/\/agora.xtec.cat\/escolapaudelclos\/general\/comiat-de-lalumnat-de-6e-curs-22-23\/","title":{"rendered":"Comiat de l&#8217;alumnat de 6\u00e8"},"content":{"rendered":"<p>Emotiu acte el portat a terme el dilluns dia 19 de juny al Palau de Congressos de Tarragona per acomiadar l\u2019alumnat de 6\u00e8, nens i nenes que acaben una etapa molt important de la seva vida a l\u2019escola. Per celebrar-ho, vam organitzar aquesta emotiva trobada amb l&#8217;objectiu d&#8217;homenatjar l&#8217;alumnat, el professorat implicat i per encoratjar les fam\u00edlies a seguir al costat dels seus fills i filles en aquesta nova etapa que s&#8217;inicia.<\/p>\n<p>L\u2019esdeveniment, condu\u00eft per dos exalumnes del centre, va comptar amb un concert de guitarra a c\u00e0rrec dels protagonistes de l&#8217;esdeveniment, parlaments motivadors i engrescadors per part de la inspectora i de la directora del centre, v\u00eddeos emotius, can\u00e7ons, balls i entrega d&#8217;orles.<\/p>\n<p>Cal destacar la implicaci\u00f3 de les fam\u00edlies en la celebraci\u00f3, que va finalitzar amb berenar i festa a les instal\u00b7lacions de l\u2019escola. Una jornada inoblidable.<a href=\"https:\/\/agora.xtec.cat\/escolapaudelclos\/wp-content\/uploads\/usu2656\/2023\/06\/IMG_20230619_191815.jpg\"><img loading=\"lazy\" decoding=\"async\" class=\"alignnone size-large wp-image-2160\" src=\"https:\/\/agora.xtec.cat\/escolapaudelclos\/wp-content\/uploads\/usu2656\/2023\/06\/IMG_20230619_191815-1024x769.jpg\" alt=\"\" width=\"1024\" height=\"769\" srcset=\"https:\/\/agora.xtec.cat\/escolapaudelclos\/wp-content\/uploads\/usu2656\/2023\/06\/IMG_20230619_191815-1024x769.jpg 1024w, https:\/\/agora.xtec.cat\/escolapaudelclos\/wp-content\/uploads\/usu2656\/2023\/06\/IMG_20230619_191815-300x225.jpg 300w, https:\/\/agora.xtec.cat\/escolapaudelclos\/wp-content\/uploads\/usu2656\/2023\/06\/IMG_20230619_191815-768x577.jpg 768w, https:\/\/agora.xtec.cat\/escolapaudelclos\/wp-content\/uploads\/usu2656\/2023\/06\/IMG_20230619_191815-1536x1153.jpg 1536w, https:\/\/agora.xtec.cat\/escolapaudelclos\/wp-content\/uploads\/usu2656\/2023\/06\/IMG_20230619_191815-2048x1538.jpg 2048w, https:\/\/agora.xtec.cat\/escolapaudelclos\/wp-content\/uploads\/usu2656\/2023\/06\/IMG_20230619_191815-200x150.jpg 200w\" sizes=\"auto, (max-width: 1024px) 100vw, 1024px\" \/><\/a><\/p>\n","protected":false},"excerpt":{"rendered":"<p>Emotiu acte el portat a terme el dilluns dia 19 de juny al Palau de Congressos de Tarragona per acomiadar l\u2019alumnat de 6\u00e8, nens i nenes que acaben una etapa molt important de la seva vida a l\u2019escola. Per celebrar-ho, vam organitzar aquesta emotiva trobada amb l&#8217;objectiu d&#8217;homenatjar l&#8217;alumnat, el professorat implicat i per encoratjar [&hellip;]<\/p>\n","protected":false},"author":1,"featured_media":2160,"comment_status":"open","ping_status":"closed","sticky":false,"template":"","format":"standard","meta":{"_bbp_topic_count":0,"_bbp_reply_count":0,"_bbp_total_topic_count":0,"_bbp_total_reply_count":0,"_bbp_voice_count":0,"_bbp_anonymous_reply_count":0,"_bbp_topic_count_hidden":0,"_bbp_reply_count_hidden":0,"_bbp_forum_subforum_count":0,"site-sidebar-layout":"default","site-content-layout":"","ast-site-content-layout":"","site-content-style":"default","site-sidebar-style":"default","ast-global-header-display":"","ast-banner-title-visibility":"","ast-main-header-display":"","ast-hfb-above-header-display":"","ast-hfb-below-header-display":"","ast-hfb-mobile-header-display":"","site-post-title":"","ast-breadcrumbs-content":"","ast-featured-img":"","footer-sml-layout":"","theme-transparent-header-meta":"","adv-header-id-meta":"","stick-header-meta":"","header-above-stick-meta":"","header-main-stick-meta":"","header-below-stick-meta":"","astra-migrate-meta-layouts":"default","ast-page-background-enabled":"default","ast-page-background-meta":{"desktop":{"background-color":"var(--ast-global-color-4)","background-image":"","background-repeat":"repeat","background-position":"center center","background-size":"auto","background-attachment":"scroll","background-type":"","background-media":"","overlay-type":"","overlay-color":"","overlay-opacity":"","overlay-gradient":""},"tablet":{"background-color":"","background-image":"","background-repeat":"repeat","background-position":"center center","background-size":"auto","background-attachment":"scroll","background-type":"","background-media":"","overlay-type":"","overlay-color":"","overlay-opacity":"","overlay-gradient":""},"mobile":{"background-color":"","background-image":"","background-repeat":"repeat","background-position":"center center","background-size":"auto","background-attachment":"scroll","background-type":"","background-media":"","overlay-type":"","overlay-color":"","overlay-opacity":"","overlay-gradient":""}},"ast-content-background-meta":{"desktop":{"background-color":"var(--ast-global-color-5)","background-image":"","background-repeat":"repeat","background-position":"center center","background-size":"auto","background-attachment":"scroll","background-type":"","background-media":"","overlay-type":"","overlay-color":"","overlay-opacity":"","overlay-gradient":""},"tablet":{"background-color":"var(--ast-global-color-5)","background-image":"","background-repeat":"repeat","background-position":"center center","background-size":"auto","background-attachment":"scroll","background-type":"","background-media":"","overlay-type":"","overlay-color":"","overlay-opacity":"","overlay-gradient":""},"mobile":{"background-color":"var(--ast-global-color-5)","background-image":"","background-repeat":"repeat","background-position":"center center","background-size":"auto","background-attachment":"scroll","background-type":"","background-media":"","overlay-type":"","overlay-color":"","overlay-opacity":"","overlay-gradient":""}},"footnotes":""},"categories":[15,1,4],"tags":[303,305,201,304],"class_list":["post-2159","post","type-post","status-publish","format-standard","has-post-thumbnail","hentry","category-6e","category-general","category-portada","tag-comiat-6e","tag-coti-per-coti","tag-graduacio","tag-orles"],"post_mailing_queue_ids":[],"_links":{"self":[{"href":"https:\/\/agora.xtec.cat\/escolapaudelclos\/wp-json\/wp\/v2\/posts\/2159","targetHints":{"allow":["GET"]}}],"collection":[{"href":"https:\/\/agora.xtec.cat\/escolapaudelclos\/wp-json\/wp\/v2\/posts"}],"about":[{"href":"https:\/\/agora.xtec.cat\/escolapaudelclos\/wp-json\/wp\/v2\/types\/post"}],"author":[{"embeddable":true,"href":"https:\/\/agora.xtec.cat\/escolapaudelclos\/wp-json\/wp\/v2\/users\/1"}],"replies":[{"embeddable":true,"href":"https:\/\/agora.xtec.cat\/escolapaudelclos\/wp-json\/wp\/v2\/comments?post=2159"}],"version-history":[{"count":3,"href":"https:\/\/agora.xtec.cat\/escolapaudelclos\/wp-json\/wp\/v2\/posts\/2159\/revisions"}],"predecessor-version":[{"id":2163,"href":"https:\/\/agora.xtec.cat\/escolapaudelclos\/wp-json\/wp\/v2\/posts\/2159\/revisions\/2163"}],"wp:featuredmedia":[{"embeddable":true,"href":"https:\/\/agora.xtec.cat\/escolapaudelclos\/wp-json\/wp\/v2\/media\/2160"}],"wp:attachment":[{"href":"https:\/\/agora.xtec.cat\/escolapaudelclos\/wp-json\/wp\/v2\/media?parent=2159"}],"wp:term":[{"taxonomy":"category","embeddable":true,"href":"https:\/\/agora.xtec.cat\/escolapaudelclos\/wp-json\/wp\/v2\/categories?post=2159"},{"taxonomy":"post_tag","embeddable":true,"href":"https:\/\/agora.xtec.cat\/escolapaudelclos\/wp-json\/wp\/v2\/tags?post=2159"}],"curies":[{"name":"wp","href":"https:\/\/api.w.org\/{rel}","templated":true}]}}