{"id":2149,"date":"2023-06-19T11:45:43","date_gmt":"2023-06-19T09:45:43","guid":{"rendered":"https:\/\/agora.xtec.cat\/escolapaudelclos\/?p=2149"},"modified":"2023-06-19T11:46:08","modified_gmt":"2023-06-19T09:46:08","slug":"jornada-sobre-intelligencia-artificial-i-aprenentatge","status":"publish","type":"post","link":"https:\/\/agora.xtec.cat\/escolapaudelclos\/general\/jornada-sobre-intelligencia-artificial-i-aprenentatge\/","title":{"rendered":"Jornada sobre intel\u00b7lig\u00e8ncia artificial i aprenentatge"},"content":{"rendered":"<p>Durant el curs 22-23 un representaci\u00f3 de mestres del centre ha participat en el <em>Projecte [A]Intelligence<\/em>, un espai on s&#8217;han posat sobre la taula diferents eines d&#8217;intel\u00b7lig\u00e8ncia artificial i s&#8217;ha debatut sobre la seva incorporaci\u00f3 a l&#8217;aula i els seus possibles beneficis i inconvenients. Com a cloenda d&#8217;aquest projecte, el passat dilluns 12 de juny, vam participar en la jornada organitzada per l&#8217;Institut de Ci\u00e8ncies de l&#8217;Educaci\u00f3 (ICE) amb el t\u00edtol de<em> Intel\u00b7lig\u00e8ncia artificial, amena\u00e7a o oportunitat per l&#8217;aprenentatge,\u00a0<\/em>exposant el nostre punt de vista i algun exemple de proposta did\u00e0ctica amb l&#8217;\u00fas de la IA.<\/p>\n<p>A la jornada, agents del m\u00f3n educatiu en les seves diferents etapes, des de l&#8217;\u00e0mbit universitari passant per l&#8217;educaci\u00f3 secund\u00e0ria i la prim\u00e0ria, van mostrar diferents eines, possibles usos, visions i reflexions sobre l&#8217;impacte que la IA pot arribar a tenir dins del m\u00f3n educatiu.<\/p>\n<p>Us enllacem <a href=\"https:\/\/diaridigital.urv.cat\/mes-de-300-docents-de-totes-les-etapes-educatives-analitzen-limpacte-de-la-intelligencia-artificial-en-laprenentatge\/\">la not\u00edcia recollida al Diari Digital de la URV.<\/a><\/p>\n<p>&nbsp;<\/p>\n","protected":false},"excerpt":{"rendered":"<p>Durant el curs 22-23 un representaci\u00f3 de mestres del centre ha participat en el Projecte [A]Intelligence, un espai on s&#8217;han posat sobre la taula diferents eines d&#8217;intel\u00b7lig\u00e8ncia artificial i s&#8217;ha debatut sobre la seva incorporaci\u00f3 a l&#8217;aula i els seus possibles beneficis i inconvenients. Com a cloenda d&#8217;aquest projecte, el passat dilluns 12 de juny, [&hellip;]<\/p>\n","protected":false},"author":1,"featured_media":2150,"comment_status":"open","ping_status":"closed","sticky":false,"template":"","format":"standard","meta":{"_bbp_topic_count":0,"_bbp_reply_count":0,"_bbp_total_topic_count":0,"_bbp_total_reply_count":0,"_bbp_voice_count":0,"_bbp_anonymous_reply_count":0,"_bbp_topic_count_hidden":0,"_bbp_reply_count_hidden":0,"_bbp_forum_subforum_count":0,"site-sidebar-layout":"default","site-content-layout":"","ast-site-content-layout":"","site-content-style":"default","site-sidebar-style":"default","ast-global-header-display":"","ast-banner-title-visibility":"","ast-main-header-display":"","ast-hfb-above-header-display":"","ast-hfb-below-header-display":"","ast-hfb-mobile-header-display":"","site-post-title":"","ast-breadcrumbs-content":"","ast-featured-img":"","footer-sml-layout":"","theme-transparent-header-meta":"","adv-header-id-meta":"","stick-header-meta":"","header-above-stick-meta":"","header-main-stick-meta":"","header-below-stick-meta":"","astra-migrate-meta-layouts":"default","ast-page-background-enabled":"default","ast-page-background-meta":{"desktop":{"background-color":"var(--ast-global-color-4)","background-image":"","background-repeat":"repeat","background-position":"center center","background-size":"auto","background-attachment":"scroll","background-type":"","background-media":"","overlay-type":"","overlay-color":"","overlay-opacity":"","overlay-gradient":""},"tablet":{"background-color":"","background-image":"","background-repeat":"repeat","background-position":"center center","background-size":"auto","background-attachment":"scroll","background-type":"","background-media":"","overlay-type":"","overlay-color":"","overlay-opacity":"","overlay-gradient":""},"mobile":{"background-color":"","background-image":"","background-repeat":"repeat","background-position":"center center","background-size":"auto","background-attachment":"scroll","background-type":"","background-media":"","overlay-type":"","overlay-color":"","overlay-opacity":"","overlay-gradient":""}},"ast-content-background-meta":{"desktop":{"background-color":"var(--ast-global-color-5)","background-image":"","background-repeat":"repeat","background-position":"center center","background-size":"auto","background-attachment":"scroll","background-type":"","background-media":"","overlay-type":"","overlay-color":"","overlay-opacity":"","overlay-gradient":""},"tablet":{"background-color":"var(--ast-global-color-5)","background-image":"","background-repeat":"repeat","background-position":"center center","background-size":"auto","background-attachment":"scroll","background-type":"","background-media":"","overlay-type":"","overlay-color":"","overlay-opacity":"","overlay-gradient":""},"mobile":{"background-color":"var(--ast-global-color-5)","background-image":"","background-repeat":"repeat","background-position":"center center","background-size":"auto","background-attachment":"scroll","background-type":"","background-media":"","overlay-type":"","overlay-color":"","overlay-opacity":"","overlay-gradient":""}},"footnotes":""},"categories":[5,10,11,12,13,14,15,1,4],"tags":[299,297,298],"class_list":["post-2149","post","type-post","status-publish","format-standard","has-post-thumbnail","hentry","category-primaria","category-1r","category-2n","category-3r","category-4t","category-5e","category-6e","category-general","category-portada","tag-ice","tag-intelligencia-artificial","tag-urv"],"post_mailing_queue_ids":[],"_links":{"self":[{"href":"https:\/\/agora.xtec.cat\/escolapaudelclos\/wp-json\/wp\/v2\/posts\/2149","targetHints":{"allow":["GET"]}}],"collection":[{"href":"https:\/\/agora.xtec.cat\/escolapaudelclos\/wp-json\/wp\/v2\/posts"}],"about":[{"href":"https:\/\/agora.xtec.cat\/escolapaudelclos\/wp-json\/wp\/v2\/types\/post"}],"author":[{"embeddable":true,"href":"https:\/\/agora.xtec.cat\/escolapaudelclos\/wp-json\/wp\/v2\/users\/1"}],"replies":[{"embeddable":true,"href":"https:\/\/agora.xtec.cat\/escolapaudelclos\/wp-json\/wp\/v2\/comments?post=2149"}],"version-history":[{"count":1,"href":"https:\/\/agora.xtec.cat\/escolapaudelclos\/wp-json\/wp\/v2\/posts\/2149\/revisions"}],"predecessor-version":[{"id":2151,"href":"https:\/\/agora.xtec.cat\/escolapaudelclos\/wp-json\/wp\/v2\/posts\/2149\/revisions\/2151"}],"wp:featuredmedia":[{"embeddable":true,"href":"https:\/\/agora.xtec.cat\/escolapaudelclos\/wp-json\/wp\/v2\/media\/2150"}],"wp:attachment":[{"href":"https:\/\/agora.xtec.cat\/escolapaudelclos\/wp-json\/wp\/v2\/media?parent=2149"}],"wp:term":[{"taxonomy":"category","embeddable":true,"href":"https:\/\/agora.xtec.cat\/escolapaudelclos\/wp-json\/wp\/v2\/categories?post=2149"},{"taxonomy":"post_tag","embeddable":true,"href":"https:\/\/agora.xtec.cat\/escolapaudelclos\/wp-json\/wp\/v2\/tags?post=2149"}],"curies":[{"name":"wp","href":"https:\/\/api.w.org\/{rel}","templated":true}]}}