{"id":2019,"date":"2023-04-18T12:35:29","date_gmt":"2023-04-18T10:35:29","guid":{"rendered":"https:\/\/agora.xtec.cat\/escolapaudelclos\/?p=2019"},"modified":"2023-04-17T15:22:14","modified_gmt":"2023-04-17T13:22:14","slug":"3r-cantem-en-llengua-de-signes","status":"publish","type":"post","link":"https:\/\/agora.xtec.cat\/escolapaudelclos\/portada\/3r-cantem-en-llengua-de-signes\/","title":{"rendered":"3r &#8211; Cantem en llengua de signes"},"content":{"rendered":"<p style=\"text-align: left\">L&#8217;alumnat de 3r hem estat treballant la can\u00e7\u00f3 &#8220;Soc un cuiner&#8221; en llengua de signes. Ens ha agradat molt treballar-la ja que aix\u00f2 ens ha perm\u00e8s comprendre una mica millor que hi ha persones amb diferents capacitats i que tothom t\u00e9 dret a gaudir de la m\u00fasica i la cultura en general.<\/p>\n<p style=\"text-align: left\">A m\u00e9s, ens ha ajudat a desenvolupar les nostres habilitats comunicatives i ling\u00fc\u00edstiques en una llengua diferent a les que ja coneixem, de manera que ens ha servit per valorar encara m\u00e9s la import\u00e0ncia de la comunicaci\u00f3 i el respecte mutu cap a tothom.<\/p>\n<p style=\"text-align: left\">I tot plegat sense oblidar que ha estat una activitat molt divertida i creativa que ens ha estimulat la imaginaci\u00f3 i la creativitat!<\/p>\n<p style=\"text-align: left\">Esperem que ho gaudiu tant com nosaltres aprenent-ho!<\/p>\n<p><iframe loading=\"lazy\" src=\"https:\/\/drive.google.com\/file\/d\/1_lBzwF2l5Jv07uUM7cvLH27pKarjxfKP\/preview\" width=\"640\" height=\"480\"><\/iframe><\/p>\n","protected":false},"excerpt":{"rendered":"<p>L&#8217;alumnat de 3r hem estat treballant la can\u00e7\u00f3 &#8220;Soc un cuiner&#8221; en llengua de signes. Ens ha agradat molt treballar-la ja que aix\u00f2 ens ha perm\u00e8s comprendre una mica millor que hi ha persones amb diferents capacitats i que tothom t\u00e9 dret a gaudir de la m\u00fasica i la cultura en general. A m\u00e9s, ens [&hellip;]<\/p>\n","protected":false},"author":5,"featured_media":0,"comment_status":"open","ping_status":"closed","sticky":false,"template":"","format":"standard","meta":{"_bbp_topic_count":0,"_bbp_reply_count":0,"_bbp_total_topic_count":0,"_bbp_total_reply_count":0,"_bbp_voice_count":0,"_bbp_anonymous_reply_count":0,"_bbp_topic_count_hidden":0,"_bbp_reply_count_hidden":0,"_bbp_forum_subforum_count":0,"site-sidebar-layout":"default","site-content-layout":"","ast-site-content-layout":"","site-content-style":"default","site-sidebar-style":"default","ast-global-header-display":"","ast-banner-title-visibility":"","ast-main-header-display":"","ast-hfb-above-header-display":"","ast-hfb-below-header-display":"","ast-hfb-mobile-header-display":"","site-post-title":"","ast-breadcrumbs-content":"","ast-featured-img":"","footer-sml-layout":"","theme-transparent-header-meta":"","adv-header-id-meta":"","stick-header-meta":"","header-above-stick-meta":"","header-main-stick-meta":"","header-below-stick-meta":"","astra-migrate-meta-layouts":"default","ast-page-background-enabled":"default","ast-page-background-meta":{"desktop":{"background-color":"var(--ast-global-color-4)","background-image":"","background-repeat":"repeat","background-position":"center center","background-size":"auto","background-attachment":"scroll","background-type":"","background-media":"","overlay-type":"","overlay-color":"","overlay-opacity":"","overlay-gradient":""},"tablet":{"background-color":"","background-image":"","background-repeat":"repeat","background-position":"center center","background-size":"auto","background-attachment":"scroll","background-type":"","background-media":"","overlay-type":"","overlay-color":"","overlay-opacity":"","overlay-gradient":""},"mobile":{"background-color":"","background-image":"","background-repeat":"repeat","background-position":"center center","background-size":"auto","background-attachment":"scroll","background-type":"","background-media":"","overlay-type":"","overlay-color":"","overlay-opacity":"","overlay-gradient":""}},"ast-content-background-meta":{"desktop":{"background-color":"var(--ast-global-color-5)","background-image":"","background-repeat":"repeat","background-position":"center center","background-size":"auto","background-attachment":"scroll","background-type":"","background-media":"","overlay-type":"","overlay-color":"","overlay-opacity":"","overlay-gradient":""},"tablet":{"background-color":"var(--ast-global-color-5)","background-image":"","background-repeat":"repeat","background-position":"center center","background-size":"auto","background-attachment":"scroll","background-type":"","background-media":"","overlay-type":"","overlay-color":"","overlay-opacity":"","overlay-gradient":""},"mobile":{"background-color":"var(--ast-global-color-5)","background-image":"","background-repeat":"repeat","background-position":"center center","background-size":"auto","background-attachment":"scroll","background-type":"","background-media":"","overlay-type":"","overlay-color":"","overlay-opacity":"","overlay-gradient":""}},"footnotes":""},"categories":[5,12,4],"tags":[266,62,267,81],"class_list":["post-2019","post","type-post","status-publish","format-standard","hentry","category-primaria","category-3r","category-portada","tag-3r","tag-escola-pau-delclos","tag-llengua-de-signes-catalana","tag-musica"],"post_mailing_queue_ids":[],"_links":{"self":[{"href":"https:\/\/agora.xtec.cat\/escolapaudelclos\/wp-json\/wp\/v2\/posts\/2019","targetHints":{"allow":["GET"]}}],"collection":[{"href":"https:\/\/agora.xtec.cat\/escolapaudelclos\/wp-json\/wp\/v2\/posts"}],"about":[{"href":"https:\/\/agora.xtec.cat\/escolapaudelclos\/wp-json\/wp\/v2\/types\/post"}],"author":[{"embeddable":true,"href":"https:\/\/agora.xtec.cat\/escolapaudelclos\/wp-json\/wp\/v2\/users\/5"}],"replies":[{"embeddable":true,"href":"https:\/\/agora.xtec.cat\/escolapaudelclos\/wp-json\/wp\/v2\/comments?post=2019"}],"version-history":[{"count":3,"href":"https:\/\/agora.xtec.cat\/escolapaudelclos\/wp-json\/wp\/v2\/posts\/2019\/revisions"}],"predecessor-version":[{"id":2022,"href":"https:\/\/agora.xtec.cat\/escolapaudelclos\/wp-json\/wp\/v2\/posts\/2019\/revisions\/2022"}],"wp:attachment":[{"href":"https:\/\/agora.xtec.cat\/escolapaudelclos\/wp-json\/wp\/v2\/media?parent=2019"}],"wp:term":[{"taxonomy":"category","embeddable":true,"href":"https:\/\/agora.xtec.cat\/escolapaudelclos\/wp-json\/wp\/v2\/categories?post=2019"},{"taxonomy":"post_tag","embeddable":true,"href":"https:\/\/agora.xtec.cat\/escolapaudelclos\/wp-json\/wp\/v2\/tags?post=2019"}],"curies":[{"name":"wp","href":"https:\/\/api.w.org\/{rel}","templated":true}]}}