{"id":2008,"date":"2023-03-22T11:41:31","date_gmt":"2023-03-22T10:41:31","guid":{"rendered":"https:\/\/agora.xtec.cat\/escolapaudelclos\/?p=2008"},"modified":"2023-03-22T12:01:30","modified_gmt":"2023-03-22T11:01:30","slug":"aula-de-primavera-dolga-xirinacs","status":"publish","type":"post","link":"https:\/\/agora.xtec.cat\/escolapaudelclos\/general\/aula-de-primavera-dolga-xirinacs\/","title":{"rendered":"Aula de primavera d&#8217;Olga Xirinacs"},"content":{"rendered":"<div><\/div>\n<div>Dintre del Projecte <em>Dones emprenedores<\/em>, els grups de 4t van treballar l&#8217;escriptora\u00a0tarragonina Olga Xirinacs. La vam convidar a venir a l&#8217;escola i van realitzar una xerrada molt interessant i emotiva amb l&#8217;alumnat. Les tutores de 4t van regalar-li un dossier amb un recull dels treballs fets pels alumnes i fotografies de la trobada.<\/div>\n<div><\/div>\n<div>En agra\u00efment a les mestres de 4t, als nens i nenes i a l&#8217;Escola Pau Delcl\u00f2s, l&#8217;Olga Xirinacs ens ha creat un magn\u00edfic poema per nosaltres. Ja li hem enviat un correu de gratitud pel preci\u00f2s detall.<\/div>\n<div><\/div>\n<div><\/div>\n<div><a href=\"https:\/\/agora.xtec.cat\/escolapaudelclos\/wp-content\/uploads\/usu2656\/2023\/03\/aula-de-primavera-1.jpg\"><img loading=\"lazy\" decoding=\"async\" class=\"alignnone wp-image-2009\" src=\"https:\/\/agora.xtec.cat\/escolapaudelclos\/wp-content\/uploads\/usu2656\/2023\/03\/aula-de-primavera-1.jpg\" alt=\"\" width=\"269\" height=\"383\" srcset=\"https:\/\/agora.xtec.cat\/escolapaudelclos\/wp-content\/uploads\/usu2656\/2023\/03\/aula-de-primavera-1.jpg 397w, https:\/\/agora.xtec.cat\/escolapaudelclos\/wp-content\/uploads\/usu2656\/2023\/03\/aula-de-primavera-1-211x300.jpg 211w\" sizes=\"auto, (max-width: 269px) 100vw, 269px\" \/><\/a> <a href=\"https:\/\/agora.xtec.cat\/escolapaudelclos\/wp-content\/uploads\/usu2656\/2023\/03\/aula-de-primavera-2.jpg\"><img loading=\"lazy\" decoding=\"async\" class=\"alignnone wp-image-2010\" src=\"https:\/\/agora.xtec.cat\/escolapaudelclos\/wp-content\/uploads\/usu2656\/2023\/03\/aula-de-primavera-2.jpg\" alt=\"\" width=\"266\" height=\"382\" srcset=\"https:\/\/agora.xtec.cat\/escolapaudelclos\/wp-content\/uploads\/usu2656\/2023\/03\/aula-de-primavera-2.jpg 394w, https:\/\/agora.xtec.cat\/escolapaudelclos\/wp-content\/uploads\/usu2656\/2023\/03\/aula-de-primavera-2-209x300.jpg 209w\" sizes=\"auto, (max-width: 266px) 100vw, 266px\" \/><\/a><\/div>\n<div><\/div>\n","protected":false},"excerpt":{"rendered":"<p>Dintre del Projecte Dones emprenedores, els grups de 4t van treballar l&#8217;escriptora\u00a0tarragonina Olga Xirinacs. La vam convidar a venir a l&#8217;escola i van realitzar una xerrada molt interessant i emotiva amb l&#8217;alumnat. Les tutores de 4t van regalar-li un dossier amb un recull dels treballs fets pels alumnes i fotografies de la trobada. En agra\u00efment [&hellip;]<\/p>\n","protected":false},"author":1,"featured_media":0,"comment_status":"open","ping_status":"closed","sticky":false,"template":"","format":"standard","meta":{"_bbp_topic_count":0,"_bbp_reply_count":0,"_bbp_total_topic_count":0,"_bbp_total_reply_count":0,"_bbp_voice_count":0,"_bbp_anonymous_reply_count":0,"_bbp_topic_count_hidden":0,"_bbp_reply_count_hidden":0,"_bbp_forum_subforum_count":0,"site-sidebar-layout":"default","site-content-layout":"","ast-site-content-layout":"","site-content-style":"default","site-sidebar-style":"default","ast-global-header-display":"","ast-banner-title-visibility":"","ast-main-header-display":"","ast-hfb-above-header-display":"","ast-hfb-below-header-display":"","ast-hfb-mobile-header-display":"","site-post-title":"","ast-breadcrumbs-content":"","ast-featured-img":"","footer-sml-layout":"","theme-transparent-header-meta":"","adv-header-id-meta":"","stick-header-meta":"","header-above-stick-meta":"","header-main-stick-meta":"","header-below-stick-meta":"","astra-migrate-meta-layouts":"default","ast-page-background-enabled":"default","ast-page-background-meta":{"desktop":{"background-color":"var(--ast-global-color-4)","background-image":"","background-repeat":"repeat","background-position":"center center","background-size":"auto","background-attachment":"scroll","background-type":"","background-media":"","overlay-type":"","overlay-color":"","overlay-opacity":"","overlay-gradient":""},"tablet":{"background-color":"","background-image":"","background-repeat":"repeat","background-position":"center center","background-size":"auto","background-attachment":"scroll","background-type":"","background-media":"","overlay-type":"","overlay-color":"","overlay-opacity":"","overlay-gradient":""},"mobile":{"background-color":"","background-image":"","background-repeat":"repeat","background-position":"center center","background-size":"auto","background-attachment":"scroll","background-type":"","background-media":"","overlay-type":"","overlay-color":"","overlay-opacity":"","overlay-gradient":""}},"ast-content-background-meta":{"desktop":{"background-color":"var(--ast-global-color-5)","background-image":"","background-repeat":"repeat","background-position":"center center","background-size":"auto","background-attachment":"scroll","background-type":"","background-media":"","overlay-type":"","overlay-color":"","overlay-opacity":"","overlay-gradient":""},"tablet":{"background-color":"var(--ast-global-color-5)","background-image":"","background-repeat":"repeat","background-position":"center center","background-size":"auto","background-attachment":"scroll","background-type":"","background-media":"","overlay-type":"","overlay-color":"","overlay-opacity":"","overlay-gradient":""},"mobile":{"background-color":"var(--ast-global-color-5)","background-image":"","background-repeat":"repeat","background-position":"center center","background-size":"auto","background-attachment":"scroll","background-type":"","background-media":"","overlay-type":"","overlay-color":"","overlay-opacity":"","overlay-gradient":""}},"footnotes":""},"categories":[13,1,4],"tags":[265,139,62,179],"class_list":["post-2008","post","type-post","status-publish","format-standard","hentry","category-4t","category-general","category-portada","tag-aula-de-primavera","tag-dones-emprenedores","tag-escola-pau-delclos","tag-olga-xirinacs"],"post_mailing_queue_ids":[],"_links":{"self":[{"href":"https:\/\/agora.xtec.cat\/escolapaudelclos\/wp-json\/wp\/v2\/posts\/2008","targetHints":{"allow":["GET"]}}],"collection":[{"href":"https:\/\/agora.xtec.cat\/escolapaudelclos\/wp-json\/wp\/v2\/posts"}],"about":[{"href":"https:\/\/agora.xtec.cat\/escolapaudelclos\/wp-json\/wp\/v2\/types\/post"}],"author":[{"embeddable":true,"href":"https:\/\/agora.xtec.cat\/escolapaudelclos\/wp-json\/wp\/v2\/users\/1"}],"replies":[{"embeddable":true,"href":"https:\/\/agora.xtec.cat\/escolapaudelclos\/wp-json\/wp\/v2\/comments?post=2008"}],"version-history":[{"count":3,"href":"https:\/\/agora.xtec.cat\/escolapaudelclos\/wp-json\/wp\/v2\/posts\/2008\/revisions"}],"predecessor-version":[{"id":2015,"href":"https:\/\/agora.xtec.cat\/escolapaudelclos\/wp-json\/wp\/v2\/posts\/2008\/revisions\/2015"}],"wp:attachment":[{"href":"https:\/\/agora.xtec.cat\/escolapaudelclos\/wp-json\/wp\/v2\/media?parent=2008"}],"wp:term":[{"taxonomy":"category","embeddable":true,"href":"https:\/\/agora.xtec.cat\/escolapaudelclos\/wp-json\/wp\/v2\/categories?post=2008"},{"taxonomy":"post_tag","embeddable":true,"href":"https:\/\/agora.xtec.cat\/escolapaudelclos\/wp-json\/wp\/v2\/tags?post=2008"}],"curies":[{"name":"wp","href":"https:\/\/api.w.org\/{rel}","templated":true}]}}