{"id":1991,"date":"2023-03-09T09:00:06","date_gmt":"2023-03-09T08:00:06","guid":{"rendered":"https:\/\/agora.xtec.cat\/escolapaudelclos\/?p=1991"},"modified":"2023-03-09T10:31:22","modified_gmt":"2023-03-09T09:31:22","slug":"8-de-marc-dones-emprenedores-2","status":"publish","type":"post","link":"https:\/\/agora.xtec.cat\/escolapaudelclos\/general\/8-de-marc-dones-emprenedores-2\/","title":{"rendered":"8 de mar\u00e7, dones emprenedores"},"content":{"rendered":"<p>Un any m\u00e9s, l&#8217;alumnat de l&#8217;escola us presenta el projecte <em>Dones emprenedores<\/em>, un recorregut hist\u00f2ric que t\u00e9 com a protagonistes dones que han sigut referents dins del seu \u00e0mbit. El resultat d\u2019aquesta feina realitzada \u00e9s una fant\u00e0stica exposici\u00f3 que llueix al vest\u00edbul principal de l\u2019escola. Esperem que us agradi.<\/p>\n<table style=\"border-collapse: collapse; width: 62.1622%; height: 322px;\">\n<tbody>\n<tr style=\"height: 32px;\">\n<td style=\"width: 62.1622%; height: 32px;\" colspan=\"2\">DONES EMPRENEDORES<\/td>\n<\/tr>\n<tr style=\"height: 34px;\">\n<td style=\"width: 37.9729%; height: 34px;\"><span style=\"font-weight: 400;\">SONIA DELAUNAY<\/span><\/td>\n<td style=\"width: 24.1893%; height: 34px;\">I3<\/td>\n<\/tr>\n<tr style=\"height: 32px;\">\n<td style=\"width: 37.9729%; height: 32px;\">COCO CHANEL<\/td>\n<td style=\"width: 24.1893%; height: 32px;\">I4<\/td>\n<\/tr>\n<tr style=\"height: 32px;\">\n<td style=\"width: 37.9729%; height: 32px;\">COCO D\u00c1VEZ<\/td>\n<td style=\"width: 24.1893%; height: 32px;\">I5<\/td>\n<\/tr>\n<tr style=\"height: 32px;\">\n<td style=\"width: 37.9729%; height: 32px;\"><span style=\"font-weight: 400;\">MARY ANNING<\/span><\/td>\n<td style=\"width: 24.1893%; height: 32px;\">1r<\/td>\n<\/tr>\n<tr style=\"height: 32px;\">\n<td style=\"width: 37.9729%; height: 32px;\">CLE\u00d2PATRA<\/td>\n<td style=\"width: 24.1893%; height: 32px;\">2n<\/td>\n<\/tr>\n<tr style=\"height: 32px;\">\n<td style=\"width: 37.9729%; height: 32px;\">ARACELI SEGARRA<\/td>\n<td style=\"width: 24.1893%; height: 32px;\">3r<\/td>\n<\/tr>\n<tr style=\"height: 32px;\">\n<td style=\"width: 37.9729%; height: 32px;\">OLGA XIRINACS<\/td>\n<td style=\"width: 24.1893%; height: 32px;\">4t<\/td>\n<\/tr>\n<tr style=\"height: 32px;\">\n<td style=\"width: 37.9729%; height: 32px;\">MARIE CURIE<\/td>\n<td style=\"width: 24.1893%; height: 32px;\">5\u00e8<\/td>\n<\/tr>\n<tr style=\"height: 32px;\">\n<td style=\"width: 37.9729%; height: 32px;\">J. K. ROWLIING<\/td>\n<td style=\"width: 24.1893%; height: 32px;\">6\u00e8<\/td>\n<\/tr>\n<\/tbody>\n<\/table>\n<p><a href=\"https:\/\/agora.xtec.cat\/escolapaudelclos\/wp-content\/uploads\/usu2656\/2023\/03\/dones-emprenedores-1.png\"><img loading=\"lazy\" decoding=\"async\" class=\"alignnone size-full wp-image-1992\" src=\"https:\/\/agora.xtec.cat\/escolapaudelclos\/wp-content\/uploads\/usu2656\/2023\/03\/dones-emprenedores-1.png\" alt=\"\" width=\"1000\" height=\"800\" srcset=\"https:\/\/agora.xtec.cat\/escolapaudelclos\/wp-content\/uploads\/usu2656\/2023\/03\/dones-emprenedores-1.png 1000w, https:\/\/agora.xtec.cat\/escolapaudelclos\/wp-content\/uploads\/usu2656\/2023\/03\/dones-emprenedores-1-300x240.png 300w, https:\/\/agora.xtec.cat\/escolapaudelclos\/wp-content\/uploads\/usu2656\/2023\/03\/dones-emprenedores-1-768x614.png 768w\" sizes=\"auto, (max-width: 1000px) 100vw, 1000px\" \/><\/a><\/p>\n","protected":false},"excerpt":{"rendered":"<p>Un any m\u00e9s, l&#8217;alumnat de l&#8217;escola us presenta el projecte Dones emprenedores, un recorregut hist\u00f2ric que t\u00e9 com a protagonistes dones que han sigut referents dins del seu \u00e0mbit. El resultat d\u2019aquesta feina realitzada \u00e9s una fant\u00e0stica exposici\u00f3 que llueix al vest\u00edbul principal de l\u2019escola. Esperem que us agradi. DONES EMPRENEDORES SONIA DELAUNAY I3 COCO [&hellip;]<\/p>\n","protected":false},"author":1,"featured_media":1992,"comment_status":"open","ping_status":"closed","sticky":false,"template":"","format":"standard","meta":{"_bbp_topic_count":0,"_bbp_reply_count":0,"_bbp_total_topic_count":0,"_bbp_total_reply_count":0,"_bbp_voice_count":0,"_bbp_anonymous_reply_count":0,"_bbp_topic_count_hidden":0,"_bbp_reply_count_hidden":0,"_bbp_forum_subforum_count":0,"site-sidebar-layout":"default","site-content-layout":"","ast-site-content-layout":"","site-content-style":"default","site-sidebar-style":"default","ast-global-header-display":"","ast-banner-title-visibility":"","ast-main-header-display":"","ast-hfb-above-header-display":"","ast-hfb-below-header-display":"","ast-hfb-mobile-header-display":"","site-post-title":"","ast-breadcrumbs-content":"","ast-featured-img":"","footer-sml-layout":"","theme-transparent-header-meta":"","adv-header-id-meta":"","stick-header-meta":"","header-above-stick-meta":"","header-main-stick-meta":"","header-below-stick-meta":"","astra-migrate-meta-layouts":"default","ast-page-background-enabled":"default","ast-page-background-meta":{"desktop":{"background-color":"var(--ast-global-color-4)","background-image":"","background-repeat":"repeat","background-position":"center center","background-size":"auto","background-attachment":"scroll","background-type":"","background-media":"","overlay-type":"","overlay-color":"","overlay-opacity":"","overlay-gradient":""},"tablet":{"background-color":"","background-image":"","background-repeat":"repeat","background-position":"center center","background-size":"auto","background-attachment":"scroll","background-type":"","background-media":"","overlay-type":"","overlay-color":"","overlay-opacity":"","overlay-gradient":""},"mobile":{"background-color":"","background-image":"","background-repeat":"repeat","background-position":"center center","background-size":"auto","background-attachment":"scroll","background-type":"","background-media":"","overlay-type":"","overlay-color":"","overlay-opacity":"","overlay-gradient":""}},"ast-content-background-meta":{"desktop":{"background-color":"var(--ast-global-color-5)","background-image":"","background-repeat":"repeat","background-position":"center center","background-size":"auto","background-attachment":"scroll","background-type":"","background-media":"","overlay-type":"","overlay-color":"","overlay-opacity":"","overlay-gradient":""},"tablet":{"background-color":"var(--ast-global-color-5)","background-image":"","background-repeat":"repeat","background-position":"center center","background-size":"auto","background-attachment":"scroll","background-type":"","background-media":"","overlay-type":"","overlay-color":"","overlay-opacity":"","overlay-gradient":""},"mobile":{"background-color":"var(--ast-global-color-5)","background-image":"","background-repeat":"repeat","background-position":"center center","background-size":"auto","background-attachment":"scroll","background-type":"","background-media":"","overlay-type":"","overlay-color":"","overlay-opacity":"","overlay-gradient":""}},"footnotes":""},"categories":[10,11,12,13,14,15,1,3,8,9,4],"tags":[138,258,139,62],"class_list":["post-1991","post","type-post","status-publish","format-standard","has-post-thumbnail","hentry","category-1r","category-2n","category-3r","category-4t","category-5e","category-6e","category-general","category-i3","category-i4","category-i5","category-portada","tag-8-de-marc","tag-dia-de-la-dona-treballadora","tag-dones-emprenedores","tag-escola-pau-delclos"],"post_mailing_queue_ids":[],"_links":{"self":[{"href":"https:\/\/agora.xtec.cat\/escolapaudelclos\/wp-json\/wp\/v2\/posts\/1991","targetHints":{"allow":["GET"]}}],"collection":[{"href":"https:\/\/agora.xtec.cat\/escolapaudelclos\/wp-json\/wp\/v2\/posts"}],"about":[{"href":"https:\/\/agora.xtec.cat\/escolapaudelclos\/wp-json\/wp\/v2\/types\/post"}],"author":[{"embeddable":true,"href":"https:\/\/agora.xtec.cat\/escolapaudelclos\/wp-json\/wp\/v2\/users\/1"}],"replies":[{"embeddable":true,"href":"https:\/\/agora.xtec.cat\/escolapaudelclos\/wp-json\/wp\/v2\/comments?post=1991"}],"version-history":[{"count":2,"href":"https:\/\/agora.xtec.cat\/escolapaudelclos\/wp-json\/wp\/v2\/posts\/1991\/revisions"}],"predecessor-version":[{"id":1995,"href":"https:\/\/agora.xtec.cat\/escolapaudelclos\/wp-json\/wp\/v2\/posts\/1991\/revisions\/1995"}],"wp:featuredmedia":[{"embeddable":true,"href":"https:\/\/agora.xtec.cat\/escolapaudelclos\/wp-json\/wp\/v2\/media\/1992"}],"wp:attachment":[{"href":"https:\/\/agora.xtec.cat\/escolapaudelclos\/wp-json\/wp\/v2\/media?parent=1991"}],"wp:term":[{"taxonomy":"category","embeddable":true,"href":"https:\/\/agora.xtec.cat\/escolapaudelclos\/wp-json\/wp\/v2\/categories?post=1991"},{"taxonomy":"post_tag","embeddable":true,"href":"https:\/\/agora.xtec.cat\/escolapaudelclos\/wp-json\/wp\/v2\/tags?post=1991"}],"curies":[{"name":"wp","href":"https:\/\/api.w.org\/{rel}","templated":true}]}}