{"id":1740,"date":"2022-11-24T10:46:19","date_gmt":"2022-11-24T09:46:19","guid":{"rendered":"https:\/\/agora.xtec.cat\/escolapaudelclos\/?p=1740"},"modified":"2022-11-24T10:46:19","modified_gmt":"2022-11-24T09:46:19","slug":"santa-cecilia-a-lescola","status":"publish","type":"post","link":"https:\/\/agora.xtec.cat\/escolapaudelclos\/portada\/santa-cecilia-a-lescola\/","title":{"rendered":"Santa Cec\u00edlia a l&#8217;escola"},"content":{"rendered":"<p>Avui, com cada 22 de novembre, hem celebrat Santa Cec\u00edlia a l&#8217;escola, patrona dels i les m\u00fasics.<\/p>\n<p>Enguany, i despr\u00e9s de 3 cursos sense poder-ho fer amb normalitat degut a la pand\u00e8mia, hem tornat a gaudir del concert en directe dels companys i companyes de l&#8217;escola que toquen algun instrument.<\/p>\n<p>Aix\u00ed doncs, al llarg del mat\u00ed, els i les m\u00fasics han ofert 3 concerts per tal que tot l&#8217;alumnat de prim\u00e0ria el pogu\u00e9s gaudir.<\/p>\n<p>A m\u00e9s, no nom\u00e9s hem pogut escoltar un munt d\u2019instruments diferents sin\u00f3 que hem pogut veure representades totes les fam\u00edlies d\u2019instruments (vent, corda i percussi\u00f3) i a m\u00e9s a m\u00e9s els diferents tipus dins de cadascuna d\u2019aquestes (vent-fusta i vent-metall i corda polsada, fregada i percudida). Els i les m\u00fasics ens han explicat cada un dels seus instruments, les seves parts, com es toca&#8230; a la vegada que s\u2019han presentat tot dient-nos el nom, el curs i els anys que fa que toquen aquell instrument. Ha estat molt interessant poder veure i escoltar en directe el timbal, la trompa, la flauta travessera, la guitarra cl\u00e0ssica, la guitarra el\u00e8ctrica, el viol\u00ed, el violoncel i el piano.<\/p>\n<p>La veritat \u00e9s que ens ho hem passat d\u2019all\u00f2 m\u00e9s b\u00e9 gaudint de les seves interpretacions i explicacions! Enhorabona m\u00fasics!<\/p>\n<p>Feli\u00e7 Santa Cec\u00edlia a tothom i visca la m\u00fasica!<\/p>\n<p>&nbsp;<\/p>\n","protected":false},"excerpt":{"rendered":"<p>Avui, com cada 22 de novembre, hem celebrat Santa Cec\u00edlia a l&#8217;escola, patrona dels i les m\u00fasics. Enguany, i despr\u00e9s de 3 cursos sense poder-ho fer amb normalitat degut a la pand\u00e8mia, hem tornat a gaudir del concert en directe dels companys i companyes de l&#8217;escola que toquen algun instrument. Aix\u00ed doncs, al llarg del [&hellip;]<\/p>\n","protected":false},"author":5,"featured_media":1744,"comment_status":"open","ping_status":"closed","sticky":false,"template":"","format":"standard","meta":{"_bbp_topic_count":0,"_bbp_reply_count":0,"_bbp_total_topic_count":0,"_bbp_total_reply_count":0,"_bbp_voice_count":0,"_bbp_anonymous_reply_count":0,"_bbp_topic_count_hidden":0,"_bbp_reply_count_hidden":0,"_bbp_forum_subforum_count":0,"site-sidebar-layout":"default","site-content-layout":"","ast-site-content-layout":"","site-content-style":"default","site-sidebar-style":"default","ast-global-header-display":"","ast-banner-title-visibility":"","ast-main-header-display":"","ast-hfb-above-header-display":"","ast-hfb-below-header-display":"","ast-hfb-mobile-header-display":"","site-post-title":"","ast-breadcrumbs-content":"","ast-featured-img":"","footer-sml-layout":"","theme-transparent-header-meta":"","adv-header-id-meta":"","stick-header-meta":"","header-above-stick-meta":"","header-main-stick-meta":"","header-below-stick-meta":"","astra-migrate-meta-layouts":"default","ast-page-background-enabled":"default","ast-page-background-meta":{"desktop":{"background-color":"var(--ast-global-color-4)","background-image":"","background-repeat":"repeat","background-position":"center center","background-size":"auto","background-attachment":"scroll","background-type":"","background-media":"","overlay-type":"","overlay-color":"","overlay-opacity":"","overlay-gradient":""},"tablet":{"background-color":"","background-image":"","background-repeat":"repeat","background-position":"center center","background-size":"auto","background-attachment":"scroll","background-type":"","background-media":"","overlay-type":"","overlay-color":"","overlay-opacity":"","overlay-gradient":""},"mobile":{"background-color":"","background-image":"","background-repeat":"repeat","background-position":"center center","background-size":"auto","background-attachment":"scroll","background-type":"","background-media":"","overlay-type":"","overlay-color":"","overlay-opacity":"","overlay-gradient":""}},"ast-content-background-meta":{"desktop":{"background-color":"var(--ast-global-color-5)","background-image":"","background-repeat":"repeat","background-position":"center center","background-size":"auto","background-attachment":"scroll","background-type":"","background-media":"","overlay-type":"","overlay-color":"","overlay-opacity":"","overlay-gradient":""},"tablet":{"background-color":"var(--ast-global-color-5)","background-image":"","background-repeat":"repeat","background-position":"center center","background-size":"auto","background-attachment":"scroll","background-type":"","background-media":"","overlay-type":"","overlay-color":"","overlay-opacity":"","overlay-gradient":""},"mobile":{"background-color":"var(--ast-global-color-5)","background-image":"","background-repeat":"repeat","background-position":"center center","background-size":"auto","background-attachment":"scroll","background-type":"","background-media":"","overlay-type":"","overlay-color":"","overlay-opacity":"","overlay-gradient":""}},"footnotes":""},"categories":[5,10,11,12,13,14,15,4],"tags":[62,81,80],"class_list":["post-1740","post","type-post","status-publish","format-standard","has-post-thumbnail","hentry","category-primaria","category-1r","category-2n","category-3r","category-4t","category-5e","category-6e","category-portada","tag-escola-pau-delclos","tag-musica","tag-santa-cecilia"],"post_mailing_queue_ids":[],"_links":{"self":[{"href":"https:\/\/agora.xtec.cat\/escolapaudelclos\/wp-json\/wp\/v2\/posts\/1740","targetHints":{"allow":["GET"]}}],"collection":[{"href":"https:\/\/agora.xtec.cat\/escolapaudelclos\/wp-json\/wp\/v2\/posts"}],"about":[{"href":"https:\/\/agora.xtec.cat\/escolapaudelclos\/wp-json\/wp\/v2\/types\/post"}],"author":[{"embeddable":true,"href":"https:\/\/agora.xtec.cat\/escolapaudelclos\/wp-json\/wp\/v2\/users\/5"}],"replies":[{"embeddable":true,"href":"https:\/\/agora.xtec.cat\/escolapaudelclos\/wp-json\/wp\/v2\/comments?post=1740"}],"version-history":[{"count":2,"href":"https:\/\/agora.xtec.cat\/escolapaudelclos\/wp-json\/wp\/v2\/posts\/1740\/revisions"}],"predecessor-version":[{"id":1745,"href":"https:\/\/agora.xtec.cat\/escolapaudelclos\/wp-json\/wp\/v2\/posts\/1740\/revisions\/1745"}],"wp:featuredmedia":[{"embeddable":true,"href":"https:\/\/agora.xtec.cat\/escolapaudelclos\/wp-json\/wp\/v2\/media\/1744"}],"wp:attachment":[{"href":"https:\/\/agora.xtec.cat\/escolapaudelclos\/wp-json\/wp\/v2\/media?parent=1740"}],"wp:term":[{"taxonomy":"category","embeddable":true,"href":"https:\/\/agora.xtec.cat\/escolapaudelclos\/wp-json\/wp\/v2\/categories?post=1740"},{"taxonomy":"post_tag","embeddable":true,"href":"https:\/\/agora.xtec.cat\/escolapaudelclos\/wp-json\/wp\/v2\/tags?post=1740"}],"curies":[{"name":"wp","href":"https:\/\/api.w.org\/{rel}","templated":true}]}}