{"id":1725,"date":"2022-11-06T09:31:17","date_gmt":"2022-11-06T08:31:17","guid":{"rendered":"https:\/\/agora.xtec.cat\/escolapaudelclos\/?p=1725"},"modified":"2022-11-06T09:31:17","modified_gmt":"2022-11-06T08:31:17","slug":"els-tallers-dinfantil","status":"publish","type":"post","link":"https:\/\/agora.xtec.cat\/escolapaudelclos\/infantil\/els-tallers-dinfantil\/","title":{"rendered":"Els tallers d&#8217;Infantil"},"content":{"rendered":"<p>A Educaci\u00f3 Infantil, creem en l&#8217;educaci\u00f3 internivell per esperonar als infants a la cerca de la seva autonomia i est\u00edmul en les seves relacions socials. \u00c9s per aix\u00f2 que els nens i nenes d&#8217;EI 3, EI 4 i EI 5 poden gaudir d&#8217;aquests 8 tallers:<\/p>\n<ul style=\"list-style-type: circle\">\n<li>TALLER DE NATURA &#8220;&#8230; a trav\u00e9s del personatge del nostre conte, ens apropem a la natura, descobrim com se sent en diferents situacions i recreem escenaris creats amb elements naturals.&#8221;<\/li>\n<li>TALLER DE CONSTRUCCIONS &#8220;&#8230; desenvolupem la creativitat i la imaginaci\u00f3: constru\u00efm el nostre petit m\u00f3n, classifiquem peces, aprenem els colors, observem el volum&#8230;&#8221;<\/li>\n<li>TALLER ART\u00cdSTIC &#8220;&#8230; fomentem la sensibilitat art\u00edstica&#8221;<\/li>\n<li>TALLER DE DISFRESSES &#8220;Ens encanta imitar personatges i somiar amb les nostres hist\u00f2ries preferides!&#8221;<\/li>\n<li>TALLER DE GRAFOMOTRICITAT &#8220;Que macos i maques quedarem quan aquest collaret ens posarem!&#8221;<\/li>\n<li>TALLER D&#8217;EXPRESSI\u00d3 CORPORAL &#8220;&#8230; aprenem a gaudir, relaxar-nos i comunicar-nos a trav\u00e9s del moviment del nostre cos.&#8221;<\/li>\n<li>TALLER DE GRAFISME CREATIU &#8220;&#8230; per mitj\u00e0 de l&#8217;autor\u00a0<span class=\"hiddenSpellError\">Herv\u00e9<\/span>\u00a0<span class=\"hiddenSpellError\">Tullet<\/span> els infants cerquen la creativitat.&#8221;<\/li>\n<li>TALLER DE LLUM &#8220;&#8230; indaguem les m\u00faltiples maneres d&#8217;explorar amb la llum i les ombres segons diverses propostes relacionades amb l&#8217;\u00e8poca de l&#8217;any.&#8221;<\/li>\n<\/ul>\n<p>&nbsp;<\/p>\n<p><a href=\"https:\/\/agora.xtec.cat\/escolapaudelclos\/wp-content\/uploads\/usu2656\/2022\/11\/TALLERS-INFANTIL-2.jpg\"><img loading=\"lazy\" decoding=\"async\" class=\"aligncenter size-large wp-image-1734\" src=\"https:\/\/agora.xtec.cat\/escolapaudelclos\/wp-content\/uploads\/usu2656\/2022\/11\/TALLERS-INFANTIL-2-1024x819.jpg\" alt=\"\" width=\"1024\" height=\"819\" srcset=\"https:\/\/agora.xtec.cat\/escolapaudelclos\/wp-content\/uploads\/usu2656\/2022\/11\/TALLERS-INFANTIL-2-1024x819.jpg 1024w, https:\/\/agora.xtec.cat\/escolapaudelclos\/wp-content\/uploads\/usu2656\/2022\/11\/TALLERS-INFANTIL-2-300x240.jpg 300w, https:\/\/agora.xtec.cat\/escolapaudelclos\/wp-content\/uploads\/usu2656\/2022\/11\/TALLERS-INFANTIL-2-768x614.jpg 768w, https:\/\/agora.xtec.cat\/escolapaudelclos\/wp-content\/uploads\/usu2656\/2022\/11\/TALLERS-INFANTIL-2-1536x1229.jpg 1536w, https:\/\/agora.xtec.cat\/escolapaudelclos\/wp-content\/uploads\/usu2656\/2022\/11\/TALLERS-INFANTIL-2.jpg 2000w\" sizes=\"auto, (max-width: 1024px) 100vw, 1024px\" \/><\/a><\/p>\n<p>&nbsp;<\/p>\n","protected":false},"excerpt":{"rendered":"<p>A Educaci\u00f3 Infantil, creem en l&#8217;educaci\u00f3 internivell per esperonar als infants a la cerca de la seva autonomia i est\u00edmul en les seves relacions socials. \u00c9s per aix\u00f2 que els nens i nenes d&#8217;EI 3, EI 4 i EI 5 poden gaudir d&#8217;aquests 8 tallers: TALLER DE NATURA &#8220;&#8230; a trav\u00e9s del personatge del nostre [&hellip;]<\/p>\n","protected":false},"author":1,"featured_media":1734,"comment_status":"closed","ping_status":"closed","sticky":false,"template":"","format":"standard","meta":{"_bbp_topic_count":0,"_bbp_reply_count":0,"_bbp_total_topic_count":0,"_bbp_total_reply_count":0,"_bbp_voice_count":0,"_bbp_anonymous_reply_count":0,"_bbp_topic_count_hidden":0,"_bbp_reply_count_hidden":0,"_bbp_forum_subforum_count":0,"site-sidebar-layout":"default","site-content-layout":"","ast-site-content-layout":"","site-content-style":"default","site-sidebar-style":"default","ast-global-header-display":"","ast-banner-title-visibility":"","ast-main-header-display":"","ast-hfb-above-header-display":"","ast-hfb-below-header-display":"","ast-hfb-mobile-header-display":"","site-post-title":"","ast-breadcrumbs-content":"","ast-featured-img":"","footer-sml-layout":"","theme-transparent-header-meta":"","adv-header-id-meta":"","stick-header-meta":"","header-above-stick-meta":"","header-main-stick-meta":"","header-below-stick-meta":"","astra-migrate-meta-layouts":"default","ast-page-background-enabled":"default","ast-page-background-meta":{"desktop":{"background-color":"var(--ast-global-color-4)","background-image":"","background-repeat":"repeat","background-position":"center center","background-size":"auto","background-attachment":"scroll","background-type":"","background-media":"","overlay-type":"","overlay-color":"","overlay-opacity":"","overlay-gradient":""},"tablet":{"background-color":"","background-image":"","background-repeat":"repeat","background-position":"center center","background-size":"auto","background-attachment":"scroll","background-type":"","background-media":"","overlay-type":"","overlay-color":"","overlay-opacity":"","overlay-gradient":""},"mobile":{"background-color":"","background-image":"","background-repeat":"repeat","background-position":"center center","background-size":"auto","background-attachment":"scroll","background-type":"","background-media":"","overlay-type":"","overlay-color":"","overlay-opacity":"","overlay-gradient":""}},"ast-content-background-meta":{"desktop":{"background-color":"var(--ast-global-color-5)","background-image":"","background-repeat":"repeat","background-position":"center center","background-size":"auto","background-attachment":"scroll","background-type":"","background-media":"","overlay-type":"","overlay-color":"","overlay-opacity":"","overlay-gradient":""},"tablet":{"background-color":"var(--ast-global-color-5)","background-image":"","background-repeat":"repeat","background-position":"center center","background-size":"auto","background-attachment":"scroll","background-type":"","background-media":"","overlay-type":"","overlay-color":"","overlay-opacity":"","overlay-gradient":""},"mobile":{"background-color":"var(--ast-global-color-5)","background-image":"","background-repeat":"repeat","background-position":"center center","background-size":"auto","background-attachment":"scroll","background-type":"","background-media":"","overlay-type":"","overlay-color":"","overlay-opacity":"","overlay-gradient":""}},"footnotes":""},"categories":[2,3,8,9,4],"tags":[222,178,221,220,218,219],"class_list":["post-1725","post","type-post","status-publish","format-standard","has-post-thumbnail","hentry","category-infantil","category-i3","category-i4","category-i5","category-portada","tag-educacio","tag-educacio-infantil","tag-internivell","tag-metodologies","tag-tallers","tag-tallers-infantil"],"post_mailing_queue_ids":[],"_links":{"self":[{"href":"https:\/\/agora.xtec.cat\/escolapaudelclos\/wp-json\/wp\/v2\/posts\/1725","targetHints":{"allow":["GET"]}}],"collection":[{"href":"https:\/\/agora.xtec.cat\/escolapaudelclos\/wp-json\/wp\/v2\/posts"}],"about":[{"href":"https:\/\/agora.xtec.cat\/escolapaudelclos\/wp-json\/wp\/v2\/types\/post"}],"author":[{"embeddable":true,"href":"https:\/\/agora.xtec.cat\/escolapaudelclos\/wp-json\/wp\/v2\/users\/1"}],"replies":[{"embeddable":true,"href":"https:\/\/agora.xtec.cat\/escolapaudelclos\/wp-json\/wp\/v2\/comments?post=1725"}],"version-history":[{"count":3,"href":"https:\/\/agora.xtec.cat\/escolapaudelclos\/wp-json\/wp\/v2\/posts\/1725\/revisions"}],"predecessor-version":[{"id":1735,"href":"https:\/\/agora.xtec.cat\/escolapaudelclos\/wp-json\/wp\/v2\/posts\/1725\/revisions\/1735"}],"wp:featuredmedia":[{"embeddable":true,"href":"https:\/\/agora.xtec.cat\/escolapaudelclos\/wp-json\/wp\/v2\/media\/1734"}],"wp:attachment":[{"href":"https:\/\/agora.xtec.cat\/escolapaudelclos\/wp-json\/wp\/v2\/media?parent=1725"}],"wp:term":[{"taxonomy":"category","embeddable":true,"href":"https:\/\/agora.xtec.cat\/escolapaudelclos\/wp-json\/wp\/v2\/categories?post=1725"},{"taxonomy":"post_tag","embeddable":true,"href":"https:\/\/agora.xtec.cat\/escolapaudelclos\/wp-json\/wp\/v2\/tags?post=1725"}],"curies":[{"name":"wp","href":"https:\/\/api.w.org\/{rel}","templated":true}]}}