{"id":1555,"date":"2022-06-08T12:10:58","date_gmt":"2022-06-08T10:10:58","guid":{"rendered":"https:\/\/agora.xtec.cat\/escolapaudelclos\/?p=1555"},"modified":"2022-06-08T12:13:19","modified_gmt":"2022-06-08T10:13:19","slug":"la-veu-de-la-terra","status":"publish","type":"post","link":"https:\/\/agora.xtec.cat\/escolapaudelclos\/portada\/la-veu-de-la-terra\/","title":{"rendered":"LA VEU DE LA TERRA"},"content":{"rendered":"<p>El passat diumenge 6 de juny, alumnes de 6\u00e8 de l&#8217;escola van participar a la cantata la VEU de la TERRA. L&#8217;acte, celebrat al Teatre Fortuny de Reus i organitzat pel Petit Taller de can\u00e7ons, va estar format per 9 cants i 8 clams intermedis.<\/p>\n<p>El protagonista de l&#8217;actuaci\u00f3 \u00e9s el nostre planeta, que aixeca la veu per denunciar els atacs que est\u00e0 rebent des de fa massa temps.<\/p>\n<p>Tots els presents van gaudir de l&#8217;espectacle que va resultar emocionant.<\/p>\n<p><a href=\"https:\/\/drive.google.com\/file\/d\/1thXXjZz4P7ZxEmkx0oIOEZrkUEz0rrlM\/view?usp=sharing\">PROGRAMA DEL CONCERT<\/a><\/p>\n<p><a href=\"https:\/\/drive.google.com\/drive\/folders\/1mFFcMwny6jc6_4ChQ4NRvWHw068iYJlO?usp=sharing\">IMATGES DE LA CANTATA<\/a><\/p>\n<p><a href=\"https:\/\/www.youtube.com\/watch?v=Lhv2ZIZVj7M\">V\u00cdDEO DE LA CANTATA<\/a><\/p>\n<p>Foto destacada de @dseny17<\/p>\n<p>&nbsp;<\/p>\n","protected":false},"excerpt":{"rendered":"<p>El passat diumenge 6 de juny, alumnes de 6\u00e8 de l&#8217;escola van participar a la cantata la VEU de la TERRA. L&#8217;acte, celebrat al Teatre Fortuny de Reus i organitzat pel Petit Taller de can\u00e7ons, va estar format per 9 cants i 8 clams intermedis. El protagonista de l&#8217;actuaci\u00f3 \u00e9s el nostre planeta, que aixeca [&hellip;]<\/p>\n","protected":false},"author":1,"featured_media":1556,"comment_status":"open","ping_status":"closed","sticky":false,"template":"","format":"standard","meta":{"_bbp_topic_count":0,"_bbp_reply_count":0,"_bbp_total_topic_count":0,"_bbp_total_reply_count":0,"_bbp_voice_count":0,"_bbp_anonymous_reply_count":0,"_bbp_topic_count_hidden":0,"_bbp_reply_count_hidden":0,"_bbp_forum_subforum_count":0,"site-sidebar-layout":"default","site-content-layout":"","ast-site-content-layout":"","site-content-style":"default","site-sidebar-style":"default","ast-global-header-display":"","ast-banner-title-visibility":"","ast-main-header-display":"","ast-hfb-above-header-display":"","ast-hfb-below-header-display":"","ast-hfb-mobile-header-display":"","site-post-title":"","ast-breadcrumbs-content":"","ast-featured-img":"","footer-sml-layout":"","theme-transparent-header-meta":"","adv-header-id-meta":"","stick-header-meta":"","header-above-stick-meta":"","header-main-stick-meta":"","header-below-stick-meta":"","astra-migrate-meta-layouts":"default","ast-page-background-enabled":"default","ast-page-background-meta":{"desktop":{"background-color":"var(--ast-global-color-4)","background-image":"","background-repeat":"repeat","background-position":"center center","background-size":"auto","background-attachment":"scroll","background-type":"","background-media":"","overlay-type":"","overlay-color":"","overlay-opacity":"","overlay-gradient":""},"tablet":{"background-color":"","background-image":"","background-repeat":"repeat","background-position":"center center","background-size":"auto","background-attachment":"scroll","background-type":"","background-media":"","overlay-type":"","overlay-color":"","overlay-opacity":"","overlay-gradient":""},"mobile":{"background-color":"","background-image":"","background-repeat":"repeat","background-position":"center center","background-size":"auto","background-attachment":"scroll","background-type":"","background-media":"","overlay-type":"","overlay-color":"","overlay-opacity":"","overlay-gradient":""}},"ast-content-background-meta":{"desktop":{"background-color":"var(--ast-global-color-5)","background-image":"","background-repeat":"repeat","background-position":"center center","background-size":"auto","background-attachment":"scroll","background-type":"","background-media":"","overlay-type":"","overlay-color":"","overlay-opacity":"","overlay-gradient":""},"tablet":{"background-color":"var(--ast-global-color-5)","background-image":"","background-repeat":"repeat","background-position":"center center","background-size":"auto","background-attachment":"scroll","background-type":"","background-media":"","overlay-type":"","overlay-color":"","overlay-opacity":"","overlay-gradient":""},"mobile":{"background-color":"var(--ast-global-color-5)","background-image":"","background-repeat":"repeat","background-position":"center center","background-size":"auto","background-attachment":"scroll","background-type":"","background-media":"","overlay-type":"","overlay-color":"","overlay-opacity":"","overlay-gradient":""}},"footnotes":""},"categories":[15,4],"tags":[195,194,196,197],"class_list":["post-1555","post","type-post","status-publish","format-standard","has-post-thumbnail","hentry","category-6e","category-portada","tag-cantata","tag-la-veu-de-la-terra","tag-petit-taller-de-cancons","tag-teatre-fortuny"],"post_mailing_queue_ids":[],"_links":{"self":[{"href":"https:\/\/agora.xtec.cat\/escolapaudelclos\/wp-json\/wp\/v2\/posts\/1555","targetHints":{"allow":["GET"]}}],"collection":[{"href":"https:\/\/agora.xtec.cat\/escolapaudelclos\/wp-json\/wp\/v2\/posts"}],"about":[{"href":"https:\/\/agora.xtec.cat\/escolapaudelclos\/wp-json\/wp\/v2\/types\/post"}],"author":[{"embeddable":true,"href":"https:\/\/agora.xtec.cat\/escolapaudelclos\/wp-json\/wp\/v2\/users\/1"}],"replies":[{"embeddable":true,"href":"https:\/\/agora.xtec.cat\/escolapaudelclos\/wp-json\/wp\/v2\/comments?post=1555"}],"version-history":[{"count":2,"href":"https:\/\/agora.xtec.cat\/escolapaudelclos\/wp-json\/wp\/v2\/posts\/1555\/revisions"}],"predecessor-version":[{"id":1558,"href":"https:\/\/agora.xtec.cat\/escolapaudelclos\/wp-json\/wp\/v2\/posts\/1555\/revisions\/1558"}],"wp:featuredmedia":[{"embeddable":true,"href":"https:\/\/agora.xtec.cat\/escolapaudelclos\/wp-json\/wp\/v2\/media\/1556"}],"wp:attachment":[{"href":"https:\/\/agora.xtec.cat\/escolapaudelclos\/wp-json\/wp\/v2\/media?parent=1555"}],"wp:term":[{"taxonomy":"category","embeddable":true,"href":"https:\/\/agora.xtec.cat\/escolapaudelclos\/wp-json\/wp\/v2\/categories?post=1555"},{"taxonomy":"post_tag","embeddable":true,"href":"https:\/\/agora.xtec.cat\/escolapaudelclos\/wp-json\/wp\/v2\/tags?post=1555"}],"curies":[{"name":"wp","href":"https:\/\/api.w.org\/{rel}","templated":true}]}}