{"id":1370,"date":"2022-05-16T15:14:06","date_gmt":"2022-05-16T13:14:06","guid":{"rendered":"https:\/\/agora.xtec.cat\/escolapaudelclos\/?p=1370"},"modified":"2022-05-16T15:16:32","modified_gmt":"2022-05-16T13:16:32","slug":"un-arbre-per-europa","status":"publish","type":"post","link":"https:\/\/agora.xtec.cat\/escolapaudelclos\/portada\/un-arbre-per-europa\/","title":{"rendered":"Un arbre per Europa"},"content":{"rendered":"<p>El divendres 13 de maig l&#8217;alumnat de 6\u00e8 va anar d&#8217;excursi\u00f3 a l&#8217;Ermita del Llorito per participar en la jornada <em>Un arbre per Europa<\/em>, una proposta d&#8217;acci\u00f3 de neteja i plantada d&#8217;arbres del projecte <em>Educaci\u00f3 per la Pau i celebraci\u00f3 conjunta del DENIP.<\/em><\/p>\n<p>Tots els participants van gaudir del llarg passeig i de la plantada d&#8217;arbres. Us deixem unes imatges de la jornada. Esperem que us agradin.<\/p>\n<p><a href=\"https:\/\/drive.google.com\/drive\/folders\/1Fo6tI65FLDHlFnPRJYbQhSaYxWvQOKMP?usp=sharing\">UN ARBRE PER EUROPA<\/a><\/p>\n","protected":false},"excerpt":{"rendered":"<p>El divendres 13 de maig l&#8217;alumnat de 6\u00e8 va anar d&#8217;excursi\u00f3 a l&#8217;Ermita del Llorito per participar en la jornada Un arbre per Europa, una proposta d&#8217;acci\u00f3 de neteja i plantada d&#8217;arbres del projecte Educaci\u00f3 per la Pau i celebraci\u00f3 conjunta del DENIP. Tots els participants van gaudir del llarg passeig i de la plantada [&hellip;]<\/p>\n","protected":false},"author":1,"featured_media":1371,"comment_status":"open","ping_status":"closed","sticky":false,"template":"","format":"standard","meta":{"_bbp_topic_count":0,"_bbp_reply_count":0,"_bbp_total_topic_count":0,"_bbp_total_reply_count":0,"_bbp_voice_count":0,"_bbp_anonymous_reply_count":0,"_bbp_topic_count_hidden":0,"_bbp_reply_count_hidden":0,"_bbp_forum_subforum_count":0,"site-sidebar-layout":"default","site-content-layout":"","ast-site-content-layout":"","site-content-style":"default","site-sidebar-style":"default","ast-global-header-display":"","ast-banner-title-visibility":"","ast-main-header-display":"","ast-hfb-above-header-display":"","ast-hfb-below-header-display":"","ast-hfb-mobile-header-display":"","site-post-title":"","ast-breadcrumbs-content":"","ast-featured-img":"","footer-sml-layout":"","theme-transparent-header-meta":"","adv-header-id-meta":"","stick-header-meta":"","header-above-stick-meta":"","header-main-stick-meta":"","header-below-stick-meta":"","astra-migrate-meta-layouts":"default","ast-page-background-enabled":"default","ast-page-background-meta":{"desktop":{"background-color":"var(--ast-global-color-4)","background-image":"","background-repeat":"repeat","background-position":"center center","background-size":"auto","background-attachment":"scroll","background-type":"","background-media":"","overlay-type":"","overlay-color":"","overlay-opacity":"","overlay-gradient":""},"tablet":{"background-color":"","background-image":"","background-repeat":"repeat","background-position":"center center","background-size":"auto","background-attachment":"scroll","background-type":"","background-media":"","overlay-type":"","overlay-color":"","overlay-opacity":"","overlay-gradient":""},"mobile":{"background-color":"","background-image":"","background-repeat":"repeat","background-position":"center center","background-size":"auto","background-attachment":"scroll","background-type":"","background-media":"","overlay-type":"","overlay-color":"","overlay-opacity":"","overlay-gradient":""}},"ast-content-background-meta":{"desktop":{"background-color":"var(--ast-global-color-5)","background-image":"","background-repeat":"repeat","background-position":"center center","background-size":"auto","background-attachment":"scroll","background-type":"","background-media":"","overlay-type":"","overlay-color":"","overlay-opacity":"","overlay-gradient":""},"tablet":{"background-color":"var(--ast-global-color-5)","background-image":"","background-repeat":"repeat","background-position":"center center","background-size":"auto","background-attachment":"scroll","background-type":"","background-media":"","overlay-type":"","overlay-color":"","overlay-opacity":"","overlay-gradient":""},"mobile":{"background-color":"var(--ast-global-color-5)","background-image":"","background-repeat":"repeat","background-position":"center center","background-size":"auto","background-attachment":"scroll","background-type":"","background-media":"","overlay-type":"","overlay-color":"","overlay-opacity":"","overlay-gradient":""}},"footnotes":""},"categories":[5,15,4],"tags":[119,174,141,176,175],"class_list":["post-1370","post","type-post","status-publish","format-standard","has-post-thumbnail","hentry","category-primaria","category-6e","category-portada","tag-denip","tag-llorito","tag-pau","tag-plantada-darbres","tag-un-arbre-per-europa"],"post_mailing_queue_ids":[],"_links":{"self":[{"href":"https:\/\/agora.xtec.cat\/escolapaudelclos\/wp-json\/wp\/v2\/posts\/1370","targetHints":{"allow":["GET"]}}],"collection":[{"href":"https:\/\/agora.xtec.cat\/escolapaudelclos\/wp-json\/wp\/v2\/posts"}],"about":[{"href":"https:\/\/agora.xtec.cat\/escolapaudelclos\/wp-json\/wp\/v2\/types\/post"}],"author":[{"embeddable":true,"href":"https:\/\/agora.xtec.cat\/escolapaudelclos\/wp-json\/wp\/v2\/users\/1"}],"replies":[{"embeddable":true,"href":"https:\/\/agora.xtec.cat\/escolapaudelclos\/wp-json\/wp\/v2\/comments?post=1370"}],"version-history":[{"count":2,"href":"https:\/\/agora.xtec.cat\/escolapaudelclos\/wp-json\/wp\/v2\/posts\/1370\/revisions"}],"predecessor-version":[{"id":1373,"href":"https:\/\/agora.xtec.cat\/escolapaudelclos\/wp-json\/wp\/v2\/posts\/1370\/revisions\/1373"}],"wp:featuredmedia":[{"embeddable":true,"href":"https:\/\/agora.xtec.cat\/escolapaudelclos\/wp-json\/wp\/v2\/media\/1371"}],"wp:attachment":[{"href":"https:\/\/agora.xtec.cat\/escolapaudelclos\/wp-json\/wp\/v2\/media?parent=1370"}],"wp:term":[{"taxonomy":"category","embeddable":true,"href":"https:\/\/agora.xtec.cat\/escolapaudelclos\/wp-json\/wp\/v2\/categories?post=1370"},{"taxonomy":"post_tag","embeddable":true,"href":"https:\/\/agora.xtec.cat\/escolapaudelclos\/wp-json\/wp\/v2\/tags?post=1370"}],"curies":[{"name":"wp","href":"https:\/\/api.w.org\/{rel}","templated":true}]}}