{"id":1294,"date":"2022-04-08T08:30:51","date_gmt":"2022-04-08T06:30:51","guid":{"rendered":"https:\/\/agora.xtec.cat\/escolapaudelclos\/?p=1294"},"modified":"2022-04-08T00:59:44","modified_gmt":"2022-04-07T22:59:44","slug":"2n-teatre-dombres","status":"publish","type":"post","link":"https:\/\/agora.xtec.cat\/escolapaudelclos\/portada\/2n-teatre-dombres\/","title":{"rendered":"2n Teatre d&#8217;ombres"},"content":{"rendered":"<p>Els i les alumnes de 2n de prim\u00e0ria hem estat treballant, durant les darreres sessions i des de l&#8217;\u00e0rea de m\u00fasica, l&#8217;expressi\u00f3 a trav\u00e9s del teatre d&#8217;ombres. Hem volgut representar l&#8217;adaptaci\u00f3 catalana d&#8217;una coneguda can\u00e7\u00f3 titulada &#8220;Blowin&#8217; in the Wind&#8221; de Bob Dylan, en la versi\u00f3 de Gerard Quintana i Jordi Batiste sota el nom de &#8220;Escolta-ho en el vent&#8221;.<\/p>\n<p>Per fer-ho vam comen\u00e7ar desgranant la lletra de la can\u00e7\u00f3 en q\u00fcesti\u00f3, per tal d&#8217;entendre&#8217;n b\u00e9 el significat i poder-la representar, posteriorment, amb titelles. Vam fer una bona pluja d&#8217;idees i ens vam distribu\u00efr els diferents fragments entre els petits grups de treball. Seguidament vam compartir les idees de cada grupet a la resta de la classe per resoldre dubtes, rebre aportacions de la resta, poder fer canvis i pactar, entre tots i totes, com representar\u00edem cada fragment. Un cop realitzat tot aix\u00f2 va arribar el moment de posar-nos de ple en la confecci\u00f3 de les diferents titelles, fent-ne l&#8217;esb\u00f2s previ i, posteriorment, cada titella. Ah, i sense oblidar-nos de confeccionar tamb\u00e9 els pals per poder-les subjectar! Aquesta tasca m\u00e9s manual i pl\u00e0stica va resultar ser molt m\u00e9s \u00e0gil i senzilla del que pens\u00e0vem, ja que ten\u00edem molt clar qu\u00e8 hav\u00edem de fer i com!<\/p>\n<p>Un cop vam tenir totes les titelles fetes vam comen\u00e7ar a practicar i treballar com les hav\u00edem de moure. Despr\u00e9s ens vam distribuir els fragments i ens vam aprendre l&#8217;ordre d&#8217;escena per tal de poder realitzar tot l&#8217;enregistrament seguit i sense talls.<\/p>\n<p>I aquest \u00e9s el resultat de cada una de les classes de 2n!<\/p>\n<p><a href=\"https:\/\/drive.google.com\/file\/d\/1jweWJ08GhMOHQzXmgzOa_TR9E6czh8Ot\/view?usp=sharing\" target=\"_blank\" rel=\"noopener\"><img loading=\"lazy\" decoding=\"async\" class=\"alignnone wp-image-1295\" src=\"https:\/\/agora.xtec.cat\/escolapaudelclos\/wp-content\/uploads\/usu2656\/2022\/04\/2nA.jpg\" alt=\"\" width=\"285\" height=\"149\" srcset=\"https:\/\/agora.xtec.cat\/escolapaudelclos\/wp-content\/uploads\/usu2656\/2022\/04\/2nA.jpg 392w, https:\/\/agora.xtec.cat\/escolapaudelclos\/wp-content\/uploads\/usu2656\/2022\/04\/2nA-300x157.jpg 300w\" sizes=\"auto, (max-width: 285px) 100vw, 285px\" \/><\/a>\u00a0<a href=\"https:\/\/drive.google.com\/file\/d\/1juQL_2g7yOGTTsOUY3N9TnsBa-H0yQeF\/view?usp=sharing\" target=\"_blank\" rel=\"noopener\"><img loading=\"lazy\" decoding=\"async\" class=\"alignnone wp-image-1296\" src=\"https:\/\/agora.xtec.cat\/escolapaudelclos\/wp-content\/uploads\/usu2656\/2022\/04\/2nB.jpg\" alt=\"\" width=\"285\" height=\"149\" srcset=\"https:\/\/agora.xtec.cat\/escolapaudelclos\/wp-content\/uploads\/usu2656\/2022\/04\/2nB.jpg 392w, https:\/\/agora.xtec.cat\/escolapaudelclos\/wp-content\/uploads\/usu2656\/2022\/04\/2nB-300x157.jpg 300w\" sizes=\"auto, (max-width: 285px) 100vw, 285px\" \/><\/a><\/p>\n<p>Esperem que totes i tots vosaltres ho gaudiu tant com nosaltres durant el proc\u00e9s!<\/p>\n<p>Bones vacances i molta m\u00fasica per tothom!<\/p>\n<p>&nbsp;<\/p>\n","protected":false},"excerpt":{"rendered":"<p>Els i les alumnes de 2n de prim\u00e0ria hem estat treballant, durant les darreres sessions i des de l&#8217;\u00e0rea de m\u00fasica, l&#8217;expressi\u00f3 a trav\u00e9s del teatre d&#8217;ombres. Hem volgut representar l&#8217;adaptaci\u00f3 catalana d&#8217;una coneguda can\u00e7\u00f3 titulada &#8220;Blowin&#8217; in the Wind&#8221; de Bob Dylan, en la versi\u00f3 de Gerard Quintana i Jordi Batiste sota el nom [&hellip;]<\/p>\n","protected":false},"author":5,"featured_media":0,"comment_status":"open","ping_status":"closed","sticky":false,"template":"","format":"standard","meta":{"_bbp_topic_count":0,"_bbp_reply_count":0,"_bbp_total_topic_count":0,"_bbp_total_reply_count":0,"_bbp_voice_count":0,"_bbp_anonymous_reply_count":0,"_bbp_topic_count_hidden":0,"_bbp_reply_count_hidden":0,"_bbp_forum_subforum_count":0,"site-sidebar-layout":"default","site-content-layout":"","ast-site-content-layout":"","site-content-style":"default","site-sidebar-style":"default","ast-global-header-display":"","ast-banner-title-visibility":"","ast-main-header-display":"","ast-hfb-above-header-display":"","ast-hfb-below-header-display":"","ast-hfb-mobile-header-display":"","site-post-title":"","ast-breadcrumbs-content":"","ast-featured-img":"","footer-sml-layout":"","theme-transparent-header-meta":"","adv-header-id-meta":"","stick-header-meta":"","header-above-stick-meta":"","header-main-stick-meta":"","header-below-stick-meta":"","astra-migrate-meta-layouts":"default","ast-page-background-enabled":"default","ast-page-background-meta":{"desktop":{"background-color":"var(--ast-global-color-4)","background-image":"","background-repeat":"repeat","background-position":"center center","background-size":"auto","background-attachment":"scroll","background-type":"","background-media":"","overlay-type":"","overlay-color":"","overlay-opacity":"","overlay-gradient":""},"tablet":{"background-color":"","background-image":"","background-repeat":"repeat","background-position":"center center","background-size":"auto","background-attachment":"scroll","background-type":"","background-media":"","overlay-type":"","overlay-color":"","overlay-opacity":"","overlay-gradient":""},"mobile":{"background-color":"","background-image":"","background-repeat":"repeat","background-position":"center center","background-size":"auto","background-attachment":"scroll","background-type":"","background-media":"","overlay-type":"","overlay-color":"","overlay-opacity":"","overlay-gradient":""}},"ast-content-background-meta":{"desktop":{"background-color":"var(--ast-global-color-5)","background-image":"","background-repeat":"repeat","background-position":"center center","background-size":"auto","background-attachment":"scroll","background-type":"","background-media":"","overlay-type":"","overlay-color":"","overlay-opacity":"","overlay-gradient":""},"tablet":{"background-color":"var(--ast-global-color-5)","background-image":"","background-repeat":"repeat","background-position":"center center","background-size":"auto","background-attachment":"scroll","background-type":"","background-media":"","overlay-type":"","overlay-color":"","overlay-opacity":"","overlay-gradient":""},"mobile":{"background-color":"var(--ast-global-color-5)","background-image":"","background-repeat":"repeat","background-position":"center center","background-size":"auto","background-attachment":"scroll","background-type":"","background-media":"","overlay-type":"","overlay-color":"","overlay-opacity":"","overlay-gradient":""}},"footnotes":""},"categories":[5,11,4],"tags":[62,81],"class_list":["post-1294","post","type-post","status-publish","format-standard","hentry","category-primaria","category-2n","category-portada","tag-escola-pau-delclos","tag-musica"],"post_mailing_queue_ids":[],"_links":{"self":[{"href":"https:\/\/agora.xtec.cat\/escolapaudelclos\/wp-json\/wp\/v2\/posts\/1294","targetHints":{"allow":["GET"]}}],"collection":[{"href":"https:\/\/agora.xtec.cat\/escolapaudelclos\/wp-json\/wp\/v2\/posts"}],"about":[{"href":"https:\/\/agora.xtec.cat\/escolapaudelclos\/wp-json\/wp\/v2\/types\/post"}],"author":[{"embeddable":true,"href":"https:\/\/agora.xtec.cat\/escolapaudelclos\/wp-json\/wp\/v2\/users\/5"}],"replies":[{"embeddable":true,"href":"https:\/\/agora.xtec.cat\/escolapaudelclos\/wp-json\/wp\/v2\/comments?post=1294"}],"version-history":[{"count":3,"href":"https:\/\/agora.xtec.cat\/escolapaudelclos\/wp-json\/wp\/v2\/posts\/1294\/revisions"}],"predecessor-version":[{"id":1299,"href":"https:\/\/agora.xtec.cat\/escolapaudelclos\/wp-json\/wp\/v2\/posts\/1294\/revisions\/1299"}],"wp:attachment":[{"href":"https:\/\/agora.xtec.cat\/escolapaudelclos\/wp-json\/wp\/v2\/media?parent=1294"}],"wp:term":[{"taxonomy":"category","embeddable":true,"href":"https:\/\/agora.xtec.cat\/escolapaudelclos\/wp-json\/wp\/v2\/categories?post=1294"},{"taxonomy":"post_tag","embeddable":true,"href":"https:\/\/agora.xtec.cat\/escolapaudelclos\/wp-json\/wp\/v2\/tags?post=1294"}],"curies":[{"name":"wp","href":"https:\/\/api.w.org\/{rel}","templated":true}]}}