{"id":1268,"date":"2022-04-07T15:29:40","date_gmt":"2022-04-07T13:29:40","guid":{"rendered":"https:\/\/agora.xtec.cat\/escolapaudelclos\/?p=1268"},"modified":"2022-04-07T15:29:40","modified_gmt":"2022-04-07T13:29:40","slug":"a-mi-tambe-em-passa-i-a-tu","status":"publish","type":"post","link":"https:\/\/agora.xtec.cat\/escolapaudelclos\/general\/a-mi-tambe-em-passa-i-a-tu\/","title":{"rendered":"A mi tamb\u00e9 em passa&#8230; i a tu?"},"content":{"rendered":"<p>El taller <em>A mi tamb\u00e9 em passa&#8230; i a tu?<\/em> \u00a0pret\u00e9n sensibilitzar i informar els nois i les noies de prim\u00e0ria sobre la pubertat i la sexualitat. El dia 18 de mar\u00e7, els alumnes de 6\u00e8 van realitzar la primera sessi\u00f3 i avui, 5 d&#8217;abril, han realitzat la segona. Tot seguit us en fem cinc c\u00e8ntims.<\/p>\n<p>1a SESSI\u00d3<\/p>\n<ul>\n<li>Presentaci\u00f3 <em>Qu\u00e8 \u00e9s la pubertat<\/em>?\n<ul>\n<li>Canvis f\u00edsics i psicol\u00f2gics en la transici\u00f3 de la inf\u00e0ncia a l&#8217;edat adulta.<\/li>\n<li>Canvis que es produeixen en els nens i en les nenes.<\/li>\n<li>Estereotips: Qu\u00e8 es presuposa que ha de fer un noi o una noia pel simple fet de pert\u00e0nyer a un g\u00e8nere determinat.<\/li>\n<li>Reflexi\u00f3: Els nois i les noies tenen unes caracter\u00edstiques f\u00edsiques particulars i a banda exist\u00e8ncies creences sobre com han de ser els nois i les noies.<\/li>\n<\/ul>\n<\/li>\n<li>Visualitzaci\u00f3 i reflexi\u00f3 del v\u00eddeo sobre els canvis en el proc\u00e9s de creixement dels nens i les nenes.<\/li>\n<\/ul>\n<p>2a SESSI\u00d3<\/p>\n<p>Ens ha visitat una ginec\u00f2loga, la Isabel, i ens ha ajudat a resoldre alguns dubtes:<\/p>\n<ul style=\"list-style-type: circle;\">\n<li>Com van passar l&#8217;adolesc\u00e8ncia els pares i mares de l&#8217;alumnat de 6\u00e8?<\/li>\n<li>Qu\u00e8 s\u00f3n els mites?<\/li>\n<li>A qui us agradaria assemblar-vos quan sigueu adults?<\/li>\n<li>Com funciona el nostre cos?<\/li>\n<\/ul>\n<p>Tamb\u00e9 hem parlat sobre la import\u00e0ncia de la higiene i la menstruaci\u00f3, dels m\u00e8todes no reutilitzables com la compresa i el tamp\u00f3 i dels reutilitzables com la copa menstrual. Un altre tema tractat ha sigut l&#8217;embar\u00e0s i conceptes relacionats com la gestaci\u00f3 i la fecundaci\u00f3, desenvolupant aspectes com la fecundaci\u00f3 in-vitro i l&#8217;adopci\u00f3, i la difer\u00e8ncia entre bessons id\u00e8ntics, diferents i siamesos. El part i l&#8217;alletament tamb\u00e9 han sigut abordats en la xerrada.<\/p>\n<p>Per acabar, els alumnes han pogut fer preguntes a la Isabel, que ha resolt totes les nostres inquietuds.<\/p>\n<p><a href=\"https:\/\/drive.google.com\/drive\/folders\/1214zmTwXL7Hi7V9fes4cyz2v3SamHXlH?usp=sharing\">IMATGES DE L&#8217;ACTIVITAT.<\/a><\/p>\n","protected":false},"excerpt":{"rendered":"<p>El taller A mi tamb\u00e9 em passa&#8230; i a tu? \u00a0pret\u00e9n sensibilitzar i informar els nois i les noies de prim\u00e0ria sobre la pubertat i la sexualitat. El dia 18 de mar\u00e7, els alumnes de 6\u00e8 van realitzar la primera sessi\u00f3 i avui, 5 d&#8217;abril, han realitzat la segona. Tot seguit us en fem cinc [&hellip;]<\/p>\n","protected":false},"author":1,"featured_media":1292,"comment_status":"open","ping_status":"closed","sticky":false,"template":"","format":"standard","meta":{"_bbp_topic_count":0,"_bbp_reply_count":0,"_bbp_total_topic_count":0,"_bbp_total_reply_count":0,"_bbp_voice_count":0,"_bbp_anonymous_reply_count":0,"_bbp_topic_count_hidden":0,"_bbp_reply_count_hidden":0,"_bbp_forum_subforum_count":0,"site-sidebar-layout":"default","site-content-layout":"","ast-site-content-layout":"","site-content-style":"default","site-sidebar-style":"default","ast-global-header-display":"","ast-banner-title-visibility":"","ast-main-header-display":"","ast-hfb-above-header-display":"","ast-hfb-below-header-display":"","ast-hfb-mobile-header-display":"","site-post-title":"","ast-breadcrumbs-content":"","ast-featured-img":"","footer-sml-layout":"","theme-transparent-header-meta":"","adv-header-id-meta":"","stick-header-meta":"","header-above-stick-meta":"","header-main-stick-meta":"","header-below-stick-meta":"","astra-migrate-meta-layouts":"default","ast-page-background-enabled":"default","ast-page-background-meta":{"desktop":{"background-color":"var(--ast-global-color-4)","background-image":"","background-repeat":"repeat","background-position":"center center","background-size":"auto","background-attachment":"scroll","background-type":"","background-media":"","overlay-type":"","overlay-color":"","overlay-opacity":"","overlay-gradient":""},"tablet":{"background-color":"","background-image":"","background-repeat":"repeat","background-position":"center center","background-size":"auto","background-attachment":"scroll","background-type":"","background-media":"","overlay-type":"","overlay-color":"","overlay-opacity":"","overlay-gradient":""},"mobile":{"background-color":"","background-image":"","background-repeat":"repeat","background-position":"center center","background-size":"auto","background-attachment":"scroll","background-type":"","background-media":"","overlay-type":"","overlay-color":"","overlay-opacity":"","overlay-gradient":""}},"ast-content-background-meta":{"desktop":{"background-color":"var(--ast-global-color-5)","background-image":"","background-repeat":"repeat","background-position":"center center","background-size":"auto","background-attachment":"scroll","background-type":"","background-media":"","overlay-type":"","overlay-color":"","overlay-opacity":"","overlay-gradient":""},"tablet":{"background-color":"var(--ast-global-color-5)","background-image":"","background-repeat":"repeat","background-position":"center center","background-size":"auto","background-attachment":"scroll","background-type":"","background-media":"","overlay-type":"","overlay-color":"","overlay-opacity":"","overlay-gradient":""},"mobile":{"background-color":"var(--ast-global-color-5)","background-image":"","background-repeat":"repeat","background-position":"center center","background-size":"auto","background-attachment":"scroll","background-type":"","background-media":"","overlay-type":"","overlay-color":"","overlay-opacity":"","overlay-gradient":""}},"footnotes":""},"categories":[5,15,1,4],"tags":[153,154,155,152],"class_list":["post-1268","post","type-post","status-publish","format-standard","has-post-thumbnail","hentry","category-primaria","category-6e","category-general","category-portada","tag-a-mi-tambe-em-passa","tag-fisics","tag-psicologics","tag-pubertat"],"post_mailing_queue_ids":[],"_links":{"self":[{"href":"https:\/\/agora.xtec.cat\/escolapaudelclos\/wp-json\/wp\/v2\/posts\/1268","targetHints":{"allow":["GET"]}}],"collection":[{"href":"https:\/\/agora.xtec.cat\/escolapaudelclos\/wp-json\/wp\/v2\/posts"}],"about":[{"href":"https:\/\/agora.xtec.cat\/escolapaudelclos\/wp-json\/wp\/v2\/types\/post"}],"author":[{"embeddable":true,"href":"https:\/\/agora.xtec.cat\/escolapaudelclos\/wp-json\/wp\/v2\/users\/1"}],"replies":[{"embeddable":true,"href":"https:\/\/agora.xtec.cat\/escolapaudelclos\/wp-json\/wp\/v2\/comments?post=1268"}],"version-history":[{"count":2,"href":"https:\/\/agora.xtec.cat\/escolapaudelclos\/wp-json\/wp\/v2\/posts\/1268\/revisions"}],"predecessor-version":[{"id":1293,"href":"https:\/\/agora.xtec.cat\/escolapaudelclos\/wp-json\/wp\/v2\/posts\/1268\/revisions\/1293"}],"wp:featuredmedia":[{"embeddable":true,"href":"https:\/\/agora.xtec.cat\/escolapaudelclos\/wp-json\/wp\/v2\/media\/1292"}],"wp:attachment":[{"href":"https:\/\/agora.xtec.cat\/escolapaudelclos\/wp-json\/wp\/v2\/media?parent=1268"}],"wp:term":[{"taxonomy":"category","embeddable":true,"href":"https:\/\/agora.xtec.cat\/escolapaudelclos\/wp-json\/wp\/v2\/categories?post=1268"},{"taxonomy":"post_tag","embeddable":true,"href":"https:\/\/agora.xtec.cat\/escolapaudelclos\/wp-json\/wp\/v2\/tags?post=1268"}],"curies":[{"name":"wp","href":"https:\/\/api.w.org\/{rel}","templated":true}]}}