{"id":1117,"date":"2022-03-03T13:13:51","date_gmt":"2022-03-03T12:13:51","guid":{"rendered":"https:\/\/agora.xtec.cat\/escolapaudelclos\/?p=1117"},"modified":"2022-03-03T13:14:34","modified_gmt":"2022-03-03T12:14:34","slug":"xerrada-de-linstitut-pons-dicart","status":"publish","type":"post","link":"https:\/\/agora.xtec.cat\/escolapaudelclos\/general\/xerrada-de-linstitut-pons-dicart\/","title":{"rendered":"Ens visita la directora de l&#8217;Institut Pons d&#8217;Icart"},"content":{"rendered":"<p>El passat 23 de febrer ens va visitar l&#8217;\u00c0ngels Adern, directora de l&#8217;Institut Pons d&#8217;Icart, amb l&#8217;objectiu d&#8217;explicar i aclarir alguns dubtes sobre el funcionament de l&#8217;institut a l&#8217;alumnat de 6\u00e8.<\/p>\n<p>A banda de mostrar-nos la p\u00e0gina web del centre i un v\u00eddeo explicatiu, l&#8217;\u00c0ngels va respondre encantada un seguit de preguntes formulades pels nens i nenes. Us en fem cinc c\u00e8ntims.<\/p>\n<p>Jannat- Hi ha optatives? Quines s\u00f3n?<\/p>\n<p>Iracema- Quant s&#8217;ha de pagar per llogar una guixeta?<\/p>\n<p>Mohoa- Se celebren festes com el Carnaval o la Castanyada?<\/p>\n<p>Aissa- Hi ha autob\u00fas per arribar-hi?<\/p>\n<p>Wenqi- Hi ha extraescolars?<\/p>\n<p>Guillem- Les classes tenen ordinadors per a tots?<\/p>\n<p>Pau- Quines assignatures hi ha?<\/p>\n<p>Diego- Es pot utilitzar el m\u00f2bil a classe?<\/p>\n<p>Moha- Quant dura el pati?<\/p>\n<p>Guillem- Es poden portar jocs de taula durant l&#8217;hora del pati?<\/p>\n<p>Queralt- Es pot sortir de l&#8217;institut durant l&#8217;hora del pati?<\/p>\n<p>Iracema- Es fan excursions i col\u00f2nies?<\/p>\n<p>Jannat- A les col\u00f2nies com dormirem?<\/p>\n<p>Xin Yi- Els mestres es preocupen pels alumnes?<\/p>\n<p>Guillem- Els llibres seran digitals?<\/p>\n<p>Joel- Hi haur\u00e0 excursions?<\/p>\n<p>Queralt- Cada quan hi ha ex\u00e0mens? Quantes p\u00e0gines hi ha de temari?<\/p>\n<p>Diego- Hi ha recuperacions per als controls suspesos?<\/p>\n<p>Jannat- Per cada assignatura hi ha un professor i aula diferent?<\/p>\n<p>Wenqi-\u00a0 Hi ha infermeria?<\/p>\n<p>Diego- Es pot comprar l&#8217;esmorzar all\u00e0?<\/p>\n<p>Aissa- Hi ha menjador?<\/p>\n<p>Queralt- Quan hi ha la setmana d&#8217;ex\u00e0mens, es preparen a casa durant una setmana o continuem anant a l&#8217;institut?<\/p>\n<p>&nbsp;<\/p>\n<p>&nbsp;<\/p>\n","protected":false},"excerpt":{"rendered":"<p>Xerrada de la directora de l&#8217;Institut Pons d&#8217;Icart a l&#8217;alumant de 6\u00e8<\/p>\n","protected":false},"author":1,"featured_media":1125,"comment_status":"open","ping_status":"closed","sticky":false,"template":"","format":"standard","meta":{"_bbp_topic_count":0,"_bbp_reply_count":0,"_bbp_total_topic_count":0,"_bbp_total_reply_count":0,"_bbp_voice_count":0,"_bbp_anonymous_reply_count":0,"_bbp_topic_count_hidden":0,"_bbp_reply_count_hidden":0,"_bbp_forum_subforum_count":0,"site-sidebar-layout":"default","site-content-layout":"","ast-site-content-layout":"","site-content-style":"default","site-sidebar-style":"default","ast-global-header-display":"","ast-banner-title-visibility":"","ast-main-header-display":"","ast-hfb-above-header-display":"","ast-hfb-below-header-display":"","ast-hfb-mobile-header-display":"","site-post-title":"","ast-breadcrumbs-content":"","ast-featured-img":"","footer-sml-layout":"","theme-transparent-header-meta":"","adv-header-id-meta":"","stick-header-meta":"","header-above-stick-meta":"","header-main-stick-meta":"","header-below-stick-meta":"","astra-migrate-meta-layouts":"default","ast-page-background-enabled":"default","ast-page-background-meta":{"desktop":{"background-color":"var(--ast-global-color-4)","background-image":"","background-repeat":"repeat","background-position":"center center","background-size":"auto","background-attachment":"scroll","background-type":"","background-media":"","overlay-type":"","overlay-color":"","overlay-opacity":"","overlay-gradient":""},"tablet":{"background-color":"","background-image":"","background-repeat":"repeat","background-position":"center center","background-size":"auto","background-attachment":"scroll","background-type":"","background-media":"","overlay-type":"","overlay-color":"","overlay-opacity":"","overlay-gradient":""},"mobile":{"background-color":"","background-image":"","background-repeat":"repeat","background-position":"center center","background-size":"auto","background-attachment":"scroll","background-type":"","background-media":"","overlay-type":"","overlay-color":"","overlay-opacity":"","overlay-gradient":""}},"ast-content-background-meta":{"desktop":{"background-color":"var(--ast-global-color-5)","background-image":"","background-repeat":"repeat","background-position":"center center","background-size":"auto","background-attachment":"scroll","background-type":"","background-media":"","overlay-type":"","overlay-color":"","overlay-opacity":"","overlay-gradient":""},"tablet":{"background-color":"var(--ast-global-color-5)","background-image":"","background-repeat":"repeat","background-position":"center center","background-size":"auto","background-attachment":"scroll","background-type":"","background-media":"","overlay-type":"","overlay-color":"","overlay-opacity":"","overlay-gradient":""},"mobile":{"background-color":"var(--ast-global-color-5)","background-image":"","background-repeat":"repeat","background-position":"center center","background-size":"auto","background-attachment":"scroll","background-type":"","background-media":"","overlay-type":"","overlay-color":"","overlay-opacity":"","overlay-gradient":""}},"footnotes":""},"categories":[15,1,4],"tags":[133,131,130,132],"class_list":["post-1117","post","type-post","status-publish","format-standard","has-post-thumbnail","hentry","category-6e","category-general","category-portada","tag-eso","tag-institut","tag-pons-dicart","tag-xerrada"],"post_mailing_queue_ids":[],"_links":{"self":[{"href":"https:\/\/agora.xtec.cat\/escolapaudelclos\/wp-json\/wp\/v2\/posts\/1117","targetHints":{"allow":["GET"]}}],"collection":[{"href":"https:\/\/agora.xtec.cat\/escolapaudelclos\/wp-json\/wp\/v2\/posts"}],"about":[{"href":"https:\/\/agora.xtec.cat\/escolapaudelclos\/wp-json\/wp\/v2\/types\/post"}],"author":[{"embeddable":true,"href":"https:\/\/agora.xtec.cat\/escolapaudelclos\/wp-json\/wp\/v2\/users\/1"}],"replies":[{"embeddable":true,"href":"https:\/\/agora.xtec.cat\/escolapaudelclos\/wp-json\/wp\/v2\/comments?post=1117"}],"version-history":[{"count":3,"href":"https:\/\/agora.xtec.cat\/escolapaudelclos\/wp-json\/wp\/v2\/posts\/1117\/revisions"}],"predecessor-version":[{"id":1127,"href":"https:\/\/agora.xtec.cat\/escolapaudelclos\/wp-json\/wp\/v2\/posts\/1117\/revisions\/1127"}],"wp:featuredmedia":[{"embeddable":true,"href":"https:\/\/agora.xtec.cat\/escolapaudelclos\/wp-json\/wp\/v2\/media\/1125"}],"wp:attachment":[{"href":"https:\/\/agora.xtec.cat\/escolapaudelclos\/wp-json\/wp\/v2\/media?parent=1117"}],"wp:term":[{"taxonomy":"category","embeddable":true,"href":"https:\/\/agora.xtec.cat\/escolapaudelclos\/wp-json\/wp\/v2\/categories?post=1117"},{"taxonomy":"post_tag","embeddable":true,"href":"https:\/\/agora.xtec.cat\/escolapaudelclos\/wp-json\/wp\/v2\/tags?post=1117"}],"curies":[{"name":"wp","href":"https:\/\/api.w.org\/{rel}","templated":true}]}}