{"id":5793,"date":"2020-03-04T19:45:15","date_gmt":"2020-03-04T18:45:15","guid":{"rendered":"http:\/\/agora.xtec.cat\/escolapaucasalsrubi\/?p=5793"},"modified":"2020-03-04T19:45:15","modified_gmt":"2020-03-04T18:45:15","slug":"p4-celebra-la-setmana-de-carnestoltes","status":"publish","type":"post","link":"https:\/\/agora.xtec.cat\/escolapaucasalsrubi\/curs-2019-20\/p4-celebra-la-setmana-de-carnestoltes\/","title":{"rendered":"P4 CELEBRA LA SETMANA DE CARNESTOLTES"},"content":{"rendered":"<p><img loading=\"lazy\" decoding=\"async\" class=\"aligncenter size-full wp-image-5794\" src=\"https:\/\/agora.xtec.cat\/escolapaucasalsrubi\/wp-content\/uploads\/usu1615\/2020\/03\/carnestoltes.jpg\" alt=\"\" width=\"712\" height=\"284\" \/><\/p>\n<p>Aquesta \u00faltima setmana ha estat una festa total al l\u2019escola del Pau Casals.<\/p>\n<p>Primer va ser l\u2019arribada de la Reina Carnestoltes amb el seu seguici al pati de l\u2019escola i amb ells les divertides consignes que van proposar. Pijames, sabates diferents, roba gran i finalment pentinats divertits van ser les propostes d\u2019aquesta setmana que donaven diversi\u00f3 a petits i tamb\u00e9 als grans. Aix\u00ed cada mat\u00ed els infants anaven a veure a Sa Majestat per saludar-lo i fer-se una fotografia amb ella.<\/p>\n<p>No dubteu que a la classe es van fer activitats de tot tipus com racons de disfresses, de m\u00e0scares, de maquillatge aix\u00ed com l\u2019elaboraci\u00f3 del barret que els nens i les nenes podien lluir l\u2019\u00faltim dia a la rua.<\/p>\n<p>Mireu quin goi g f\u00e8iem i quantes coloraines&#8230;..<\/p>\n<p style=\"text-align: center;\">Fotos: <a href=\"https:\/\/drive.google.com\/drive\/folders\/1JLXJIUtlzDIaDXcSuHrXlgYtNwQxtuf3?usp=sharing\" target=\"_blank\" rel=\"noopener noreferrer\">Carnestoltes Coco<\/a>\u00a0 \u00a0&#8211;\u00a0 \u00a0<a href=\"https:\/\/drive.google.com\/drive\/folders\/1sxkIr4EuD3xXcyiEUXSKnH-FExmWfkiA?usp=sharing\" target=\"_blank\" rel=\"noopener noreferrer\">Carnestoltes Mickey<\/a><\/p>\n","protected":false},"excerpt":{"rendered":"<p>Aquesta \u00faltima setmana ha estat una festa total al l\u2019escola del Pau Casals. Primer va ser l\u2019arribada de la Reina Carnestoltes amb el seu seguici al pati de l\u2019escola i amb ells les divertides consignes que van proposar. Pijames, sabates diferents, roba gran i finalment pentinats divertits van ser les propostes d\u2019aquesta setmana que donaven [&hellip;]<\/p>\n","protected":false},"author":1,"featured_media":5794,"comment_status":"closed","ping_status":"closed","sticky":false,"template":"","format":"standard","meta":{"_bbp_topic_count":0,"_bbp_reply_count":0,"_bbp_total_topic_count":0,"_bbp_total_reply_count":0,"_bbp_voice_count":0,"_bbp_anonymous_reply_count":0,"_bbp_topic_count_hidden":0,"_bbp_reply_count_hidden":0,"_bbp_forum_subforum_count":0,"site-sidebar-layout":"default","site-content-layout":"","ast-site-content-layout":"","site-content-style":"default","site-sidebar-style":"default","ast-global-header-display":"","ast-banner-title-visibility":"","ast-main-header-display":"","ast-hfb-above-header-display":"","ast-hfb-below-header-display":"","ast-hfb-mobile-header-display":"","site-post-title":"","ast-breadcrumbs-content":"","ast-featured-img":"","footer-sml-layout":"","theme-transparent-header-meta":"","adv-header-id-meta":"","stick-header-meta":"","header-above-stick-meta":"","header-main-stick-meta":"","header-below-stick-meta":"","astra-migrate-meta-layouts":"default","ast-page-background-enabled":"default","ast-page-background-meta":{"desktop":{"background-color":"var(--ast-global-color-5)","background-image":"","background-repeat":"repeat","background-position":"center center","background-size":"auto","background-attachment":"scroll","background-type":"","background-media":"","overlay-type":"","overlay-color":"","overlay-opacity":"","overlay-gradient":""},"tablet":{"background-color":"","background-image":"","background-repeat":"repeat","background-position":"center center","background-size":"auto","background-attachment":"scroll","background-type":"","background-media":"","overlay-type":"","overlay-color":"","overlay-opacity":"","overlay-gradient":""},"mobile":{"background-color":"","background-image":"","background-repeat":"repeat","background-position":"center center","background-size":"auto","background-attachment":"scroll","background-type":"","background-media":"","overlay-type":"","overlay-color":"","overlay-opacity":"","overlay-gradient":""}},"ast-content-background-meta":{"desktop":{"background-color":"var(--ast-global-color-4)","background-image":"","background-repeat":"repeat","background-position":"center center","background-size":"auto","background-attachment":"scroll","background-type":"","background-media":"","overlay-type":"","overlay-color":"","overlay-opacity":"","overlay-gradient":""},"tablet":{"background-color":"var(--ast-global-color-4)","background-image":"","background-repeat":"repeat","background-position":"center center","background-size":"auto","background-attachment":"scroll","background-type":"","background-media":"","overlay-type":"","overlay-color":"","overlay-opacity":"","overlay-gradient":""},"mobile":{"background-color":"var(--ast-global-color-4)","background-image":"","background-repeat":"repeat","background-position":"center center","background-size":"auto","background-attachment":"scroll","background-type":"","background-media":"","overlay-type":"","overlay-color":"","overlay-opacity":"","overlay-gradient":""}},"footnotes":""},"categories":[127,129,137],"tags":[],"class_list":["post-5793","post","type-post","status-publish","format-standard","has-post-thumbnail","hentry","category-curs-2019-20","category-p4-curs-2020","category-portada-curs-2020"],"post_mailing_queue_ids":[],"_links":{"self":[{"href":"https:\/\/agora.xtec.cat\/escolapaucasalsrubi\/wp-json\/wp\/v2\/posts\/5793","targetHints":{"allow":["GET"]}}],"collection":[{"href":"https:\/\/agora.xtec.cat\/escolapaucasalsrubi\/wp-json\/wp\/v2\/posts"}],"about":[{"href":"https:\/\/agora.xtec.cat\/escolapaucasalsrubi\/wp-json\/wp\/v2\/types\/post"}],"author":[{"embeddable":true,"href":"https:\/\/agora.xtec.cat\/escolapaucasalsrubi\/wp-json\/wp\/v2\/users\/1"}],"replies":[{"embeddable":true,"href":"https:\/\/agora.xtec.cat\/escolapaucasalsrubi\/wp-json\/wp\/v2\/comments?post=5793"}],"version-history":[{"count":1,"href":"https:\/\/agora.xtec.cat\/escolapaucasalsrubi\/wp-json\/wp\/v2\/posts\/5793\/revisions"}],"predecessor-version":[{"id":5795,"href":"https:\/\/agora.xtec.cat\/escolapaucasalsrubi\/wp-json\/wp\/v2\/posts\/5793\/revisions\/5795"}],"wp:featuredmedia":[{"embeddable":true,"href":"https:\/\/agora.xtec.cat\/escolapaucasalsrubi\/wp-json\/wp\/v2\/media\/5794"}],"wp:attachment":[{"href":"https:\/\/agora.xtec.cat\/escolapaucasalsrubi\/wp-json\/wp\/v2\/media?parent=5793"}],"wp:term":[{"taxonomy":"category","embeddable":true,"href":"https:\/\/agora.xtec.cat\/escolapaucasalsrubi\/wp-json\/wp\/v2\/categories?post=5793"},{"taxonomy":"post_tag","embeddable":true,"href":"https:\/\/agora.xtec.cat\/escolapaucasalsrubi\/wp-json\/wp\/v2\/tags?post=5793"}],"curies":[{"name":"wp","href":"https:\/\/api.w.org\/{rel}","templated":true}]}}