{"id":5763,"date":"2020-02-28T18:00:42","date_gmt":"2020-02-28T17:00:42","guid":{"rendered":"http:\/\/agora.xtec.cat\/escolapaucasalsrubi\/?p=5763"},"modified":"2020-02-29T08:58:46","modified_gmt":"2020-02-29T07:58:46","slug":"taller-de-cinema-cineastes-a-lescola","status":"publish","type":"post","link":"https:\/\/agora.xtec.cat\/escolapaucasalsrubi\/curs-2019-20\/taller-de-cinema-cineastes-a-lescola\/","title":{"rendered":"TALLER DE CINEMA: CINEASTES A L\u2019ESCOLA"},"content":{"rendered":"<p><img loading=\"lazy\" decoding=\"async\" class=\"aligncenter size-full wp-image-5761\" src=\"https:\/\/agora.xtec.cat\/escolapaucasalsrubi\/wp-content\/uploads\/usu1615\/2020\/02\/cineastes_escola.jpg\" alt=\"\" width=\"227\" height=\"170\" srcset=\"https:\/\/agora.xtec.cat\/escolapaucasalsrubi\/wp-content\/uploads\/usu1615\/2020\/02\/cineastes_escola.jpg 227w, https:\/\/agora.xtec.cat\/escolapaucasalsrubi\/wp-content\/uploads\/usu1615\/2020\/02\/cineastes_escola-200x150.jpg 200w\" sizes=\"auto, (max-width: 227px) 100vw, 227px\" \/><\/p>\n<p>El passat 25 de febrer els infants de cicle mitj\u00e0 i superior van rebre una formaci\u00f3 amb la J\u00falia Betri\u00e1n, referent dels Serveis Educatius de la Filmoteca de Catalunya. Aquest taller es va desenvolupar per nivells al llarg de tot el dia. L\u2019objectiu del taller era preparar el di\u00e0leg que mantindran infants de 8 a 12 anys amb les cineastes Mar Coll i la Nausica Bonn\u00edn el dia 4 de mar\u00e7 a les 15h a l\u2019escola.<br \/>\nAquesta proposta neix de la programaci\u00f3 anual que l\u2019escola desenvolupa en la seva alian\u00e7a Magnet amb la Filmoteca de Catalunya.<br \/>\nVan gaudir amb diferents din\u00e0miques: la interpretaci\u00f3 de petits papers per entendre l\u2019ofici de ser actriu, el visionament de fragments de pel\u00b7l\u00edcules de la Mar (per endevinar la trama) i de gravacions d\u2019escenes rebutjades a les seves creacions f\u00edlmiques, l\u2019observaci\u00f3 de cartells dels films comentats, les curiositats en la biografia de les cineastes&#8230;<br \/>\nEls infants van poder conversar sobre elles i van generar preguntes que voldran fer directament a la Mar i a la Nausicaa el dia 4 de mar\u00e7. Tamb\u00e9 treballaran a l\u2019aula la presentaci\u00f3 de l\u2019acte oferint un resum de la seva<br \/>\nbiografia i de la seva filmografia.<br \/>\nPlantegem els aprenentatges des de l\u2019emoci\u00f3 que provoca con\u00e8ixer aquestes magn\u00edfiques cineastes catalanes per encetar el nostre projecte de creaci\u00f3 f\u00edlmica. Alumnat de cicle mitj\u00e0 i superior experimentaran la creaci\u00f3<br \/>\nd\u2019un curt d\u2019animaci\u00f3 i d\u2019un documental on podran aplicar tots els consells que rebran d\u2019elles.<br \/>\nAgra\u00efm molt a la Filmoteca de Catalunya, molt especialment a la J\u00falia i a l\u2019Anna que ens acompanyen en aquesta bonica hist\u00f2ria, a la Mar i a la Nausicaa la seva generositat en posar al servei de l\u2019educaci\u00f3 el seu talent.<\/p>\n<p style=\"text-align: center;\">Fotos: <a href=\"https:\/\/drive.google.com\/drive\/folders\/1dJ5qtY-Kz9ClQW6ZU4iF0Vd9iN7jWgQC?usp=sharing\" target=\"_blank\" rel=\"noopener noreferrer\">Activitats Magnet<\/a><\/p>\n","protected":false},"excerpt":{"rendered":"<p>El passat 25 de febrer els infants de cicle mitj\u00e0 i superior van rebre una formaci\u00f3 amb la J\u00falia Betri\u00e1n, referent dels Serveis Educatius de la Filmoteca de Catalunya. Aquest taller es va desenvolupar per nivells al llarg de tot el dia. L\u2019objectiu del taller era preparar el di\u00e0leg que mantindran infants de 8 a [&hellip;]<\/p>\n","protected":false},"author":1,"featured_media":5761,"comment_status":"closed","ping_status":"closed","sticky":false,"template":"","format":"standard","meta":{"_bbp_topic_count":0,"_bbp_reply_count":0,"_bbp_total_topic_count":0,"_bbp_total_reply_count":0,"_bbp_voice_count":0,"_bbp_anonymous_reply_count":0,"_bbp_topic_count_hidden":0,"_bbp_reply_count_hidden":0,"_bbp_forum_subforum_count":0,"site-sidebar-layout":"default","site-content-layout":"","ast-site-content-layout":"","site-content-style":"default","site-sidebar-style":"default","ast-global-header-display":"","ast-banner-title-visibility":"","ast-main-header-display":"","ast-hfb-above-header-display":"","ast-hfb-below-header-display":"","ast-hfb-mobile-header-display":"","site-post-title":"","ast-breadcrumbs-content":"","ast-featured-img":"","footer-sml-layout":"","theme-transparent-header-meta":"","adv-header-id-meta":"","stick-header-meta":"","header-above-stick-meta":"","header-main-stick-meta":"","header-below-stick-meta":"","astra-migrate-meta-layouts":"default","ast-page-background-enabled":"default","ast-page-background-meta":{"desktop":{"background-color":"var(--ast-global-color-5)","background-image":"","background-repeat":"repeat","background-position":"center center","background-size":"auto","background-attachment":"scroll","background-type":"","background-media":"","overlay-type":"","overlay-color":"","overlay-opacity":"","overlay-gradient":""},"tablet":{"background-color":"","background-image":"","background-repeat":"repeat","background-position":"center center","background-size":"auto","background-attachment":"scroll","background-type":"","background-media":"","overlay-type":"","overlay-color":"","overlay-opacity":"","overlay-gradient":""},"mobile":{"background-color":"","background-image":"","background-repeat":"repeat","background-position":"center center","background-size":"auto","background-attachment":"scroll","background-type":"","background-media":"","overlay-type":"","overlay-color":"","overlay-opacity":"","overlay-gradient":""}},"ast-content-background-meta":{"desktop":{"background-color":"var(--ast-global-color-4)","background-image":"","background-repeat":"repeat","background-position":"center center","background-size":"auto","background-attachment":"scroll","background-type":"","background-media":"","overlay-type":"","overlay-color":"","overlay-opacity":"","overlay-gradient":""},"tablet":{"background-color":"var(--ast-global-color-4)","background-image":"","background-repeat":"repeat","background-position":"center center","background-size":"auto","background-attachment":"scroll","background-type":"","background-media":"","overlay-type":"","overlay-color":"","overlay-opacity":"","overlay-gradient":""},"mobile":{"background-color":"var(--ast-global-color-4)","background-image":"","background-repeat":"repeat","background-position":"center center","background-size":"auto","background-attachment":"scroll","background-type":"","background-media":"","overlay-type":"","overlay-color":"","overlay-opacity":"","overlay-gradient":""}},"footnotes":""},"categories":[149,127,137],"tags":[],"class_list":["post-5763","post","type-post","status-publish","format-standard","has-post-thumbnail","hentry","category-activitats-magnet-curs-2021-22","category-curs-2019-20","category-portada-curs-2020"],"post_mailing_queue_ids":[],"_links":{"self":[{"href":"https:\/\/agora.xtec.cat\/escolapaucasalsrubi\/wp-json\/wp\/v2\/posts\/5763","targetHints":{"allow":["GET"]}}],"collection":[{"href":"https:\/\/agora.xtec.cat\/escolapaucasalsrubi\/wp-json\/wp\/v2\/posts"}],"about":[{"href":"https:\/\/agora.xtec.cat\/escolapaucasalsrubi\/wp-json\/wp\/v2\/types\/post"}],"author":[{"embeddable":true,"href":"https:\/\/agora.xtec.cat\/escolapaucasalsrubi\/wp-json\/wp\/v2\/users\/1"}],"replies":[{"embeddable":true,"href":"https:\/\/agora.xtec.cat\/escolapaucasalsrubi\/wp-json\/wp\/v2\/comments?post=5763"}],"version-history":[{"count":1,"href":"https:\/\/agora.xtec.cat\/escolapaucasalsrubi\/wp-json\/wp\/v2\/posts\/5763\/revisions"}],"predecessor-version":[{"id":5764,"href":"https:\/\/agora.xtec.cat\/escolapaucasalsrubi\/wp-json\/wp\/v2\/posts\/5763\/revisions\/5764"}],"wp:featuredmedia":[{"embeddable":true,"href":"https:\/\/agora.xtec.cat\/escolapaucasalsrubi\/wp-json\/wp\/v2\/media\/5761"}],"wp:attachment":[{"href":"https:\/\/agora.xtec.cat\/escolapaucasalsrubi\/wp-json\/wp\/v2\/media?parent=5763"}],"wp:term":[{"taxonomy":"category","embeddable":true,"href":"https:\/\/agora.xtec.cat\/escolapaucasalsrubi\/wp-json\/wp\/v2\/categories?post=5763"},{"taxonomy":"post_tag","embeddable":true,"href":"https:\/\/agora.xtec.cat\/escolapaucasalsrubi\/wp-json\/wp\/v2\/tags?post=5763"}],"curies":[{"name":"wp","href":"https:\/\/api.w.org\/{rel}","templated":true}]}}