{"id":5720,"date":"2020-02-17T19:43:27","date_gmt":"2020-02-17T18:43:27","guid":{"rendered":"http:\/\/agora.xtec.cat\/escolapaucasalsrubi\/?p=5720"},"modified":"2020-02-17T19:43:27","modified_gmt":"2020-02-17T18:43:27","slug":"ja-tenim-aquari-a-segon","status":"publish","type":"post","link":"https:\/\/agora.xtec.cat\/escolapaucasalsrubi\/curs-2019-20\/ja-tenim-aquari-a-segon\/","title":{"rendered":"JA TENIM AQUARI A SEGON"},"content":{"rendered":"<p><img loading=\"lazy\" decoding=\"async\" class=\"aligncenter size-full wp-image-5721\" src=\"https:\/\/agora.xtec.cat\/escolapaucasalsrubi\/wp-content\/uploads\/usu1615\/2020\/02\/ja_tenim_aquari.jpg\" alt=\"\" width=\"813\" height=\"456\" \/><\/p>\n<p>A segon han realitzat l\u2019activitat estrella d\u2019aquest curs: el muntatge de l\u2019aquari.<br \/>\n\u00c9s un projecte molt competencial, ja que implica totes les \u00e0rees curriculars. A l\u2019\u00e0mbit matem\u00e0tic, per exemple, es fixen en la forma del recipient, mesuren els litres d\u2019aigua que necessiten i controlen la seva temperatura (23 a 25 graus Cent\u00edgrads).<br \/>\nA medi: creen l\u2019h\u00e0bitat dels peixos, estudien els \u00e9ssers vius i es responsabilitzen de cuidar-los adequadament (educaci\u00f3 en valors).<br \/>\nGr\u00e0cies a l\u2019\u00e0rea de llengua, han pogut parlar molt per veure on col\u00b7locaven l\u2019aquari, com muntar-lo, han conegut el vocabulari espec\u00edfic dels aparells necessaris. Tamb\u00e9 estan fent un text instructiu de com han muntat l\u2019aquari.<br \/>\nUs deixem unes fotografies per tal que podeu veure amb quina il\u00b7lusi\u00f3 estan portant a terme aquest projecte.<\/p>\n<p style=\"text-align: center;\">Fotos:\u00a0 \u00a0 \u00a0<a href=\"https:\/\/drive.google.com\/drive\/folders\/1fdABA8czN4Yrg9Y-MjklieYYdZyX73U5?usp=sharing\" target=\"_blank\" rel=\"noopener noreferrer\">2nA<\/a>\u00a0 \u00a0 \u00a0&#8211;\u00a0 \u00a0 \u00a0<a href=\"https:\/\/drive.google.com\/drive\/folders\/1g9n2j5RiXPGwJT_Og5LxSNtMdNWxbEGm?usp=sharing\" target=\"_blank\" rel=\"noopener noreferrer\">2nB<\/a><\/p>\n","protected":false},"excerpt":{"rendered":"<p>A segon han realitzat l\u2019activitat estrella d\u2019aquest curs: el muntatge de l\u2019aquari. \u00c9s un projecte molt competencial, ja que implica totes les \u00e0rees curriculars. A l\u2019\u00e0mbit matem\u00e0tic, per exemple, es fixen en la forma del recipient, mesuren els litres d\u2019aigua que necessiten i controlen la seva temperatura (23 a 25 graus Cent\u00edgrads). A medi: creen [&hellip;]<\/p>\n","protected":false},"author":1,"featured_media":5721,"comment_status":"closed","ping_status":"closed","sticky":false,"template":"","format":"standard","meta":{"_bbp_topic_count":0,"_bbp_reply_count":0,"_bbp_total_topic_count":0,"_bbp_total_reply_count":0,"_bbp_voice_count":0,"_bbp_anonymous_reply_count":0,"_bbp_topic_count_hidden":0,"_bbp_reply_count_hidden":0,"_bbp_forum_subforum_count":0,"site-sidebar-layout":"default","site-content-layout":"","ast-site-content-layout":"","site-content-style":"default","site-sidebar-style":"default","ast-global-header-display":"","ast-banner-title-visibility":"","ast-main-header-display":"","ast-hfb-above-header-display":"","ast-hfb-below-header-display":"","ast-hfb-mobile-header-display":"","site-post-title":"","ast-breadcrumbs-content":"","ast-featured-img":"","footer-sml-layout":"","theme-transparent-header-meta":"","adv-header-id-meta":"","stick-header-meta":"","header-above-stick-meta":"","header-main-stick-meta":"","header-below-stick-meta":"","astra-migrate-meta-layouts":"default","ast-page-background-enabled":"default","ast-page-background-meta":{"desktop":{"background-color":"var(--ast-global-color-5)","background-image":"","background-repeat":"repeat","background-position":"center center","background-size":"auto","background-attachment":"scroll","background-type":"","background-media":"","overlay-type":"","overlay-color":"","overlay-opacity":"","overlay-gradient":""},"tablet":{"background-color":"","background-image":"","background-repeat":"repeat","background-position":"center center","background-size":"auto","background-attachment":"scroll","background-type":"","background-media":"","overlay-type":"","overlay-color":"","overlay-opacity":"","overlay-gradient":""},"mobile":{"background-color":"","background-image":"","background-repeat":"repeat","background-position":"center center","background-size":"auto","background-attachment":"scroll","background-type":"","background-media":"","overlay-type":"","overlay-color":"","overlay-opacity":"","overlay-gradient":""}},"ast-content-background-meta":{"desktop":{"background-color":"var(--ast-global-color-4)","background-image":"","background-repeat":"repeat","background-position":"center center","background-size":"auto","background-attachment":"scroll","background-type":"","background-media":"","overlay-type":"","overlay-color":"","overlay-opacity":"","overlay-gradient":""},"tablet":{"background-color":"var(--ast-global-color-4)","background-image":"","background-repeat":"repeat","background-position":"center center","background-size":"auto","background-attachment":"scroll","background-type":"","background-media":"","overlay-type":"","overlay-color":"","overlay-opacity":"","overlay-gradient":""},"mobile":{"background-color":"var(--ast-global-color-4)","background-image":"","background-repeat":"repeat","background-position":"center center","background-size":"auto","background-attachment":"scroll","background-type":"","background-media":"","overlay-type":"","overlay-color":"","overlay-opacity":"","overlay-gradient":""}},"footnotes":""},"categories":[132,127,137],"tags":[],"class_list":["post-5720","post","type-post","status-publish","format-standard","has-post-thumbnail","hentry","category-2n-curs-2020","category-curs-2019-20","category-portada-curs-2020"],"post_mailing_queue_ids":[],"_links":{"self":[{"href":"https:\/\/agora.xtec.cat\/escolapaucasalsrubi\/wp-json\/wp\/v2\/posts\/5720","targetHints":{"allow":["GET"]}}],"collection":[{"href":"https:\/\/agora.xtec.cat\/escolapaucasalsrubi\/wp-json\/wp\/v2\/posts"}],"about":[{"href":"https:\/\/agora.xtec.cat\/escolapaucasalsrubi\/wp-json\/wp\/v2\/types\/post"}],"author":[{"embeddable":true,"href":"https:\/\/agora.xtec.cat\/escolapaucasalsrubi\/wp-json\/wp\/v2\/users\/1"}],"replies":[{"embeddable":true,"href":"https:\/\/agora.xtec.cat\/escolapaucasalsrubi\/wp-json\/wp\/v2\/comments?post=5720"}],"version-history":[{"count":1,"href":"https:\/\/agora.xtec.cat\/escolapaucasalsrubi\/wp-json\/wp\/v2\/posts\/5720\/revisions"}],"predecessor-version":[{"id":5722,"href":"https:\/\/agora.xtec.cat\/escolapaucasalsrubi\/wp-json\/wp\/v2\/posts\/5720\/revisions\/5722"}],"wp:featuredmedia":[{"embeddable":true,"href":"https:\/\/agora.xtec.cat\/escolapaucasalsrubi\/wp-json\/wp\/v2\/media\/5721"}],"wp:attachment":[{"href":"https:\/\/agora.xtec.cat\/escolapaucasalsrubi\/wp-json\/wp\/v2\/media?parent=5720"}],"wp:term":[{"taxonomy":"category","embeddable":true,"href":"https:\/\/agora.xtec.cat\/escolapaucasalsrubi\/wp-json\/wp\/v2\/categories?post=5720"},{"taxonomy":"post_tag","embeddable":true,"href":"https:\/\/agora.xtec.cat\/escolapaucasalsrubi\/wp-json\/wp\/v2\/tags?post=5720"}],"curies":[{"name":"wp","href":"https:\/\/api.w.org\/{rel}","templated":true}]}}