{"id":5669,"date":"2020-01-31T18:30:49","date_gmt":"2020-01-31T17:30:49","guid":{"rendered":"http:\/\/agora.xtec.cat\/escolapaucasalsrubi\/?p=5669"},"modified":"2020-02-01T09:43:29","modified_gmt":"2020-02-01T08:43:29","slug":"els-patis-de-cinema-una-nova-proposta","status":"publish","type":"post","link":"https:\/\/agora.xtec.cat\/escolapaucasalsrubi\/curs-2019-20\/els-patis-de-cinema-una-nova-proposta\/","title":{"rendered":"ELS PATIS DE CINEMA: UNA NOVA PROPOSTA"},"content":{"rendered":"<p><img loading=\"lazy\" decoding=\"async\" class=\"aligncenter size-full wp-image-5670\" src=\"https:\/\/agora.xtec.cat\/escolapaucasalsrubi\/wp-content\/uploads\/usu1615\/2020\/02\/patis_de_cinema.jpg\" alt=\"\" width=\"243\" height=\"138\" \/><\/p>\n<p>En el marc del nostre projecte de patis educatius: espais simP\u00c0TIcs hem incorporat una nova proposta. Avan\u00e7ant en l\u2019alian\u00e7a que tenim amb la Filmoteca de Catalunya, com a partner del programa Magnet, hem volgut facilitar un espai de trobada amb el cinema a les hores de pati on els infants poden accedir de manera lliure.<br \/>\nLa proposta contempla un passeig per la hist\u00f2ria on s\u2019alterna cinema documental, cinema cl\u00e0ssic, cinema d\u2019animaci\u00f3 i films dels inicis del cinema.<br \/>\nEl principal objectiu \u00e9s introduir els infants al m\u00f3n del cinema ent\u00e8s com un art amb curtmetratges que siguin atractius. Un cinema que potser no han vist mai.<br \/>\nVolem compartir amb vosaltres l\u2019oferta f\u00edlmica del primer trimestre i convidar-vos a veure, amb els vostres infants a casa, aquestes meravelles del cinema.<br \/>\nEsperem que gaudiu molt.<\/p>\n<p><img loading=\"lazy\" decoding=\"async\" class=\"aligncenter size-full wp-image-5671\" src=\"https:\/\/agora.xtec.cat\/escolapaucasalsrubi\/wp-content\/uploads\/usu1615\/2020\/02\/patis_de_cinema2.jpg\" alt=\"\" width=\"743\" height=\"440\" srcset=\"https:\/\/agora.xtec.cat\/escolapaucasalsrubi\/wp-content\/uploads\/usu1615\/2020\/02\/patis_de_cinema2.jpg 743w, https:\/\/agora.xtec.cat\/escolapaucasalsrubi\/wp-content\/uploads\/usu1615\/2020\/02\/patis_de_cinema2-300x178.jpg 300w\" sizes=\"auto, (max-width: 743px) 100vw, 743px\" \/><\/p>\n","protected":false},"excerpt":{"rendered":"<p>En el marc del nostre projecte de patis educatius: espais simP\u00c0TIcs hem incorporat una nova proposta. Avan\u00e7ant en l\u2019alian\u00e7a que tenim amb la Filmoteca de Catalunya, com a partner del programa Magnet, hem volgut facilitar un espai de trobada amb el cinema a les hores de pati on els infants poden accedir de manera lliure. [&hellip;]<\/p>\n","protected":false},"author":1,"featured_media":5670,"comment_status":"closed","ping_status":"closed","sticky":false,"template":"","format":"standard","meta":{"_bbp_topic_count":0,"_bbp_reply_count":0,"_bbp_total_topic_count":0,"_bbp_total_reply_count":0,"_bbp_voice_count":0,"_bbp_anonymous_reply_count":0,"_bbp_topic_count_hidden":0,"_bbp_reply_count_hidden":0,"_bbp_forum_subforum_count":0,"site-sidebar-layout":"default","site-content-layout":"","ast-site-content-layout":"","site-content-style":"default","site-sidebar-style":"default","ast-global-header-display":"","ast-banner-title-visibility":"","ast-main-header-display":"","ast-hfb-above-header-display":"","ast-hfb-below-header-display":"","ast-hfb-mobile-header-display":"","site-post-title":"","ast-breadcrumbs-content":"","ast-featured-img":"","footer-sml-layout":"","theme-transparent-header-meta":"","adv-header-id-meta":"","stick-header-meta":"","header-above-stick-meta":"","header-main-stick-meta":"","header-below-stick-meta":"","astra-migrate-meta-layouts":"default","ast-page-background-enabled":"default","ast-page-background-meta":{"desktop":{"background-color":"var(--ast-global-color-5)","background-image":"","background-repeat":"repeat","background-position":"center center","background-size":"auto","background-attachment":"scroll","background-type":"","background-media":"","overlay-type":"","overlay-color":"","overlay-opacity":"","overlay-gradient":""},"tablet":{"background-color":"","background-image":"","background-repeat":"repeat","background-position":"center center","background-size":"auto","background-attachment":"scroll","background-type":"","background-media":"","overlay-type":"","overlay-color":"","overlay-opacity":"","overlay-gradient":""},"mobile":{"background-color":"","background-image":"","background-repeat":"repeat","background-position":"center center","background-size":"auto","background-attachment":"scroll","background-type":"","background-media":"","overlay-type":"","overlay-color":"","overlay-opacity":"","overlay-gradient":""}},"ast-content-background-meta":{"desktop":{"background-color":"var(--ast-global-color-4)","background-image":"","background-repeat":"repeat","background-position":"center center","background-size":"auto","background-attachment":"scroll","background-type":"","background-media":"","overlay-type":"","overlay-color":"","overlay-opacity":"","overlay-gradient":""},"tablet":{"background-color":"var(--ast-global-color-4)","background-image":"","background-repeat":"repeat","background-position":"center center","background-size":"auto","background-attachment":"scroll","background-type":"","background-media":"","overlay-type":"","overlay-color":"","overlay-opacity":"","overlay-gradient":""},"mobile":{"background-color":"var(--ast-global-color-4)","background-image":"","background-repeat":"repeat","background-position":"center center","background-size":"auto","background-attachment":"scroll","background-type":"","background-media":"","overlay-type":"","overlay-color":"","overlay-opacity":"","overlay-gradient":""}},"footnotes":""},"categories":[149,127,137],"tags":[],"class_list":["post-5669","post","type-post","status-publish","format-standard","has-post-thumbnail","hentry","category-activitats-magnet-curs-2021-22","category-curs-2019-20","category-portada-curs-2020"],"post_mailing_queue_ids":[],"_links":{"self":[{"href":"https:\/\/agora.xtec.cat\/escolapaucasalsrubi\/wp-json\/wp\/v2\/posts\/5669","targetHints":{"allow":["GET"]}}],"collection":[{"href":"https:\/\/agora.xtec.cat\/escolapaucasalsrubi\/wp-json\/wp\/v2\/posts"}],"about":[{"href":"https:\/\/agora.xtec.cat\/escolapaucasalsrubi\/wp-json\/wp\/v2\/types\/post"}],"author":[{"embeddable":true,"href":"https:\/\/agora.xtec.cat\/escolapaucasalsrubi\/wp-json\/wp\/v2\/users\/1"}],"replies":[{"embeddable":true,"href":"https:\/\/agora.xtec.cat\/escolapaucasalsrubi\/wp-json\/wp\/v2\/comments?post=5669"}],"version-history":[{"count":1,"href":"https:\/\/agora.xtec.cat\/escolapaucasalsrubi\/wp-json\/wp\/v2\/posts\/5669\/revisions"}],"predecessor-version":[{"id":5672,"href":"https:\/\/agora.xtec.cat\/escolapaucasalsrubi\/wp-json\/wp\/v2\/posts\/5669\/revisions\/5672"}],"wp:featuredmedia":[{"embeddable":true,"href":"https:\/\/agora.xtec.cat\/escolapaucasalsrubi\/wp-json\/wp\/v2\/media\/5670"}],"wp:attachment":[{"href":"https:\/\/agora.xtec.cat\/escolapaucasalsrubi\/wp-json\/wp\/v2\/media?parent=5669"}],"wp:term":[{"taxonomy":"category","embeddable":true,"href":"https:\/\/agora.xtec.cat\/escolapaucasalsrubi\/wp-json\/wp\/v2\/categories?post=5669"},{"taxonomy":"post_tag","embeddable":true,"href":"https:\/\/agora.xtec.cat\/escolapaucasalsrubi\/wp-json\/wp\/v2\/tags?post=5669"}],"curies":[{"name":"wp","href":"https:\/\/api.w.org\/{rel}","templated":true}]}}