{"id":5624,"date":"2020-01-17T18:15:12","date_gmt":"2020-01-17T17:15:12","guid":{"rendered":"http:\/\/agora.xtec.cat\/escolapaucasalsrubi\/?p=5624"},"modified":"2020-01-18T12:40:32","modified_gmt":"2020-01-18T11:40:32","slug":"cicle-nadalenc-a-laula-dacollida","status":"publish","type":"post","link":"https:\/\/agora.xtec.cat\/escolapaucasalsrubi\/curs-2019-20\/cicle-nadalenc-a-laula-dacollida\/","title":{"rendered":"CICLE  NADALENC  A  L\u2019AULA  D\u2019ACOLLIDA"},"content":{"rendered":"<p><img loading=\"lazy\" decoding=\"async\" class=\"aligncenter size-full wp-image-5625\" src=\"https:\/\/agora.xtec.cat\/escolapaucasalsrubi\/wp-content\/uploads\/usu1615\/2020\/01\/cicle_nadalenc.jpg\" alt=\"\" width=\"668\" height=\"265\" \/><\/p>\n<p>Els nens i nenes de l\u2019aula d\u2019acollida van fer diferents activitats per celebrar el Nadal.<\/p>\n<p><img loading=\"lazy\" decoding=\"async\" class=\"alignleft size-full wp-image-5626\" src=\"https:\/\/agora.xtec.cat\/escolapaucasalsrubi\/wp-content\/uploads\/usu1615\/2020\/01\/cicle_nadalenc1.jpg\" alt=\"\" width=\"208\" height=\"276\" \/><\/p>\n<p>&nbsp;<\/p>\n<p>En primer lloc, van realitzar una espelmat\u00f2ria per guarnir la taula de casa seva durant els dies de festa. L\u2019objectiu pedag\u00f2gic d\u2019aquesta activitat \u00e9s aprendre a expressar-se en catal\u00e0 i enriquir el seu vocabulari. Podeu escoltar\u00a0 en els seg\u00fcents videos com ens ho explicaven i com van aprendre noves paraules!<\/p>\n<p>&nbsp;<\/p>\n<p>&nbsp;<\/p>\n<p>&nbsp;<\/p>\n<p style=\"text-align: center;\"><iframe loading=\"lazy\" src=\"https:\/\/www.youtube.com\/embed\/eOdlbICwl7Y?rel=0\" width=\"560\" height=\"315\" frameborder=\"0\" allowfullscreen=\"allowfullscreen\"><\/iframe><\/p>\n<p style=\"text-align: center;\"><iframe loading=\"lazy\" src=\"https:\/\/www.youtube.com\/embed\/-Wwl2QDzOt8?rel=0\" width=\"560\" height=\"315\" frameborder=\"0\" allowfullscreen=\"allowfullscreen\"><span data-mce-type=\"bookmark\" style=\"display: inline-block; width: 0px; overflow: hidden; line-height: 0;\" class=\"mce_SELRES_start\">\ufeff<\/span><\/iframe><\/p>\n<p>A m\u00e9s, a la classe van muntar un petit pessebre.<img loading=\"lazy\" decoding=\"async\" class=\"alignright size-full wp-image-5627\" src=\"https:\/\/agora.xtec.cat\/escolapaucasalsrubi\/wp-content\/uploads\/usu1615\/2020\/01\/cicle_nadalenc2.jpg\" alt=\"\" width=\"339\" height=\"253\" srcset=\"https:\/\/agora.xtec.cat\/escolapaucasalsrubi\/wp-content\/uploads\/usu1615\/2020\/01\/cicle_nadalenc2.jpg 339w, https:\/\/agora.xtec.cat\/escolapaucasalsrubi\/wp-content\/uploads\/usu1615\/2020\/01\/cicle_nadalenc2-300x224.jpg 300w, https:\/\/agora.xtec.cat\/escolapaucasalsrubi\/wp-content\/uploads\/usu1615\/2020\/01\/cicle_nadalenc2-200x150.jpg 200w\" sizes=\"auto, (max-width: 339px) 100vw, 339px\" \/><\/p>\n<p>Van con\u00e8ixer aquesta tradici\u00f3 tan arrelada a casa nostra. Aquesta activitat els va encuriosir molt\u00edssim ja que en els<\/p>\n<p>seus pa\u00efsos d\u2019origen no s\u2019acostuma a fer. Van riure molt amb el caganer i van gaudir col\u00b7locant les figuretes: els pastors, els reis, el naixement, la molsa, les muntanyes de suro&#8230;. mentre ho realitzaven conversaven i explicaven, en llengua catalana, com celebren el Nadal en els seus pa\u00efsos d\u2019origen.<\/p>\n<p>&nbsp;<\/p>\n<p>Tamb\u00e9 els va entusiasmar \u201cfer cagar el ti\u00f3\u201d&#8230;.per alguns dels infants era la primera vegada que ho feien. Els va divertir molt con\u00e8ixer aquesta tradici\u00f3.<\/p>\n<p><img loading=\"lazy\" decoding=\"async\" class=\"aligncenter size-full wp-image-5628\" src=\"https:\/\/agora.xtec.cat\/escolapaucasalsrubi\/wp-content\/uploads\/usu1615\/2020\/01\/cicle_nadalenc3.jpg\" alt=\"\" width=\"209\" height=\"181\" \/><\/p>\n<p>Finalment,\u00a0 i ja en el mes de gener, els Reis d\u2019Orient \u00a0tamb\u00e9 van passar per l\u2019Aula d\u2019Acollida. Estaven molt il.lusionats i il.lusionades obrint els regals!! Els van portar llibres,\u00a0 un parell de jocs de \u201creptes\u201d, uns bra\u00e7alets\u00a0 i unes ulleres del 2020.<\/p>\n<p>Despr\u00e9s d\u2019obrir els regals, els infants\u00a0 van brindar molt contents i contentes i van poder celebrar el nou any que acabaven de comen\u00e7ar.<\/p>\n<p><img loading=\"lazy\" decoding=\"async\" class=\"aligncenter size-full wp-image-5629\" src=\"https:\/\/agora.xtec.cat\/escolapaucasalsrubi\/wp-content\/uploads\/usu1615\/2020\/01\/cicle_nadalenc4.jpg\" alt=\"\" width=\"399\" height=\"315\" srcset=\"https:\/\/agora.xtec.cat\/escolapaucasalsrubi\/wp-content\/uploads\/usu1615\/2020\/01\/cicle_nadalenc4.jpg 399w, https:\/\/agora.xtec.cat\/escolapaucasalsrubi\/wp-content\/uploads\/usu1615\/2020\/01\/cicle_nadalenc4-300x237.jpg 300w\" sizes=\"auto, (max-width: 399px) 100vw, 399px\" \/><\/p>\n<p>Us convidem a qu\u00e8 mireu un petit recull de fotos que mostren totes aquestes activitats.<\/p>\n<p style=\"text-align: center;\">Fotos: <a href=\"https:\/\/drive.google.com\/drive\/folders\/1-N-nHGMsWXy2IrscSKmSi5KnkdHKyTmM?usp=sharing\" target=\"_blank\" rel=\"noopener noreferrer\">Aula d&#8217;acollida<\/a><\/p>\n","protected":false},"excerpt":{"rendered":"<p>Els nens i nenes de l\u2019aula d\u2019acollida van fer diferents activitats per celebrar el Nadal. &nbsp; En primer lloc, van realitzar una espelmat\u00f2ria per guarnir la taula de casa seva durant els dies de festa. L\u2019objectiu pedag\u00f2gic d\u2019aquesta activitat \u00e9s aprendre a expressar-se en catal\u00e0 i enriquir el seu vocabulari. Podeu escoltar\u00a0 en els seg\u00fcents [&hellip;]<\/p>\n","protected":false},"author":1,"featured_media":5625,"comment_status":"closed","ping_status":"closed","sticky":false,"template":"","format":"standard","meta":{"_bbp_topic_count":0,"_bbp_reply_count":0,"_bbp_total_topic_count":0,"_bbp_total_reply_count":0,"_bbp_voice_count":0,"_bbp_anonymous_reply_count":0,"_bbp_topic_count_hidden":0,"_bbp_reply_count_hidden":0,"_bbp_forum_subforum_count":0,"site-sidebar-layout":"default","site-content-layout":"","ast-site-content-layout":"","site-content-style":"default","site-sidebar-style":"default","ast-global-header-display":"","ast-banner-title-visibility":"","ast-main-header-display":"","ast-hfb-above-header-display":"","ast-hfb-below-header-display":"","ast-hfb-mobile-header-display":"","site-post-title":"","ast-breadcrumbs-content":"","ast-featured-img":"","footer-sml-layout":"","theme-transparent-header-meta":"","adv-header-id-meta":"","stick-header-meta":"","header-above-stick-meta":"","header-main-stick-meta":"","header-below-stick-meta":"","astra-migrate-meta-layouts":"default","ast-page-background-enabled":"default","ast-page-background-meta":{"desktop":{"background-color":"var(--ast-global-color-5)","background-image":"","background-repeat":"repeat","background-position":"center center","background-size":"auto","background-attachment":"scroll","background-type":"","background-media":"","overlay-type":"","overlay-color":"","overlay-opacity":"","overlay-gradient":""},"tablet":{"background-color":"","background-image":"","background-repeat":"repeat","background-position":"center center","background-size":"auto","background-attachment":"scroll","background-type":"","background-media":"","overlay-type":"","overlay-color":"","overlay-opacity":"","overlay-gradient":""},"mobile":{"background-color":"","background-image":"","background-repeat":"repeat","background-position":"center center","background-size":"auto","background-attachment":"scroll","background-type":"","background-media":"","overlay-type":"","overlay-color":"","overlay-opacity":"","overlay-gradient":""}},"ast-content-background-meta":{"desktop":{"background-color":"var(--ast-global-color-4)","background-image":"","background-repeat":"repeat","background-position":"center center","background-size":"auto","background-attachment":"scroll","background-type":"","background-media":"","overlay-type":"","overlay-color":"","overlay-opacity":"","overlay-gradient":""},"tablet":{"background-color":"var(--ast-global-color-4)","background-image":"","background-repeat":"repeat","background-position":"center center","background-size":"auto","background-attachment":"scroll","background-type":"","background-media":"","overlay-type":"","overlay-color":"","overlay-opacity":"","overlay-gradient":""},"mobile":{"background-color":"var(--ast-global-color-4)","background-image":"","background-repeat":"repeat","background-position":"center center","background-size":"auto","background-attachment":"scroll","background-type":"","background-media":"","overlay-type":"","overlay-color":"","overlay-opacity":"","overlay-gradient":""}},"footnotes":""},"categories":[138,127,137],"tags":[],"class_list":["post-5624","post","type-post","status-publish","format-standard","has-post-thumbnail","hentry","category-aula-dacollida-curs-2020","category-curs-2019-20","category-portada-curs-2020"],"post_mailing_queue_ids":[],"_links":{"self":[{"href":"https:\/\/agora.xtec.cat\/escolapaucasalsrubi\/wp-json\/wp\/v2\/posts\/5624","targetHints":{"allow":["GET"]}}],"collection":[{"href":"https:\/\/agora.xtec.cat\/escolapaucasalsrubi\/wp-json\/wp\/v2\/posts"}],"about":[{"href":"https:\/\/agora.xtec.cat\/escolapaucasalsrubi\/wp-json\/wp\/v2\/types\/post"}],"author":[{"embeddable":true,"href":"https:\/\/agora.xtec.cat\/escolapaucasalsrubi\/wp-json\/wp\/v2\/users\/1"}],"replies":[{"embeddable":true,"href":"https:\/\/agora.xtec.cat\/escolapaucasalsrubi\/wp-json\/wp\/v2\/comments?post=5624"}],"version-history":[{"count":1,"href":"https:\/\/agora.xtec.cat\/escolapaucasalsrubi\/wp-json\/wp\/v2\/posts\/5624\/revisions"}],"predecessor-version":[{"id":5630,"href":"https:\/\/agora.xtec.cat\/escolapaucasalsrubi\/wp-json\/wp\/v2\/posts\/5624\/revisions\/5630"}],"wp:featuredmedia":[{"embeddable":true,"href":"https:\/\/agora.xtec.cat\/escolapaucasalsrubi\/wp-json\/wp\/v2\/media\/5625"}],"wp:attachment":[{"href":"https:\/\/agora.xtec.cat\/escolapaucasalsrubi\/wp-json\/wp\/v2\/media?parent=5624"}],"wp:term":[{"taxonomy":"category","embeddable":true,"href":"https:\/\/agora.xtec.cat\/escolapaucasalsrubi\/wp-json\/wp\/v2\/categories?post=5624"},{"taxonomy":"post_tag","embeddable":true,"href":"https:\/\/agora.xtec.cat\/escolapaucasalsrubi\/wp-json\/wp\/v2\/tags?post=5624"}],"curies":[{"name":"wp","href":"https:\/\/api.w.org\/{rel}","templated":true}]}}