{"id":5414,"date":"2019-11-11T20:56:50","date_gmt":"2019-11-11T19:56:50","guid":{"rendered":"http:\/\/agora.xtec.cat\/escolapaucasalsrubi\/?p=5414"},"modified":"2019-11-11T21:00:38","modified_gmt":"2019-11-11T20:00:38","slug":"benvingudes-families-de-cinque","status":"publish","type":"post","link":"https:\/\/agora.xtec.cat\/escolapaucasalsrubi\/curs-2019-20\/benvingudes-families-de-cinque\/","title":{"rendered":"BENVINGUDES FAM\u00cdLIES DE CINQU\u00c8!!"},"content":{"rendered":"<p><img loading=\"lazy\" decoding=\"async\" class=\"aligncenter size-full wp-image-5415\" src=\"https:\/\/agora.xtec.cat\/escolapaucasalsrubi\/wp-content\/uploads\/usu1615\/2019\/11\/reunio_pares.jpg\" alt=\"\" width=\"740\" height=\"555\" \/><\/p>\n<p>El dijous 24 d\u2019Octubre l\u2019equip de mestres v\u00e0rem convidar a les fam\u00edlies dels alumnes de cinqu\u00e8 per a inaugurar aquest nou curs.<br \/>\nLes fam\u00edlies es van convertir en les protagonistes de la reuni\u00f3 i van poder resoldre diferents reptes tal com ho fan els seus infants a les aules. Una manera diferent de poder explicar a les fam\u00edlies el projecte pedag\u00f2gic i les activitats que es realitzen a cinqu\u00e8.<br \/>\nCom a tancament v\u00e0rem pujar a les aules i les fam\u00edlies van poder rebre un regal molt especial: els seus fills i filles els havien deixat una postal amb un cor fet amb les seves mans acompanyat d\u2019unes boniques paraules al darrere. Les fam\u00edlies es van emocionar molt! Despr\u00e9s els pares i les mares van deixar uns missatges per a ells!. L\u2019endem\u00e0, en arribar a classe, els alumnes van trobar una gran sorpresa!<br \/>\nMoltes gr\u00e0cies fam\u00edlies per la vostra col\u00b7laboraci\u00f3 i participaci\u00f3 en la reuni\u00f3!<\/p>\n<p style=\"text-align: center;\">Fotos: <a href=\"https:\/\/drive.google.com\/drive\/folders\/1t-sfrtJN3XqCL6poCH5BvrglsfmXIb66?usp=sharing\" target=\"_blank\" rel=\"noopener noreferrer\">5\u00e8<\/a><\/p>\n","protected":false},"excerpt":{"rendered":"<p>El dijous 24 d\u2019Octubre l\u2019equip de mestres v\u00e0rem convidar a les fam\u00edlies dels alumnes de cinqu\u00e8 per a inaugurar aquest nou curs. Les fam\u00edlies es van convertir en les protagonistes de la reuni\u00f3 i van poder resoldre diferents reptes tal com ho fan els seus infants a les aules. Una manera diferent de poder explicar [&hellip;]<\/p>\n","protected":false},"author":1,"featured_media":5415,"comment_status":"closed","ping_status":"closed","sticky":false,"template":"","format":"standard","meta":{"_bbp_topic_count":0,"_bbp_reply_count":0,"_bbp_total_topic_count":0,"_bbp_total_reply_count":0,"_bbp_voice_count":0,"_bbp_anonymous_reply_count":0,"_bbp_topic_count_hidden":0,"_bbp_reply_count_hidden":0,"_bbp_forum_subforum_count":0,"site-sidebar-layout":"default","site-content-layout":"","ast-site-content-layout":"","site-content-style":"default","site-sidebar-style":"default","ast-global-header-display":"","ast-banner-title-visibility":"","ast-main-header-display":"","ast-hfb-above-header-display":"","ast-hfb-below-header-display":"","ast-hfb-mobile-header-display":"","site-post-title":"","ast-breadcrumbs-content":"","ast-featured-img":"","footer-sml-layout":"","theme-transparent-header-meta":"","adv-header-id-meta":"","stick-header-meta":"","header-above-stick-meta":"","header-main-stick-meta":"","header-below-stick-meta":"","astra-migrate-meta-layouts":"default","ast-page-background-enabled":"default","ast-page-background-meta":{"desktop":{"background-color":"var(--ast-global-color-5)","background-image":"","background-repeat":"repeat","background-position":"center center","background-size":"auto","background-attachment":"scroll","background-type":"","background-media":"","overlay-type":"","overlay-color":"","overlay-opacity":"","overlay-gradient":""},"tablet":{"background-color":"","background-image":"","background-repeat":"repeat","background-position":"center center","background-size":"auto","background-attachment":"scroll","background-type":"","background-media":"","overlay-type":"","overlay-color":"","overlay-opacity":"","overlay-gradient":""},"mobile":{"background-color":"","background-image":"","background-repeat":"repeat","background-position":"center center","background-size":"auto","background-attachment":"scroll","background-type":"","background-media":"","overlay-type":"","overlay-color":"","overlay-opacity":"","overlay-gradient":""}},"ast-content-background-meta":{"desktop":{"background-color":"var(--ast-global-color-4)","background-image":"","background-repeat":"repeat","background-position":"center center","background-size":"auto","background-attachment":"scroll","background-type":"","background-media":"","overlay-type":"","overlay-color":"","overlay-opacity":"","overlay-gradient":""},"tablet":{"background-color":"var(--ast-global-color-4)","background-image":"","background-repeat":"repeat","background-position":"center center","background-size":"auto","background-attachment":"scroll","background-type":"","background-media":"","overlay-type":"","overlay-color":"","overlay-opacity":"","overlay-gradient":""},"mobile":{"background-color":"var(--ast-global-color-4)","background-image":"","background-repeat":"repeat","background-position":"center center","background-size":"auto","background-attachment":"scroll","background-type":"","background-media":"","overlay-type":"","overlay-color":"","overlay-opacity":"","overlay-gradient":""}},"footnotes":""},"categories":[135,127,137],"tags":[],"class_list":["post-5414","post","type-post","status-publish","format-standard","has-post-thumbnail","hentry","category-5e-curs-2020","category-curs-2019-20","category-portada-curs-2020"],"post_mailing_queue_ids":[],"_links":{"self":[{"href":"https:\/\/agora.xtec.cat\/escolapaucasalsrubi\/wp-json\/wp\/v2\/posts\/5414","targetHints":{"allow":["GET"]}}],"collection":[{"href":"https:\/\/agora.xtec.cat\/escolapaucasalsrubi\/wp-json\/wp\/v2\/posts"}],"about":[{"href":"https:\/\/agora.xtec.cat\/escolapaucasalsrubi\/wp-json\/wp\/v2\/types\/post"}],"author":[{"embeddable":true,"href":"https:\/\/agora.xtec.cat\/escolapaucasalsrubi\/wp-json\/wp\/v2\/users\/1"}],"replies":[{"embeddable":true,"href":"https:\/\/agora.xtec.cat\/escolapaucasalsrubi\/wp-json\/wp\/v2\/comments?post=5414"}],"version-history":[{"count":1,"href":"https:\/\/agora.xtec.cat\/escolapaucasalsrubi\/wp-json\/wp\/v2\/posts\/5414\/revisions"}],"predecessor-version":[{"id":5416,"href":"https:\/\/agora.xtec.cat\/escolapaucasalsrubi\/wp-json\/wp\/v2\/posts\/5414\/revisions\/5416"}],"wp:featuredmedia":[{"embeddable":true,"href":"https:\/\/agora.xtec.cat\/escolapaucasalsrubi\/wp-json\/wp\/v2\/media\/5415"}],"wp:attachment":[{"href":"https:\/\/agora.xtec.cat\/escolapaucasalsrubi\/wp-json\/wp\/v2\/media?parent=5414"}],"wp:term":[{"taxonomy":"category","embeddable":true,"href":"https:\/\/agora.xtec.cat\/escolapaucasalsrubi\/wp-json\/wp\/v2\/categories?post=5414"},{"taxonomy":"post_tag","embeddable":true,"href":"https:\/\/agora.xtec.cat\/escolapaucasalsrubi\/wp-json\/wp\/v2\/tags?post=5414"}],"curies":[{"name":"wp","href":"https:\/\/api.w.org\/{rel}","templated":true}]}}