{"id":5391,"date":"2019-10-31T17:30:02","date_gmt":"2019-10-31T16:30:02","guid":{"rendered":"http:\/\/agora.xtec.cat\/escolapaucasalsrubi\/?p=5391"},"modified":"2019-10-31T20:12:46","modified_gmt":"2019-10-31T19:12:46","slug":"celebrem-la-castanyada-a-lescola","status":"publish","type":"post","link":"https:\/\/agora.xtec.cat\/escolapaucasalsrubi\/curs-2019-20\/celebrem-la-castanyada-a-lescola\/","title":{"rendered":"CELEBREM LA CASTANYADA A L\u2019ESCOLA"},"content":{"rendered":"<p>Aquest any hem celebrat la tradicional festa de la castanyada a l\u2019escola amb un munt d\u2019activitats.<br \/>\nPer comen\u00e7ar, l\u2019alumnat de 4t de prim\u00e0ria ha teatralitzat per a la resta de l\u2019escola can\u00e7ons tradicionals de tardor fent ombres xineses. Per la tarda, hem sortit tots i totes a la pista i hem comen\u00e7at la festa amb l\u2019entrega de premis del concurs de fruits disfressats. Durant tota la setmana, l\u2019alumnat ha anat portant fruits de tardor disfressats de personatges de pel\u00b7l\u00edcules. L\u2019aula amb m\u00e9s participaci\u00f3 de cada cicle s\u2019ha emportat un premi i tamb\u00e9 hem entregat el penjoll a la creaci\u00f3 m\u00e9s divertida de cada cicle. Hem continuat la tarda amb el ball de la castanyera i l\u2019alumnat de 6\u00e8 ha repartit castanyes que les fam\u00edlies havien estat coent al migdia.<br \/>\nUna castanyada d\u2019all\u00f2 m\u00e9s complerta! Us deixem un petit resum d\u2019aquest dia.<\/p>\n<p style=\"text-align: center;\">Fotos: <a href=\"https:\/\/drive.google.com\/drive\/folders\/1jV9Dw5jb1tkcrk7jaeGA2Q0UC1vWI9gm?usp=sharing\" target=\"_blank\" rel=\"noopener noreferrer\">Festes<\/a><\/p>\n<p><img loading=\"lazy\" decoding=\"async\" class=\"aligncenter size-full wp-image-5392\" src=\"https:\/\/agora.xtec.cat\/escolapaucasalsrubi\/wp-content\/uploads\/usu1615\/2019\/10\/Ombres-02.jpg\" alt=\"\" width=\"960\" height=\"720\" data-wp-editing=\"1\" srcset=\"https:\/\/agora.xtec.cat\/escolapaucasalsrubi\/wp-content\/uploads\/usu1615\/2019\/10\/Ombres-02.jpg 960w, https:\/\/agora.xtec.cat\/escolapaucasalsrubi\/wp-content\/uploads\/usu1615\/2019\/10\/Ombres-02-300x225.jpg 300w, https:\/\/agora.xtec.cat\/escolapaucasalsrubi\/wp-content\/uploads\/usu1615\/2019\/10\/Ombres-02-768x576.jpg 768w, https:\/\/agora.xtec.cat\/escolapaucasalsrubi\/wp-content\/uploads\/usu1615\/2019\/10\/Ombres-02-200x150.jpg 200w\" sizes=\"auto, (max-width: 960px) 100vw, 960px\" \/><\/p>\n<p><img loading=\"lazy\" decoding=\"async\" class=\"aligncenter size-full wp-image-5393\" src=\"https:\/\/agora.xtec.cat\/escolapaucasalsrubi\/wp-content\/uploads\/usu1615\/2019\/10\/Ombres-03.jpg\" alt=\"\" width=\"1280\" height=\"720\" srcset=\"https:\/\/agora.xtec.cat\/escolapaucasalsrubi\/wp-content\/uploads\/usu1615\/2019\/10\/Ombres-03.jpg 1280w, https:\/\/agora.xtec.cat\/escolapaucasalsrubi\/wp-content\/uploads\/usu1615\/2019\/10\/Ombres-03-300x169.jpg 300w, https:\/\/agora.xtec.cat\/escolapaucasalsrubi\/wp-content\/uploads\/usu1615\/2019\/10\/Ombres-03-768x432.jpg 768w, https:\/\/agora.xtec.cat\/escolapaucasalsrubi\/wp-content\/uploads\/usu1615\/2019\/10\/Ombres-03-1024x576.jpg 1024w\" sizes=\"auto, (max-width: 1280px) 100vw, 1280px\" \/><\/p>\n<p><img loading=\"lazy\" decoding=\"async\" class=\"aligncenter size-full wp-image-5394\" src=\"https:\/\/agora.xtec.cat\/escolapaucasalsrubi\/wp-content\/uploads\/usu1615\/2019\/10\/Ombres-01.jpg\" alt=\"\" width=\"1280\" height=\"720\" srcset=\"https:\/\/agora.xtec.cat\/escolapaucasalsrubi\/wp-content\/uploads\/usu1615\/2019\/10\/Ombres-01.jpg 1280w, https:\/\/agora.xtec.cat\/escolapaucasalsrubi\/wp-content\/uploads\/usu1615\/2019\/10\/Ombres-01-300x169.jpg 300w, https:\/\/agora.xtec.cat\/escolapaucasalsrubi\/wp-content\/uploads\/usu1615\/2019\/10\/Ombres-01-768x432.jpg 768w, https:\/\/agora.xtec.cat\/escolapaucasalsrubi\/wp-content\/uploads\/usu1615\/2019\/10\/Ombres-01-1024x576.jpg 1024w\" sizes=\"auto, (max-width: 1280px) 100vw, 1280px\" \/><\/p>\n<p>&nbsp;<\/p>\n<p style=\"text-align: center;\"><iframe loading=\"lazy\" src=\"https:\/\/www.youtube.com\/embed\/2crX5lqk7L4\" width=\"560\" height=\"315\" frameborder=\"0\" allowfullscreen=\"allowfullscreen\"><\/iframe><\/p>\n<p style=\"text-align: center;\"><iframe loading=\"lazy\" src=\"https:\/\/www.youtube.com\/embed\/nTovp8LeWhU\" width=\"560\" height=\"315\" frameborder=\"0\" allowfullscreen=\"allowfullscreen\"><\/iframe><\/p>\n<p style=\"text-align: center;\"><iframe loading=\"lazy\" src=\"https:\/\/www.youtube.com\/embed\/qDvnlSayJ-A\" width=\"560\" height=\"315\" frameborder=\"0\" allowfullscreen=\"allowfullscreen\"><\/iframe><\/p>\n<p style=\"text-align: center;\"><iframe loading=\"lazy\" src=\"https:\/\/www.youtube.com\/embed\/36LhHLyQC4Y\" width=\"560\" height=\"315\" frameborder=\"0\" allowfullscreen=\"allowfullscreen\"><\/iframe><\/p>\n<p style=\"text-align: center;\"><iframe loading=\"lazy\" src=\"https:\/\/www.youtube.com\/embed\/oH2KDVLcBVU\" width=\"560\" height=\"315\" frameborder=\"0\" allowfullscreen=\"allowfullscreen\"><\/iframe><\/p>\n<p style=\"text-align: center;\"><iframe loading=\"lazy\" src=\"https:\/\/www.youtube.com\/embed\/x9qWp9ZHlrU\" width=\"560\" height=\"315\" frameborder=\"0\" allowfullscreen=\"allowfullscreen\"><\/iframe><\/p>\n","protected":false},"excerpt":{"rendered":"<p>Aquest any hem celebrat la tradicional festa de la castanyada a l\u2019escola amb un munt d\u2019activitats. Per comen\u00e7ar, l\u2019alumnat de 4t de prim\u00e0ria ha teatralitzat per a la resta de l\u2019escola can\u00e7ons tradicionals de tardor fent ombres xineses. Per la tarda, hem sortit tots i totes a la pista i hem comen\u00e7at la festa amb [&hellip;]<\/p>\n","protected":false},"author":1,"featured_media":5395,"comment_status":"closed","ping_status":"closed","sticky":false,"template":"","format":"standard","meta":{"_bbp_topic_count":0,"_bbp_reply_count":0,"_bbp_total_topic_count":0,"_bbp_total_reply_count":0,"_bbp_voice_count":0,"_bbp_anonymous_reply_count":0,"_bbp_topic_count_hidden":0,"_bbp_reply_count_hidden":0,"_bbp_forum_subforum_count":0,"site-sidebar-layout":"default","site-content-layout":"","ast-site-content-layout":"","site-content-style":"default","site-sidebar-style":"default","ast-global-header-display":"","ast-banner-title-visibility":"","ast-main-header-display":"","ast-hfb-above-header-display":"","ast-hfb-below-header-display":"","ast-hfb-mobile-header-display":"","site-post-title":"","ast-breadcrumbs-content":"","ast-featured-img":"","footer-sml-layout":"","theme-transparent-header-meta":"","adv-header-id-meta":"","stick-header-meta":"","header-above-stick-meta":"","header-main-stick-meta":"","header-below-stick-meta":"","astra-migrate-meta-layouts":"default","ast-page-background-enabled":"default","ast-page-background-meta":{"desktop":{"background-color":"var(--ast-global-color-5)","background-image":"","background-repeat":"repeat","background-position":"center center","background-size":"auto","background-attachment":"scroll","background-type":"","background-media":"","overlay-type":"","overlay-color":"","overlay-opacity":"","overlay-gradient":""},"tablet":{"background-color":"","background-image":"","background-repeat":"repeat","background-position":"center center","background-size":"auto","background-attachment":"scroll","background-type":"","background-media":"","overlay-type":"","overlay-color":"","overlay-opacity":"","overlay-gradient":""},"mobile":{"background-color":"","background-image":"","background-repeat":"repeat","background-position":"center center","background-size":"auto","background-attachment":"scroll","background-type":"","background-media":"","overlay-type":"","overlay-color":"","overlay-opacity":"","overlay-gradient":""}},"ast-content-background-meta":{"desktop":{"background-color":"var(--ast-global-color-4)","background-image":"","background-repeat":"repeat","background-position":"center center","background-size":"auto","background-attachment":"scroll","background-type":"","background-media":"","overlay-type":"","overlay-color":"","overlay-opacity":"","overlay-gradient":""},"tablet":{"background-color":"var(--ast-global-color-4)","background-image":"","background-repeat":"repeat","background-position":"center center","background-size":"auto","background-attachment":"scroll","background-type":"","background-media":"","overlay-type":"","overlay-color":"","overlay-opacity":"","overlay-gradient":""},"mobile":{"background-color":"var(--ast-global-color-4)","background-image":"","background-repeat":"repeat","background-position":"center center","background-size":"auto","background-attachment":"scroll","background-type":"","background-media":"","overlay-type":"","overlay-color":"","overlay-opacity":"","overlay-gradient":""}},"footnotes":""},"categories":[127,145,137],"tags":[],"class_list":["post-5391","post","type-post","status-publish","format-standard","has-post-thumbnail","hentry","category-curs-2019-20","category-festes-curs-2020","category-portada-curs-2020"],"post_mailing_queue_ids":[],"_links":{"self":[{"href":"https:\/\/agora.xtec.cat\/escolapaucasalsrubi\/wp-json\/wp\/v2\/posts\/5391","targetHints":{"allow":["GET"]}}],"collection":[{"href":"https:\/\/agora.xtec.cat\/escolapaucasalsrubi\/wp-json\/wp\/v2\/posts"}],"about":[{"href":"https:\/\/agora.xtec.cat\/escolapaucasalsrubi\/wp-json\/wp\/v2\/types\/post"}],"author":[{"embeddable":true,"href":"https:\/\/agora.xtec.cat\/escolapaucasalsrubi\/wp-json\/wp\/v2\/users\/1"}],"replies":[{"embeddable":true,"href":"https:\/\/agora.xtec.cat\/escolapaucasalsrubi\/wp-json\/wp\/v2\/comments?post=5391"}],"version-history":[{"count":2,"href":"https:\/\/agora.xtec.cat\/escolapaucasalsrubi\/wp-json\/wp\/v2\/posts\/5391\/revisions"}],"predecessor-version":[{"id":5397,"href":"https:\/\/agora.xtec.cat\/escolapaucasalsrubi\/wp-json\/wp\/v2\/posts\/5391\/revisions\/5397"}],"wp:featuredmedia":[{"embeddable":true,"href":"https:\/\/agora.xtec.cat\/escolapaucasalsrubi\/wp-json\/wp\/v2\/media\/5395"}],"wp:attachment":[{"href":"https:\/\/agora.xtec.cat\/escolapaucasalsrubi\/wp-json\/wp\/v2\/media?parent=5391"}],"wp:term":[{"taxonomy":"category","embeddable":true,"href":"https:\/\/agora.xtec.cat\/escolapaucasalsrubi\/wp-json\/wp\/v2\/categories?post=5391"},{"taxonomy":"post_tag","embeddable":true,"href":"https:\/\/agora.xtec.cat\/escolapaucasalsrubi\/wp-json\/wp\/v2\/tags?post=5391"}],"curies":[{"name":"wp","href":"https:\/\/api.w.org\/{rel}","templated":true}]}}