{"id":5385,"date":"2019-10-31T17:00:47","date_gmt":"2019-10-31T16:00:47","guid":{"rendered":"http:\/\/agora.xtec.cat\/escolapaucasalsrubi\/?p=5385"},"modified":"2019-10-31T19:27:16","modified_gmt":"2019-10-31T18:27:16","slug":"reunio-de-families-de-4t","status":"publish","type":"post","link":"https:\/\/agora.xtec.cat\/escolapaucasalsrubi\/curs-2019-20\/reunio-de-families-de-4t\/","title":{"rendered":"REUNI\u00d3 DE FAM\u00cdLIES DE 4t"},"content":{"rendered":"<p><img loading=\"lazy\" decoding=\"async\" class=\"aligncenter size-full wp-image-5386\" src=\"https:\/\/agora.xtec.cat\/escolapaucasalsrubi\/wp-content\/uploads\/usu1615\/2019\/10\/reunio_families-1.jpg\" alt=\"\" width=\"512\" height=\"365\" \/><\/p>\n<p>El passat dijous 17 d\u2019octubre, les fam\u00edlies i l\u2019equip docent de 4t\u00a0 es van reunir per presentar el nou curs. Seguint el lema del curs actual \u201cCaminem juntes i junts\u201d, van compartir una estona molt agradable, en la qual, les fam\u00edlies van rebre un detall dels seus fills i filles que consistia en un punt de llibre amb\u00a0 la mirada dels infants i un poema on es feia una reflexi\u00f3 sobre la import\u00e0ncia de posar-nos en els seus ulls. Posteriorment, les fam\u00edlies van elaborar per grups diversos missatges per a penjar a les aules, en els quals, encoratjaven als infants a assumir reptes i els transmetien el seu suport i confian\u00e7a. Cada grup de familiars va compartir amb la resta les seves creacions i va ser una viv\u00e8ncia molt enriquidora.<\/p>\n<p>Tot seguit, es va parlar dels aspectes pedag\u00f2gics i organitzatius m\u00e9s significatius del centre i del cicle, i dels projectes que defineixen i s\u00f3n tret d\u2019identitat de l\u2019escola com: el projecte d\u2019escola Magnet, Filosofia 3\/18,\u00a0 Espais simp\u00e0tics, 1,2,3&#8230; ens relaxem!, 5\u2019English o els 30\u2019de lectura.<\/p>\n<p>Va ser una estona molt agradable, en la qual, els diversos agents educatius es van trobar i van compartir aquells aspectes m\u00e9s importants del gran repte educatiu que tenen en com\u00fa, que \u00e9s l\u2019educaci\u00f3 dels infants des d\u2019una visi\u00f3 360\u00ba de la tasca educativa.<\/p>\n<p style=\"text-align: center;\">Fotos: <a href=\"https:\/\/drive.google.com\/drive\/folders\/1Nj2q5umiwthSbX865ER9dk-JbbHUYXGF?usp=sharing\" target=\"_blank\" rel=\"noopener noreferrer\">4t<\/a><\/p>\n","protected":false},"excerpt":{"rendered":"<p>El passat dijous 17 d\u2019octubre, les fam\u00edlies i l\u2019equip docent de 4t\u00a0 es van reunir per presentar el nou curs. Seguint el lema del curs actual \u201cCaminem juntes i junts\u201d, van compartir una estona molt agradable, en la qual, les fam\u00edlies van rebre un detall dels seus fills i filles que consistia en un punt [&hellip;]<\/p>\n","protected":false},"author":1,"featured_media":5386,"comment_status":"closed","ping_status":"closed","sticky":false,"template":"","format":"standard","meta":{"_bbp_topic_count":0,"_bbp_reply_count":0,"_bbp_total_topic_count":0,"_bbp_total_reply_count":0,"_bbp_voice_count":0,"_bbp_anonymous_reply_count":0,"_bbp_topic_count_hidden":0,"_bbp_reply_count_hidden":0,"_bbp_forum_subforum_count":0,"site-sidebar-layout":"default","site-content-layout":"","ast-site-content-layout":"","site-content-style":"default","site-sidebar-style":"default","ast-global-header-display":"","ast-banner-title-visibility":"","ast-main-header-display":"","ast-hfb-above-header-display":"","ast-hfb-below-header-display":"","ast-hfb-mobile-header-display":"","site-post-title":"","ast-breadcrumbs-content":"","ast-featured-img":"","footer-sml-layout":"","theme-transparent-header-meta":"","adv-header-id-meta":"","stick-header-meta":"","header-above-stick-meta":"","header-main-stick-meta":"","header-below-stick-meta":"","astra-migrate-meta-layouts":"default","ast-page-background-enabled":"default","ast-page-background-meta":{"desktop":{"background-color":"var(--ast-global-color-5)","background-image":"","background-repeat":"repeat","background-position":"center center","background-size":"auto","background-attachment":"scroll","background-type":"","background-media":"","overlay-type":"","overlay-color":"","overlay-opacity":"","overlay-gradient":""},"tablet":{"background-color":"","background-image":"","background-repeat":"repeat","background-position":"center center","background-size":"auto","background-attachment":"scroll","background-type":"","background-media":"","overlay-type":"","overlay-color":"","overlay-opacity":"","overlay-gradient":""},"mobile":{"background-color":"","background-image":"","background-repeat":"repeat","background-position":"center center","background-size":"auto","background-attachment":"scroll","background-type":"","background-media":"","overlay-type":"","overlay-color":"","overlay-opacity":"","overlay-gradient":""}},"ast-content-background-meta":{"desktop":{"background-color":"var(--ast-global-color-4)","background-image":"","background-repeat":"repeat","background-position":"center center","background-size":"auto","background-attachment":"scroll","background-type":"","background-media":"","overlay-type":"","overlay-color":"","overlay-opacity":"","overlay-gradient":""},"tablet":{"background-color":"var(--ast-global-color-4)","background-image":"","background-repeat":"repeat","background-position":"center center","background-size":"auto","background-attachment":"scroll","background-type":"","background-media":"","overlay-type":"","overlay-color":"","overlay-opacity":"","overlay-gradient":""},"mobile":{"background-color":"var(--ast-global-color-4)","background-image":"","background-repeat":"repeat","background-position":"center center","background-size":"auto","background-attachment":"scroll","background-type":"","background-media":"","overlay-type":"","overlay-color":"","overlay-opacity":"","overlay-gradient":""}},"footnotes":""},"categories":[134,127,137],"tags":[],"class_list":["post-5385","post","type-post","status-publish","format-standard","has-post-thumbnail","hentry","category-4t-curs-2020","category-curs-2019-20","category-portada-curs-2020"],"post_mailing_queue_ids":[],"_links":{"self":[{"href":"https:\/\/agora.xtec.cat\/escolapaucasalsrubi\/wp-json\/wp\/v2\/posts\/5385","targetHints":{"allow":["GET"]}}],"collection":[{"href":"https:\/\/agora.xtec.cat\/escolapaucasalsrubi\/wp-json\/wp\/v2\/posts"}],"about":[{"href":"https:\/\/agora.xtec.cat\/escolapaucasalsrubi\/wp-json\/wp\/v2\/types\/post"}],"author":[{"embeddable":true,"href":"https:\/\/agora.xtec.cat\/escolapaucasalsrubi\/wp-json\/wp\/v2\/users\/1"}],"replies":[{"embeddable":true,"href":"https:\/\/agora.xtec.cat\/escolapaucasalsrubi\/wp-json\/wp\/v2\/comments?post=5385"}],"version-history":[{"count":1,"href":"https:\/\/agora.xtec.cat\/escolapaucasalsrubi\/wp-json\/wp\/v2\/posts\/5385\/revisions"}],"predecessor-version":[{"id":5387,"href":"https:\/\/agora.xtec.cat\/escolapaucasalsrubi\/wp-json\/wp\/v2\/posts\/5385\/revisions\/5387"}],"wp:featuredmedia":[{"embeddable":true,"href":"https:\/\/agora.xtec.cat\/escolapaucasalsrubi\/wp-json\/wp\/v2\/media\/5386"}],"wp:attachment":[{"href":"https:\/\/agora.xtec.cat\/escolapaucasalsrubi\/wp-json\/wp\/v2\/media?parent=5385"}],"wp:term":[{"taxonomy":"category","embeddable":true,"href":"https:\/\/agora.xtec.cat\/escolapaucasalsrubi\/wp-json\/wp\/v2\/categories?post=5385"},{"taxonomy":"post_tag","embeddable":true,"href":"https:\/\/agora.xtec.cat\/escolapaucasalsrubi\/wp-json\/wp\/v2\/tags?post=5385"}],"curies":[{"name":"wp","href":"https:\/\/api.w.org\/{rel}","templated":true}]}}