{"id":5134,"date":"2019-06-14T17:37:41","date_gmt":"2019-06-14T15:37:41","guid":{"rendered":"http:\/\/agora.xtec.cat\/escolapaucasalsrubi\/?p=5134"},"modified":"2019-06-14T18:13:30","modified_gmt":"2019-06-14T16:13:30","slug":"els-infants-de-p4-visiten-el-park-guell","status":"publish","type":"post","link":"https:\/\/agora.xtec.cat\/escolapaucasalsrubi\/portada-curs-2019\/els-infants-de-p4-visiten-el-park-guell\/","title":{"rendered":"ELS INFANTS DE P4 VISITEN EL PARK G\u00dcELL"},"content":{"rendered":"<p>El passat dimarts dia 21 de maig, els infants de les classes de Madagascar i Dumbo van visitar el Park G\u00fcell. Nom\u00e9s arribar van esmorzar en un dels espais destinats al \u201cp\u00edcnic\u201d del parc i van poder veure la casa on va viure Antoni Gaud\u00ed amb el seu pare i la seva cosina. Portaven penjat un cartell amb fotografies dels diferents espais que havien de trobar\u2026. no era dif\u00edcil.<\/p>\n<p>Van entrar al parc pr\u00f2piament dit. Primer a la Pla\u00e7a de la Naturalesa amb els seus bancs ondulats de cer\u00e0mica de trencad\u00eds i despr\u00e9s a la Sala Hip\u00f2stila. Les columnes eren grandioses i els plafons de trencad\u00eds, que havien vist a la classe en fotografies, estaven al sostre. Van haver d\u2019estirar-se al terra per observar-los millor. Tot i que hi havia molts turistes van pujar per veure el p\u00f2rtic de pedres i la bugadera. Per\u00f2 el millor encara no ho havien vist. Era el drac que van trobar pujant les escales.<\/p>\n<p>Han observat tots els elements de la natura que Antoni Gaud\u00ed introdu\u00efa dins del parc com els bolets, les fulles de palmera, les potes de l\u2019elefant&#8230;<\/p>\n<p>Despr\u00e9s de la visita, i tot just havent dinat, els infants han gaudit del parc infantil situat al mateix recinte.<\/p>\n<p>Amb aquesta sortida han conegut molt millor l\u2019obra de Gaud\u00ed, han observat el parc amb curiositat i respecte i han gaudit del conjunt arquitect\u00f2nic i la relaci\u00f3 amb els companys i companyes.<\/p>\n<p>Aqu\u00ed us deixem unes fotografies. Gaudiu-les i feu que els vostres fills i filles us les expliquin.<\/p>\n<p style=\"text-align: center;\">Fotos: <a href=\"https:\/\/drive.google.com\/drive\/folders\/1aV7nq4D9Jn1yES6UYToyyqgk-7pVzuQu?usp=sharing\" target=\"_blank\" rel=\"noopener noreferrer\">P4<\/a><\/p>\n","protected":false},"excerpt":{"rendered":"<p>El passat dimarts dia 21 de maig, els infants de les classes de Madagascar i Dumbo van visitar el Park G\u00fcell. Nom\u00e9s arribar van esmorzar en un dels espais destinats al \u201cp\u00edcnic\u201d del parc i van poder veure la casa on va viure Antoni Gaud\u00ed amb el seu pare i la seva cosina. Portaven penjat [&hellip;]<\/p>\n","protected":false},"author":1,"featured_media":0,"comment_status":"closed","ping_status":"closed","sticky":false,"template":"","format":"standard","meta":{"_bbp_topic_count":0,"_bbp_reply_count":0,"_bbp_total_topic_count":0,"_bbp_total_reply_count":0,"_bbp_voice_count":0,"_bbp_anonymous_reply_count":0,"_bbp_topic_count_hidden":0,"_bbp_reply_count_hidden":0,"_bbp_forum_subforum_count":0,"site-sidebar-layout":"default","site-content-layout":"","ast-site-content-layout":"","site-content-style":"default","site-sidebar-style":"default","ast-global-header-display":"","ast-banner-title-visibility":"","ast-main-header-display":"","ast-hfb-above-header-display":"","ast-hfb-below-header-display":"","ast-hfb-mobile-header-display":"","site-post-title":"","ast-breadcrumbs-content":"","ast-featured-img":"","footer-sml-layout":"","theme-transparent-header-meta":"","adv-header-id-meta":"","stick-header-meta":"","header-above-stick-meta":"","header-main-stick-meta":"","header-below-stick-meta":"","astra-migrate-meta-layouts":"default","ast-page-background-enabled":"default","ast-page-background-meta":{"desktop":{"background-color":"var(--ast-global-color-5)","background-image":"","background-repeat":"repeat","background-position":"center center","background-size":"auto","background-attachment":"scroll","background-type":"","background-media":"","overlay-type":"","overlay-color":"","overlay-opacity":"","overlay-gradient":""},"tablet":{"background-color":"","background-image":"","background-repeat":"repeat","background-position":"center center","background-size":"auto","background-attachment":"scroll","background-type":"","background-media":"","overlay-type":"","overlay-color":"","overlay-opacity":"","overlay-gradient":""},"mobile":{"background-color":"","background-image":"","background-repeat":"repeat","background-position":"center center","background-size":"auto","background-attachment":"scroll","background-type":"","background-media":"","overlay-type":"","overlay-color":"","overlay-opacity":"","overlay-gradient":""}},"ast-content-background-meta":{"desktop":{"background-color":"var(--ast-global-color-4)","background-image":"","background-repeat":"repeat","background-position":"center center","background-size":"auto","background-attachment":"scroll","background-type":"","background-media":"","overlay-type":"","overlay-color":"","overlay-opacity":"","overlay-gradient":""},"tablet":{"background-color":"var(--ast-global-color-4)","background-image":"","background-repeat":"repeat","background-position":"center center","background-size":"auto","background-attachment":"scroll","background-type":"","background-media":"","overlay-type":"","overlay-color":"","overlay-opacity":"","overlay-gradient":""},"mobile":{"background-color":"var(--ast-global-color-4)","background-image":"","background-repeat":"repeat","background-position":"center center","background-size":"auto","background-attachment":"scroll","background-type":"","background-media":"","overlay-type":"","overlay-color":"","overlay-opacity":"","overlay-gradient":""}},"footnotes":""},"categories":[110,88,85],"tags":[],"class_list":["post-5134","post","type-post","status-publish","format-standard","hentry","category-curs-2018-19","category-p4-curs-2019","category-portada-curs-2019"],"post_mailing_queue_ids":[],"_links":{"self":[{"href":"https:\/\/agora.xtec.cat\/escolapaucasalsrubi\/wp-json\/wp\/v2\/posts\/5134","targetHints":{"allow":["GET"]}}],"collection":[{"href":"https:\/\/agora.xtec.cat\/escolapaucasalsrubi\/wp-json\/wp\/v2\/posts"}],"about":[{"href":"https:\/\/agora.xtec.cat\/escolapaucasalsrubi\/wp-json\/wp\/v2\/types\/post"}],"author":[{"embeddable":true,"href":"https:\/\/agora.xtec.cat\/escolapaucasalsrubi\/wp-json\/wp\/v2\/users\/1"}],"replies":[{"embeddable":true,"href":"https:\/\/agora.xtec.cat\/escolapaucasalsrubi\/wp-json\/wp\/v2\/comments?post=5134"}],"version-history":[{"count":2,"href":"https:\/\/agora.xtec.cat\/escolapaucasalsrubi\/wp-json\/wp\/v2\/posts\/5134\/revisions"}],"predecessor-version":[{"id":5152,"href":"https:\/\/agora.xtec.cat\/escolapaucasalsrubi\/wp-json\/wp\/v2\/posts\/5134\/revisions\/5152"}],"wp:attachment":[{"href":"https:\/\/agora.xtec.cat\/escolapaucasalsrubi\/wp-json\/wp\/v2\/media?parent=5134"}],"wp:term":[{"taxonomy":"category","embeddable":true,"href":"https:\/\/agora.xtec.cat\/escolapaucasalsrubi\/wp-json\/wp\/v2\/categories?post=5134"},{"taxonomy":"post_tag","embeddable":true,"href":"https:\/\/agora.xtec.cat\/escolapaucasalsrubi\/wp-json\/wp\/v2\/tags?post=5134"}],"curies":[{"name":"wp","href":"https:\/\/api.w.org\/{rel}","templated":true}]}}