{"id":5124,"date":"2019-06-13T20:53:14","date_gmt":"2019-06-13T18:53:14","guid":{"rendered":"http:\/\/agora.xtec.cat\/escolapaucasalsrubi\/?p=5124"},"modified":"2019-06-13T20:53:36","modified_gmt":"2019-06-13T18:53:36","slug":"apadrinem-rubicity-estimem-en-bodum","status":"publish","type":"post","link":"https:\/\/agora.xtec.cat\/escolapaucasalsrubi\/portada-curs-2019\/apadrinem-rubicity-estimem-en-bodum\/","title":{"rendered":"APADRINEM RUBICITY: ESTIMEM EN B\u00d2DUM"},"content":{"rendered":"<p><img loading=\"lazy\" decoding=\"async\" class=\"aligncenter size-full wp-image-5125\" src=\"https:\/\/agora.xtec.cat\/escolapaucasalsrubi\/wp-content\/uploads\/usu1615\/2019\/06\/rubicity.jpg\" alt=\"\" width=\"283\" height=\"188\" \/><\/p>\n<p>En el marc del projecte \u201cApadrinem Rubicity, estimem Rub\u00ed\u201d la nostra escola t\u00e9 el plaer d\u2019apadrinar un element cultural de la ciutat molt entranyable: \u201cEn B\u00f2dum\u201d.<br \/>\nAquest projecte d\u2019innovaci\u00f3, pret\u00e9n acostar els infants a aquest personatge amb diferents propostes i activitats pedag\u00f2giques amb l\u2019objectiu d\u2019aprofundir en el coneixement del mateix i de fer-ne la seva difusi\u00f3 per tal de donar valor social a l\u2019element apadrinat.<br \/>\nCada classe va dibuixar en B\u00f2dum. Els m\u00e9s petits van guarnir un elefant amb diferents t\u00e8cniques i els m\u00e9s grans per parelles van dibuixar la seva versi\u00f3 d\u2019en B\u00f2dum.<br \/>\nVan rebre la visita sorpresa d\u2019en B\u00f2jum, el cos\u00ed d\u2019en B\u00f2dum, i li van fer una gran benvinguda de la m\u00e0 d\u2019un dels seus creadors: en Pep Borr\u00e0s. Ens va fer un tomb per la vida d\u2019aquest bonic elefant que per a nosaltres \u00e9s s\u00edmbol de la toler\u00e0ncia envers la difer\u00e8ncia i la capacitat d\u2019inclusi\u00f3 amb els quals ens sentim identificats. L\u2019alumnat va ensenyar els seus dibuixos a en Pep. Amb m\u00fasica vam tancar la festa. En B\u00f2jum va ser protagonista de la Festa Major de l\u2019escola amb una festa d\u2019aigua.<br \/>\nEstem molt contentes\/s de ser padrins\/es d\u2019aquest preci\u00f3s personatge. Si voleu saber m\u00e9s coses d\u2019ell podeu instal\u00b7lar l\u2019aplicaci\u00f3 \u201cMobile History Map\u201d on d\u2019alumnes de l\u2019escola us convidaran a donar respostes a curiositats seves quan l\u2019aneu a visitar. Tamb\u00e9 podeu gaudir de l\u2019exposici\u00f3 al Castell on descobrireu quins elements culturals o naturals apadrinen diferents escoles de la ciutat.<\/p>\n<p style=\"text-align: center;\">Fotos: <a href=\"https:\/\/drive.google.com\/drive\/folders\/1AgwjBJCMNn8DxcQRVzpQHfmcaBH0ONXs?usp=sharing\" target=\"_blank\" rel=\"noopener noreferrer\">Festes<\/a><\/p>\n<p style=\"text-align: center;\"><iframe loading=\"lazy\" src=\"https:\/\/www.youtube.com\/embed\/aF6ecJGtdeQ?rel=0\" width=\"560\" height=\"315\" frameborder=\"0\" allowfullscreen=\"allowfullscreen\"><span data-mce-type=\"bookmark\" style=\"display: inline-block; width: 0px; overflow: hidden; line-height: 0;\" class=\"mce_SELRES_start\">\ufeff<\/span><\/iframe><\/p>\n","protected":false},"excerpt":{"rendered":"<p>En el marc del projecte \u201cApadrinem Rubicity, estimem Rub\u00ed\u201d la nostra escola t\u00e9 el plaer d\u2019apadrinar un element cultural de la ciutat molt entranyable: \u201cEn B\u00f2dum\u201d. Aquest projecte d\u2019innovaci\u00f3, pret\u00e9n acostar els infants a aquest personatge amb diferents propostes i activitats pedag\u00f2giques amb l\u2019objectiu d\u2019aprofundir en el coneixement del mateix i de fer-ne la seva [&hellip;]<\/p>\n","protected":false},"author":1,"featured_media":5126,"comment_status":"closed","ping_status":"closed","sticky":false,"template":"","format":"standard","meta":{"_bbp_topic_count":0,"_bbp_reply_count":0,"_bbp_total_topic_count":0,"_bbp_total_reply_count":0,"_bbp_voice_count":0,"_bbp_anonymous_reply_count":0,"_bbp_topic_count_hidden":0,"_bbp_reply_count_hidden":0,"_bbp_forum_subforum_count":0,"site-sidebar-layout":"default","site-content-layout":"","ast-site-content-layout":"","site-content-style":"default","site-sidebar-style":"default","ast-global-header-display":"","ast-banner-title-visibility":"","ast-main-header-display":"","ast-hfb-above-header-display":"","ast-hfb-below-header-display":"","ast-hfb-mobile-header-display":"","site-post-title":"","ast-breadcrumbs-content":"","ast-featured-img":"","footer-sml-layout":"","theme-transparent-header-meta":"","adv-header-id-meta":"","stick-header-meta":"","header-above-stick-meta":"","header-main-stick-meta":"","header-below-stick-meta":"","astra-migrate-meta-layouts":"default","ast-page-background-enabled":"default","ast-page-background-meta":{"desktop":{"background-color":"var(--ast-global-color-5)","background-image":"","background-repeat":"repeat","background-position":"center center","background-size":"auto","background-attachment":"scroll","background-type":"","background-media":"","overlay-type":"","overlay-color":"","overlay-opacity":"","overlay-gradient":""},"tablet":{"background-color":"","background-image":"","background-repeat":"repeat","background-position":"center center","background-size":"auto","background-attachment":"scroll","background-type":"","background-media":"","overlay-type":"","overlay-color":"","overlay-opacity":"","overlay-gradient":""},"mobile":{"background-color":"","background-image":"","background-repeat":"repeat","background-position":"center center","background-size":"auto","background-attachment":"scroll","background-type":"","background-media":"","overlay-type":"","overlay-color":"","overlay-opacity":"","overlay-gradient":""}},"ast-content-background-meta":{"desktop":{"background-color":"var(--ast-global-color-4)","background-image":"","background-repeat":"repeat","background-position":"center center","background-size":"auto","background-attachment":"scroll","background-type":"","background-media":"","overlay-type":"","overlay-color":"","overlay-opacity":"","overlay-gradient":""},"tablet":{"background-color":"var(--ast-global-color-4)","background-image":"","background-repeat":"repeat","background-position":"center center","background-size":"auto","background-attachment":"scroll","background-type":"","background-media":"","overlay-type":"","overlay-color":"","overlay-opacity":"","overlay-gradient":""},"mobile":{"background-color":"var(--ast-global-color-4)","background-image":"","background-repeat":"repeat","background-position":"center center","background-size":"auto","background-attachment":"scroll","background-type":"","background-media":"","overlay-type":"","overlay-color":"","overlay-opacity":"","overlay-gradient":""}},"footnotes":""},"categories":[110,103,85],"tags":[],"class_list":["post-5124","post","type-post","status-publish","format-standard","has-post-thumbnail","hentry","category-curs-2018-19","category-festes-curs-2019","category-portada-curs-2019"],"post_mailing_queue_ids":[],"_links":{"self":[{"href":"https:\/\/agora.xtec.cat\/escolapaucasalsrubi\/wp-json\/wp\/v2\/posts\/5124","targetHints":{"allow":["GET"]}}],"collection":[{"href":"https:\/\/agora.xtec.cat\/escolapaucasalsrubi\/wp-json\/wp\/v2\/posts"}],"about":[{"href":"https:\/\/agora.xtec.cat\/escolapaucasalsrubi\/wp-json\/wp\/v2\/types\/post"}],"author":[{"embeddable":true,"href":"https:\/\/agora.xtec.cat\/escolapaucasalsrubi\/wp-json\/wp\/v2\/users\/1"}],"replies":[{"embeddable":true,"href":"https:\/\/agora.xtec.cat\/escolapaucasalsrubi\/wp-json\/wp\/v2\/comments?post=5124"}],"version-history":[{"count":1,"href":"https:\/\/agora.xtec.cat\/escolapaucasalsrubi\/wp-json\/wp\/v2\/posts\/5124\/revisions"}],"predecessor-version":[{"id":5127,"href":"https:\/\/agora.xtec.cat\/escolapaucasalsrubi\/wp-json\/wp\/v2\/posts\/5124\/revisions\/5127"}],"wp:featuredmedia":[{"embeddable":true,"href":"https:\/\/agora.xtec.cat\/escolapaucasalsrubi\/wp-json\/wp\/v2\/media\/5126"}],"wp:attachment":[{"href":"https:\/\/agora.xtec.cat\/escolapaucasalsrubi\/wp-json\/wp\/v2\/media?parent=5124"}],"wp:term":[{"taxonomy":"category","embeddable":true,"href":"https:\/\/agora.xtec.cat\/escolapaucasalsrubi\/wp-json\/wp\/v2\/categories?post=5124"},{"taxonomy":"post_tag","embeddable":true,"href":"https:\/\/agora.xtec.cat\/escolapaucasalsrubi\/wp-json\/wp\/v2\/tags?post=5124"}],"curies":[{"name":"wp","href":"https:\/\/api.w.org\/{rel}","templated":true}]}}