{"id":4873,"date":"2019-03-19T20:25:06","date_gmt":"2019-03-19T19:25:06","guid":{"rendered":"http:\/\/agora.xtec.cat\/escolapaucasalsrubi\/?p=4873"},"modified":"2019-03-19T20:26:40","modified_gmt":"2019-03-19T19:26:40","slug":"experimentacio-sensorial-amb-gelatina","status":"publish","type":"post","link":"https:\/\/agora.xtec.cat\/escolapaucasalsrubi\/portada-curs-2019\/experimentacio-sensorial-amb-gelatina\/","title":{"rendered":"EXPERIMENTACI\u00d3 SENSORIAL AMB GELATINA"},"content":{"rendered":"<p>Benvolgudes fam\u00edlies,<\/p>\n<p>Els nens i les nens de P3 han comen\u00e7at a fer experimentacions amb elements que tenen molt a prop. Aquesta vegada ha estat amb la GELATINA.<\/p>\n<p>Primer s\u2019han protegit amb unes bosses de pl\u00e0stic i tot seguit han comen\u00e7at la tasca prevista. Han observat el got, el color, la seva textura, la temperatura freda, &#8230;. i tot seguit l\u2019han abocat a sobre de la taula &#8230; i a experimentar. Les aportacions de tots i totes han estat molt interessants.<\/p>\n<p>Aprenem fent, compartint idees, equivocant-nos, treballant en equip en activitats on la mestra observa, proposa i acompanya.<\/p>\n<p>L\u2019aula va ser\u00a0 oberta a les fam\u00edlies i van participar gaudint plegats d\u2019aquesta experi\u00e8ncia. M\u00e9s tard hem pogut compartir un caf\u00e8 pedag\u00f2gic on les fam\u00edlies han expressat impressions i descobertes amb la mestra. D\u2019aquesta manera apropem els projectes d\u2019escola a les fam\u00edlies per fer-los m\u00e9s entenedors des de la pr\u00e0ctica.<\/p>\n<p>Ja ho anireu veient i us animem a participar de la propera&#8230;..ho gaudireu de primera m\u00e0.<\/p>\n<p><img loading=\"lazy\" decoding=\"async\" class=\"aligncenter size-full wp-image-4876\" src=\"https:\/\/agora.xtec.cat\/escolapaucasalsrubi\/wp-content\/uploads\/usu1615\/2019\/03\/experimentacio_gelatina.jpg\" alt=\"\" width=\"885\" height=\"268\" \/><\/p>\n<p style=\"text-align: center;\">Fotos:\u00a0 \u00a0 \u00a0<a href=\"https:\/\/drive.google.com\/drive\/folders\/1W_0FcjljaYsZVpjkx0uUdgC7DgMhgXMq?usp=sharing\" target=\"_blank\" rel=\"noopener\">Minions<\/a>\u00a0 \u00a0 \u00a0<a href=\"https:\/\/drive.google.com\/drive\/folders\/1nrUTgm6zaPJDnY2jww69GBlFrL5Jaihz?usp=sharing\" target=\"_blank\" rel=\"noopener\">Toy Story<\/a><\/p>\n","protected":false},"excerpt":{"rendered":"<p>Benvolgudes fam\u00edlies, Els nens i les nens de P3 han comen\u00e7at a fer experimentacions amb elements que tenen molt a prop. Aquesta vegada ha estat amb la GELATINA. Primer s\u2019han protegit amb unes bosses de pl\u00e0stic i tot seguit han comen\u00e7at la tasca prevista. Han observat el got, el color, la seva textura, la temperatura [&hellip;]<\/p>\n","protected":false},"author":1,"featured_media":4876,"comment_status":"closed","ping_status":"closed","sticky":false,"template":"","format":"standard","meta":{"_bbp_topic_count":0,"_bbp_reply_count":0,"_bbp_total_topic_count":0,"_bbp_total_reply_count":0,"_bbp_voice_count":0,"_bbp_anonymous_reply_count":0,"_bbp_topic_count_hidden":0,"_bbp_reply_count_hidden":0,"_bbp_forum_subforum_count":0,"site-sidebar-layout":"default","site-content-layout":"","ast-site-content-layout":"","site-content-style":"default","site-sidebar-style":"default","ast-global-header-display":"","ast-banner-title-visibility":"","ast-main-header-display":"","ast-hfb-above-header-display":"","ast-hfb-below-header-display":"","ast-hfb-mobile-header-display":"","site-post-title":"","ast-breadcrumbs-content":"","ast-featured-img":"","footer-sml-layout":"","theme-transparent-header-meta":"","adv-header-id-meta":"","stick-header-meta":"","header-above-stick-meta":"","header-main-stick-meta":"","header-below-stick-meta":"","astra-migrate-meta-layouts":"default","ast-page-background-enabled":"default","ast-page-background-meta":{"desktop":{"background-color":"var(--ast-global-color-5)","background-image":"","background-repeat":"repeat","background-position":"center center","background-size":"auto","background-attachment":"scroll","background-type":"","background-media":"","overlay-type":"","overlay-color":"","overlay-opacity":"","overlay-gradient":""},"tablet":{"background-color":"","background-image":"","background-repeat":"repeat","background-position":"center center","background-size":"auto","background-attachment":"scroll","background-type":"","background-media":"","overlay-type":"","overlay-color":"","overlay-opacity":"","overlay-gradient":""},"mobile":{"background-color":"","background-image":"","background-repeat":"repeat","background-position":"center center","background-size":"auto","background-attachment":"scroll","background-type":"","background-media":"","overlay-type":"","overlay-color":"","overlay-opacity":"","overlay-gradient":""}},"ast-content-background-meta":{"desktop":{"background-color":"var(--ast-global-color-4)","background-image":"","background-repeat":"repeat","background-position":"center center","background-size":"auto","background-attachment":"scroll","background-type":"","background-media":"","overlay-type":"","overlay-color":"","overlay-opacity":"","overlay-gradient":""},"tablet":{"background-color":"var(--ast-global-color-4)","background-image":"","background-repeat":"repeat","background-position":"center center","background-size":"auto","background-attachment":"scroll","background-type":"","background-media":"","overlay-type":"","overlay-color":"","overlay-opacity":"","overlay-gradient":""},"mobile":{"background-color":"var(--ast-global-color-4)","background-image":"","background-repeat":"repeat","background-position":"center center","background-size":"auto","background-attachment":"scroll","background-type":"","background-media":"","overlay-type":"","overlay-color":"","overlay-opacity":"","overlay-gradient":""}},"footnotes":""},"categories":[110,86,85],"tags":[],"class_list":["post-4873","post","type-post","status-publish","format-standard","has-post-thumbnail","hentry","category-curs-2018-19","category-p3-curs-2019","category-portada-curs-2019"],"post_mailing_queue_ids":[],"_links":{"self":[{"href":"https:\/\/agora.xtec.cat\/escolapaucasalsrubi\/wp-json\/wp\/v2\/posts\/4873","targetHints":{"allow":["GET"]}}],"collection":[{"href":"https:\/\/agora.xtec.cat\/escolapaucasalsrubi\/wp-json\/wp\/v2\/posts"}],"about":[{"href":"https:\/\/agora.xtec.cat\/escolapaucasalsrubi\/wp-json\/wp\/v2\/types\/post"}],"author":[{"embeddable":true,"href":"https:\/\/agora.xtec.cat\/escolapaucasalsrubi\/wp-json\/wp\/v2\/users\/1"}],"replies":[{"embeddable":true,"href":"https:\/\/agora.xtec.cat\/escolapaucasalsrubi\/wp-json\/wp\/v2\/comments?post=4873"}],"version-history":[{"count":2,"href":"https:\/\/agora.xtec.cat\/escolapaucasalsrubi\/wp-json\/wp\/v2\/posts\/4873\/revisions"}],"predecessor-version":[{"id":4877,"href":"https:\/\/agora.xtec.cat\/escolapaucasalsrubi\/wp-json\/wp\/v2\/posts\/4873\/revisions\/4877"}],"wp:featuredmedia":[{"embeddable":true,"href":"https:\/\/agora.xtec.cat\/escolapaucasalsrubi\/wp-json\/wp\/v2\/media\/4876"}],"wp:attachment":[{"href":"https:\/\/agora.xtec.cat\/escolapaucasalsrubi\/wp-json\/wp\/v2\/media?parent=4873"}],"wp:term":[{"taxonomy":"category","embeddable":true,"href":"https:\/\/agora.xtec.cat\/escolapaucasalsrubi\/wp-json\/wp\/v2\/categories?post=4873"},{"taxonomy":"post_tag","embeddable":true,"href":"https:\/\/agora.xtec.cat\/escolapaucasalsrubi\/wp-json\/wp\/v2\/tags?post=4873"}],"curies":[{"name":"wp","href":"https:\/\/api.w.org\/{rel}","templated":true}]}}