{"id":4374,"date":"2018-12-19T16:01:24","date_gmt":"2018-12-19T15:01:24","guid":{"rendered":"http:\/\/agora.xtec.cat\/escolapaucasalsrubi\/?p=4374"},"modified":"2018-12-19T16:01:43","modified_gmt":"2018-12-19T15:01:43","slug":"sortida-al-torrent-de-colobrers","status":"publish","type":"post","link":"https:\/\/agora.xtec.cat\/escolapaucasalsrubi\/portada-curs-2019\/sortida-al-torrent-de-colobrers\/","title":{"rendered":"SORTIDA AL TORRENT DE COLOBRERS"},"content":{"rendered":"<p><img loading=\"lazy\" decoding=\"async\" class=\"aligncenter size-full wp-image-4375\" src=\"https:\/\/agora.xtec.cat\/escolapaucasalsrubi\/wp-content\/uploads\/usu1615\/2018\/12\/torrent.jpg\" alt=\"\" width=\"689\" height=\"460\" \/><\/p>\n<p>La primera sortida d\u2019aquest curs va ser el passat dia 3 de desembre al Torrent de Colobrers compartint-la amb les nenes i els nens de P5. Ha estat un bon moment per fer una sortida que ens permet\u00e9s passar un dia tots junts i posar en pr\u00e0ctica tot all\u00f2 que treballem a l\u2019aula (color de les fulles, els arbres\u2026). La tardor feia dies que havia comen\u00e7at i consider\u00e0vem que la millor forma de descobrir-la era fer una excursi\u00f3 en un indret espectacular pel seu paisatge. El recorregut estava ple de passarel\u00b7les de fusta, per poder travessar el torrent, fet que va ser una diversi\u00f3 afegida per els nens i les nenes. El cam\u00ed estava cobert de fulles i van poder jugar en els diferents indrets que hi havia. La sorpresa m\u00e9s gran va ser quan un nen va trobar ben amagadet el TI\u00d3. Estava cobert de fulles i vam decidir portar-lo a l\u2019escola per tal de tenir cura d\u2019ell i donar-li una mica d\u2019escalfor i menjar. Despr\u00e9s el vam portar a un parc de Sabadell a dinar i jugar amb nosaltres.<\/p>\n<p><img loading=\"lazy\" decoding=\"async\" class=\"aligncenter size-full wp-image-4376\" src=\"https:\/\/agora.xtec.cat\/escolapaucasalsrubi\/wp-content\/uploads\/usu1615\/2018\/12\/torrent2.jpg\" alt=\"\" width=\"258\" height=\"201\" \/><\/p>\n<p style=\"text-align: center;\">Fotos: <a href=\"https:\/\/drive.google.com\/drive\/folders\/1YLF2fJ5IuUEx_wpwBEXSgtMqO1H1SjfT?usp=sharing\" target=\"_blank\" rel=\"noopener\">P4<\/a><\/p>\n","protected":false},"excerpt":{"rendered":"<p>La primera sortida d\u2019aquest curs va ser el passat dia 3 de desembre al Torrent de Colobrers compartint-la amb les nenes i els nens de P5. Ha estat un bon moment per fer una sortida que ens permet\u00e9s passar un dia tots junts i posar en pr\u00e0ctica tot all\u00f2 que treballem a l\u2019aula (color de [&hellip;]<\/p>\n","protected":false},"author":1,"featured_media":4375,"comment_status":"closed","ping_status":"closed","sticky":false,"template":"","format":"standard","meta":{"_bbp_topic_count":0,"_bbp_reply_count":0,"_bbp_total_topic_count":0,"_bbp_total_reply_count":0,"_bbp_voice_count":0,"_bbp_anonymous_reply_count":0,"_bbp_topic_count_hidden":0,"_bbp_reply_count_hidden":0,"_bbp_forum_subforum_count":0,"site-sidebar-layout":"default","site-content-layout":"","ast-site-content-layout":"","site-content-style":"default","site-sidebar-style":"default","ast-global-header-display":"","ast-banner-title-visibility":"","ast-main-header-display":"","ast-hfb-above-header-display":"","ast-hfb-below-header-display":"","ast-hfb-mobile-header-display":"","site-post-title":"","ast-breadcrumbs-content":"","ast-featured-img":"","footer-sml-layout":"","theme-transparent-header-meta":"","adv-header-id-meta":"","stick-header-meta":"","header-above-stick-meta":"","header-main-stick-meta":"","header-below-stick-meta":"","astra-migrate-meta-layouts":"default","ast-page-background-enabled":"default","ast-page-background-meta":{"desktop":{"background-color":"var(--ast-global-color-5)","background-image":"","background-repeat":"repeat","background-position":"center center","background-size":"auto","background-attachment":"scroll","background-type":"","background-media":"","overlay-type":"","overlay-color":"","overlay-opacity":"","overlay-gradient":""},"tablet":{"background-color":"","background-image":"","background-repeat":"repeat","background-position":"center center","background-size":"auto","background-attachment":"scroll","background-type":"","background-media":"","overlay-type":"","overlay-color":"","overlay-opacity":"","overlay-gradient":""},"mobile":{"background-color":"","background-image":"","background-repeat":"repeat","background-position":"center center","background-size":"auto","background-attachment":"scroll","background-type":"","background-media":"","overlay-type":"","overlay-color":"","overlay-opacity":"","overlay-gradient":""}},"ast-content-background-meta":{"desktop":{"background-color":"var(--ast-global-color-4)","background-image":"","background-repeat":"repeat","background-position":"center center","background-size":"auto","background-attachment":"scroll","background-type":"","background-media":"","overlay-type":"","overlay-color":"","overlay-opacity":"","overlay-gradient":""},"tablet":{"background-color":"var(--ast-global-color-4)","background-image":"","background-repeat":"repeat","background-position":"center center","background-size":"auto","background-attachment":"scroll","background-type":"","background-media":"","overlay-type":"","overlay-color":"","overlay-opacity":"","overlay-gradient":""},"mobile":{"background-color":"var(--ast-global-color-4)","background-image":"","background-repeat":"repeat","background-position":"center center","background-size":"auto","background-attachment":"scroll","background-type":"","background-media":"","overlay-type":"","overlay-color":"","overlay-opacity":"","overlay-gradient":""}},"footnotes":""},"categories":[110,88,85],"tags":[],"class_list":["post-4374","post","type-post","status-publish","format-standard","has-post-thumbnail","hentry","category-curs-2018-19","category-p4-curs-2019","category-portada-curs-2019"],"post_mailing_queue_ids":[],"_links":{"self":[{"href":"https:\/\/agora.xtec.cat\/escolapaucasalsrubi\/wp-json\/wp\/v2\/posts\/4374","targetHints":{"allow":["GET"]}}],"collection":[{"href":"https:\/\/agora.xtec.cat\/escolapaucasalsrubi\/wp-json\/wp\/v2\/posts"}],"about":[{"href":"https:\/\/agora.xtec.cat\/escolapaucasalsrubi\/wp-json\/wp\/v2\/types\/post"}],"author":[{"embeddable":true,"href":"https:\/\/agora.xtec.cat\/escolapaucasalsrubi\/wp-json\/wp\/v2\/users\/1"}],"replies":[{"embeddable":true,"href":"https:\/\/agora.xtec.cat\/escolapaucasalsrubi\/wp-json\/wp\/v2\/comments?post=4374"}],"version-history":[{"count":1,"href":"https:\/\/agora.xtec.cat\/escolapaucasalsrubi\/wp-json\/wp\/v2\/posts\/4374\/revisions"}],"predecessor-version":[{"id":4377,"href":"https:\/\/agora.xtec.cat\/escolapaucasalsrubi\/wp-json\/wp\/v2\/posts\/4374\/revisions\/4377"}],"wp:featuredmedia":[{"embeddable":true,"href":"https:\/\/agora.xtec.cat\/escolapaucasalsrubi\/wp-json\/wp\/v2\/media\/4375"}],"wp:attachment":[{"href":"https:\/\/agora.xtec.cat\/escolapaucasalsrubi\/wp-json\/wp\/v2\/media?parent=4374"}],"wp:term":[{"taxonomy":"category","embeddable":true,"href":"https:\/\/agora.xtec.cat\/escolapaucasalsrubi\/wp-json\/wp\/v2\/categories?post=4374"},{"taxonomy":"post_tag","embeddable":true,"href":"https:\/\/agora.xtec.cat\/escolapaucasalsrubi\/wp-json\/wp\/v2\/tags?post=4374"}],"curies":[{"name":"wp","href":"https:\/\/api.w.org\/{rel}","templated":true}]}}