{"id":4311,"date":"2018-12-12T22:07:13","date_gmt":"2018-12-12T21:07:13","guid":{"rendered":"http:\/\/agora.xtec.cat\/escolapaucasalsrubi\/?p=4311"},"modified":"2018-12-13T17:30:25","modified_gmt":"2018-12-13T16:30:25","slug":"tres-anys","status":"publish","type":"post","link":"https:\/\/agora.xtec.cat\/escolapaucasalsrubi\/curs-2018-19\/p3-curs-2019\/tres-anys\/","title":{"rendered":"TRES ANYS"},"content":{"rendered":"<p>A casa, des de sempre, els aniversaris han estat un motiu per compartir amb aquells que ens estimen. Una can\u00e7\u00f3, bufar unes espelmes, i alguna cosa dol\u00e7a&#8230;.son rituals que agraden a petits i a grans.<br \/>\nEs per aix\u00f2, que volem gaudir d\u2019aquest moment tan especial i compartir aquesta il\u00b7lusi\u00f3 amb la resta dels companys i companyes de la classe.<br \/>\nUs presentem els aniversaris que durant aquests dies s\u2019han celebrat a la classe de TOY STORY i dels MINIONS<br \/>\nGaudiu del aniversaris de tots i totes.<\/p>\n<p><img loading=\"lazy\" decoding=\"async\" class=\"aligncenter size-full wp-image-4312\" src=\"https:\/\/agora.xtec.cat\/escolapaucasalsrubi\/wp-content\/uploads\/usu1615\/2018\/12\/tres_anys.jpg\" alt=\"\" width=\"458\" height=\"240\" \/><\/p>\n<p style=\"text-align: center;\">Fotos Minions: <a href=\"https:\/\/drive.google.com\/drive\/folders\/1yJK2sY9gwI6RXqymEpCA8iz37oru_VsT?usp=sharing\" target=\"_blank\" rel=\"noopener\">Nabil<\/a>\u00a0 \u00a0&#8211;\u00a0 \u00a0<a href=\"https:\/\/drive.google.com\/drive\/folders\/1t224OlaJLc0V-zoHKUwVVMH6U794fXrz?usp=sharing\" target=\"_blank\" rel=\"noopener\">Nour<\/a>\u00a0 \u00a0 \u00a0 \u00a0 \u00a0 \u00a0 Fotos Toy Story: <a href=\"https:\/\/drive.google.com\/drive\/folders\/1G16GGuEWK1iD4hqxzJ2b3_ZmtWU9gDFa?usp=sharing\" target=\"_blank\" rel=\"noopener\">Naydelyn<\/a>\u00a0 \u00a0&#8211;\u00a0 \u00a0<a href=\"https:\/\/drive.google.com\/drive\/folders\/1qJ7REIAhKg8DPjxnCpCUFYkdQuVPsVz1?usp=sharing\" target=\"_blank\" rel=\"noopener\">Nil<\/a>\u00a0 \u00a0&#8211;\u00a0 \u00a0<a href=\"https:\/\/drive.google.com\/drive\/folders\/1WGt6diZz3CJYwi82w3LG813zNw5QJc-0?usp=sharing\" target=\"_blank\" rel=\"noopener\">Noa<\/a><\/p>\n<p>&nbsp;<\/p>\n","protected":false},"excerpt":{"rendered":"<p>A casa, des de sempre, els aniversaris han estat un motiu per compartir amb aquells que ens estimen. Una can\u00e7\u00f3, bufar unes espelmes, i alguna cosa dol\u00e7a&#8230;.son rituals que agraden a petits i a grans. Es per aix\u00f2, que volem gaudir d\u2019aquest moment tan especial i compartir aquesta il\u00b7lusi\u00f3 amb la resta dels companys i [&hellip;]<\/p>\n","protected":false},"author":1,"featured_media":4312,"comment_status":"closed","ping_status":"closed","sticky":false,"template":"","format":"standard","meta":{"_bbp_topic_count":0,"_bbp_reply_count":0,"_bbp_total_topic_count":0,"_bbp_total_reply_count":0,"_bbp_voice_count":0,"_bbp_anonymous_reply_count":0,"_bbp_topic_count_hidden":0,"_bbp_reply_count_hidden":0,"_bbp_forum_subforum_count":0,"site-sidebar-layout":"default","site-content-layout":"","ast-site-content-layout":"","site-content-style":"default","site-sidebar-style":"default","ast-global-header-display":"","ast-banner-title-visibility":"","ast-main-header-display":"","ast-hfb-above-header-display":"","ast-hfb-below-header-display":"","ast-hfb-mobile-header-display":"","site-post-title":"","ast-breadcrumbs-content":"","ast-featured-img":"","footer-sml-layout":"","theme-transparent-header-meta":"","adv-header-id-meta":"","stick-header-meta":"","header-above-stick-meta":"","header-main-stick-meta":"","header-below-stick-meta":"","astra-migrate-meta-layouts":"default","ast-page-background-enabled":"default","ast-page-background-meta":{"desktop":{"background-color":"var(--ast-global-color-5)","background-image":"","background-repeat":"repeat","background-position":"center center","background-size":"auto","background-attachment":"scroll","background-type":"","background-media":"","overlay-type":"","overlay-color":"","overlay-opacity":"","overlay-gradient":""},"tablet":{"background-color":"","background-image":"","background-repeat":"repeat","background-position":"center center","background-size":"auto","background-attachment":"scroll","background-type":"","background-media":"","overlay-type":"","overlay-color":"","overlay-opacity":"","overlay-gradient":""},"mobile":{"background-color":"","background-image":"","background-repeat":"repeat","background-position":"center center","background-size":"auto","background-attachment":"scroll","background-type":"","background-media":"","overlay-type":"","overlay-color":"","overlay-opacity":"","overlay-gradient":""}},"ast-content-background-meta":{"desktop":{"background-color":"var(--ast-global-color-4)","background-image":"","background-repeat":"repeat","background-position":"center center","background-size":"auto","background-attachment":"scroll","background-type":"","background-media":"","overlay-type":"","overlay-color":"","overlay-opacity":"","overlay-gradient":""},"tablet":{"background-color":"var(--ast-global-color-4)","background-image":"","background-repeat":"repeat","background-position":"center center","background-size":"auto","background-attachment":"scroll","background-type":"","background-media":"","overlay-type":"","overlay-color":"","overlay-opacity":"","overlay-gradient":""},"mobile":{"background-color":"var(--ast-global-color-4)","background-image":"","background-repeat":"repeat","background-position":"center center","background-size":"auto","background-attachment":"scroll","background-type":"","background-media":"","overlay-type":"","overlay-color":"","overlay-opacity":"","overlay-gradient":""}},"footnotes":""},"categories":[110,86],"tags":[],"class_list":["post-4311","post","type-post","status-publish","format-standard","has-post-thumbnail","hentry","category-curs-2018-19","category-p3-curs-2019"],"post_mailing_queue_ids":[],"_links":{"self":[{"href":"https:\/\/agora.xtec.cat\/escolapaucasalsrubi\/wp-json\/wp\/v2\/posts\/4311","targetHints":{"allow":["GET"]}}],"collection":[{"href":"https:\/\/agora.xtec.cat\/escolapaucasalsrubi\/wp-json\/wp\/v2\/posts"}],"about":[{"href":"https:\/\/agora.xtec.cat\/escolapaucasalsrubi\/wp-json\/wp\/v2\/types\/post"}],"author":[{"embeddable":true,"href":"https:\/\/agora.xtec.cat\/escolapaucasalsrubi\/wp-json\/wp\/v2\/users\/1"}],"replies":[{"embeddable":true,"href":"https:\/\/agora.xtec.cat\/escolapaucasalsrubi\/wp-json\/wp\/v2\/comments?post=4311"}],"version-history":[{"count":1,"href":"https:\/\/agora.xtec.cat\/escolapaucasalsrubi\/wp-json\/wp\/v2\/posts\/4311\/revisions"}],"predecessor-version":[{"id":4313,"href":"https:\/\/agora.xtec.cat\/escolapaucasalsrubi\/wp-json\/wp\/v2\/posts\/4311\/revisions\/4313"}],"wp:featuredmedia":[{"embeddable":true,"href":"https:\/\/agora.xtec.cat\/escolapaucasalsrubi\/wp-json\/wp\/v2\/media\/4312"}],"wp:attachment":[{"href":"https:\/\/agora.xtec.cat\/escolapaucasalsrubi\/wp-json\/wp\/v2\/media?parent=4311"}],"wp:term":[{"taxonomy":"category","embeddable":true,"href":"https:\/\/agora.xtec.cat\/escolapaucasalsrubi\/wp-json\/wp\/v2\/categories?post=4311"},{"taxonomy":"post_tag","embeddable":true,"href":"https:\/\/agora.xtec.cat\/escolapaucasalsrubi\/wp-json\/wp\/v2\/tags?post=4311"}],"curies":[{"name":"wp","href":"https:\/\/api.w.org\/{rel}","templated":true}]}}