{"id":3720,"date":"2018-05-10T21:00:00","date_gmt":"2018-05-10T19:00:00","guid":{"rendered":"http:\/\/agora.xtec.cat\/escolapaucasalsrubi\/?p=3720"},"modified":"2018-05-11T11:01:13","modified_gmt":"2018-05-11T09:01:13","slug":"05-relats-de-la-terra-cicle-superior","status":"publish","type":"post","link":"https:\/\/agora.xtec.cat\/escolapaucasalsrubi\/portada-curs-2018\/05-relats-de-la-terra-cicle-superior\/","title":{"rendered":"05. relats de la terra Cicle Superior"},"content":{"rendered":"<p><a href=\"http:\/\/agora.xtec.cat\/escolapaucasalsrubi\/wp-content\/uploads\/usu1615\/2018\/05\/EL-SENYOR-DE-LES-LLETRES-DE-SORRA.pdf\" target=\"_blank\" rel=\"noopener noreferrer\">EL SENYOR DE LES LLETRES DE SORRA<\/a><\/p>\n<p><a href=\"http:\/\/agora.xtec.cat\/escolapaucasalsrubi\/wp-content\/uploads\/usu1615\/2018\/05\/K\u00f2nic-el-esquimal-1-1.pdf\" target=\"_blank\" rel=\"noopener noreferrer\">K\u00f2nic, el esquimal 1<\/a><\/p>\n<p><a href=\"http:\/\/agora.xtec.cat\/escolapaucasalsrubi\/wp-content\/uploads\/usu1615\/2018\/05\/LA-LLEGENDA-DEL-GERM\u00c0-ARBRE.pdf\" target=\"_blank\" rel=\"noopener noreferrer\">LA LLEGENDA DEL GERM\u00c0 ARBRE<\/a><\/p>\n<p><a href=\"http:\/\/agora.xtec.cat\/escolapaucasalsrubi\/wp-content\/uploads\/usu1615\/2018\/05\/LHOME-DELS-N\u00daVOLS.pdf\" target=\"_blank\" rel=\"noopener noreferrer\">L&#8217;HOME DELS N\u00daVOLS<\/a><\/p>\n<p><a href=\"http:\/\/agora.xtec.cat\/escolapaucasalsrubi\/wp-content\/uploads\/usu1615\/2018\/05\/llegenda-dels-encantats-1.pdf\" target=\"_blank\" rel=\"noopener noreferrer\"> llegenda dels encantats<\/a><\/p>\n<p><a href=\"http:\/\/agora.xtec.cat\/escolapaucasalsrubi\/wp-content\/uploads\/usu1615\/2018\/05\/short-stories-our-colourful-world-transcript-3.pdf\" target=\"_blank\" rel=\"noopener noreferrer\">short-stories-our-colourful-world-transcript<\/a><\/p>\n<p><a href=\"http:\/\/agora.xtec.cat\/escolapaucasalsrubi\/wp-content\/uploads\/usu1615\/2018\/05\/short-stories-planet-earth-transcript.pdf\" target=\"_blank\" rel=\"noopener noreferrer\">short-stories-planet-earth-transcript<\/a><\/p>\n<p style=\"text-align: center;\">Fotos:\u00a0<a href=\"https:\/\/photos.app.goo.gl\/IK5gP82XjUiKEACh2\" target=\"_blank\" rel=\"noopener noreferrer\">Relats de la Terra Cicle Mitj\u00e0<\/a><\/p>\n","protected":false},"excerpt":{"rendered":"<p>EL SENYOR DE LES LLETRES DE SORRA K\u00f2nic, el esquimal 1 LA LLEGENDA DEL GERM\u00c0 ARBRE L&#8217;HOME DELS N\u00daVOLS llegenda dels encantats short-stories-our-colourful-world-transcript short-stories-planet-earth-transcript Fotos:\u00a0Relats de la Terra Cicle Mitj\u00e0<\/p>\n","protected":false},"author":1,"featured_media":0,"comment_status":"closed","ping_status":"closed","sticky":false,"template":"","format":"standard","meta":{"_bbp_topic_count":0,"_bbp_reply_count":0,"_bbp_total_topic_count":0,"_bbp_total_reply_count":0,"_bbp_voice_count":0,"_bbp_anonymous_reply_count":0,"_bbp_topic_count_hidden":0,"_bbp_reply_count_hidden":0,"_bbp_forum_subforum_count":0,"site-sidebar-layout":"default","site-content-layout":"","ast-site-content-layout":"","site-content-style":"default","site-sidebar-style":"default","ast-global-header-display":"","ast-banner-title-visibility":"","ast-main-header-display":"","ast-hfb-above-header-display":"","ast-hfb-below-header-display":"","ast-hfb-mobile-header-display":"","site-post-title":"","ast-breadcrumbs-content":"","ast-featured-img":"","footer-sml-layout":"","theme-transparent-header-meta":"","adv-header-id-meta":"","stick-header-meta":"","header-above-stick-meta":"","header-main-stick-meta":"","header-below-stick-meta":"","astra-migrate-meta-layouts":"default","ast-page-background-enabled":"default","ast-page-background-meta":{"desktop":{"background-color":"var(--ast-global-color-5)","background-image":"","background-repeat":"repeat","background-position":"center center","background-size":"auto","background-attachment":"scroll","background-type":"","background-media":"","overlay-type":"","overlay-color":"","overlay-opacity":"","overlay-gradient":""},"tablet":{"background-color":"","background-image":"","background-repeat":"repeat","background-position":"center center","background-size":"auto","background-attachment":"scroll","background-type":"","background-media":"","overlay-type":"","overlay-color":"","overlay-opacity":"","overlay-gradient":""},"mobile":{"background-color":"","background-image":"","background-repeat":"repeat","background-position":"center center","background-size":"auto","background-attachment":"scroll","background-type":"","background-media":"","overlay-type":"","overlay-color":"","overlay-opacity":"","overlay-gradient":""}},"ast-content-background-meta":{"desktop":{"background-color":"var(--ast-global-color-4)","background-image":"","background-repeat":"repeat","background-position":"center center","background-size":"auto","background-attachment":"scroll","background-type":"","background-media":"","overlay-type":"","overlay-color":"","overlay-opacity":"","overlay-gradient":""},"tablet":{"background-color":"var(--ast-global-color-4)","background-image":"","background-repeat":"repeat","background-position":"center center","background-size":"auto","background-attachment":"scroll","background-type":"","background-media":"","overlay-type":"","overlay-color":"","overlay-opacity":"","overlay-gradient":""},"mobile":{"background-color":"var(--ast-global-color-4)","background-image":"","background-repeat":"repeat","background-position":"center center","background-size":"auto","background-attachment":"scroll","background-type":"","background-media":"","overlay-type":"","overlay-color":"","overlay-opacity":"","overlay-gradient":""}},"footnotes":""},"categories":[64,4],"tags":[],"class_list":["post-3720","post","type-post","status-publish","format-standard","hentry","category-lectura-biblioteca-curs-2018","category-portada-curs-2018"],"post_mailing_queue_ids":[],"_links":{"self":[{"href":"https:\/\/agora.xtec.cat\/escolapaucasalsrubi\/wp-json\/wp\/v2\/posts\/3720","targetHints":{"allow":["GET"]}}],"collection":[{"href":"https:\/\/agora.xtec.cat\/escolapaucasalsrubi\/wp-json\/wp\/v2\/posts"}],"about":[{"href":"https:\/\/agora.xtec.cat\/escolapaucasalsrubi\/wp-json\/wp\/v2\/types\/post"}],"author":[{"embeddable":true,"href":"https:\/\/agora.xtec.cat\/escolapaucasalsrubi\/wp-json\/wp\/v2\/users\/1"}],"replies":[{"embeddable":true,"href":"https:\/\/agora.xtec.cat\/escolapaucasalsrubi\/wp-json\/wp\/v2\/comments?post=3720"}],"version-history":[{"count":1,"href":"https:\/\/agora.xtec.cat\/escolapaucasalsrubi\/wp-json\/wp\/v2\/posts\/3720\/revisions"}],"predecessor-version":[{"id":3728,"href":"https:\/\/agora.xtec.cat\/escolapaucasalsrubi\/wp-json\/wp\/v2\/posts\/3720\/revisions\/3728"}],"wp:attachment":[{"href":"https:\/\/agora.xtec.cat\/escolapaucasalsrubi\/wp-json\/wp\/v2\/media?parent=3720"}],"wp:term":[{"taxonomy":"category","embeddable":true,"href":"https:\/\/agora.xtec.cat\/escolapaucasalsrubi\/wp-json\/wp\/v2\/categories?post=3720"},{"taxonomy":"post_tag","embeddable":true,"href":"https:\/\/agora.xtec.cat\/escolapaucasalsrubi\/wp-json\/wp\/v2\/tags?post=3720"}],"curies":[{"name":"wp","href":"https:\/\/api.w.org\/{rel}","templated":true}]}}