{"id":3693,"date":"2018-05-10T21:30:46","date_gmt":"2018-05-10T19:30:46","guid":{"rendered":"http:\/\/agora.xtec.cat\/escolapaucasalsrubi\/?p=3693"},"modified":"2018-05-11T10:55:20","modified_gmt":"2018-05-11T08:55:20","slug":"03-relats-de-la-terra-cicle-inicial","status":"publish","type":"post","link":"https:\/\/agora.xtec.cat\/escolapaucasalsrubi\/portada-curs-2018\/03-relats-de-la-terra-cicle-inicial\/","title":{"rendered":"03. relats de la Terra Cicle Inicial"},"content":{"rendered":"<p><a href=\"http:\/\/agora.xtec.cat\/escolapaucasalsrubi\/wp-content\/uploads\/usu1615\/2018\/05\/3.pdf\" target=\"_blank\" rel=\"noopener noreferrer\">3<\/a><\/p>\n<p><a href=\"http:\/\/agora.xtec.cat\/escolapaucasalsrubi\/wp-content\/uploads\/usu1615\/2018\/05\/EL-GRAN-ARBRE.pdf\" target=\"_blank\" rel=\"noopener noreferrer\">EL GRAN ARBRE<\/a><\/p>\n<p><a href=\"http:\/\/agora.xtec.cat\/escolapaucasalsrubi\/wp-content\/uploads\/usu1615\/2018\/05\/EL-NI\u00d1O-DEL-NO.pdf\" target=\"_blank\" rel=\"noopener noreferrer\">EL NI\u00d1O DEL NO<\/a><\/p>\n<p><a href=\"http:\/\/agora.xtec.cat\/escolapaucasalsrubi\/wp-content\/uploads\/usu1615\/2018\/05\/EL-TRESOR-DE-KEIKEN.pdf\" target=\"_blank\" rel=\"noopener noreferrer\">EL TRESOR DE KEIKEN<\/a><\/p>\n<p><a href=\"http:\/\/agora.xtec.cat\/escolapaucasalsrubi\/wp-content\/uploads\/usu1615\/2018\/05\/La-ca\u00e7a-del-nanuk-1.pdf\" target=\"_blank\" rel=\"noopener noreferrer\">LA CA\u00c7A DEL NANUK<\/a><\/p>\n<p><a href=\"http:\/\/agora.xtec.cat\/escolapaucasalsrubi\/wp-content\/uploads\/usu1615\/2018\/05\/LA-GUERRA-DELS-PEIXOS-1.pdf\" target=\"_blank\" rel=\"noopener noreferrer\">LA GUERRA DELS PEIXOS<\/a><\/p>\n<p><a href=\"http:\/\/agora.xtec.cat\/escolapaucasalsrubi\/wp-content\/uploads\/usu1615\/2018\/05\/LA-LUNA-ROJA-1.pdf\" target=\"_blank\" rel=\"noopener noreferrer\">LA LUNA ROJA<\/a><\/p>\n<p><a href=\"http:\/\/agora.xtec.cat\/escolapaucasalsrubi\/wp-content\/uploads\/usu1615\/2018\/05\/LARBRE-M\u00c0GIC.pdf\" target=\"_blank\" rel=\"noopener noreferrer\">L&#8217;ARBRE M\u00c0GIC<\/a><\/p>\n<p><a href=\"http:\/\/agora.xtec.cat\/escolapaucasalsrubi\/wp-content\/uploads\/usu1615\/2018\/05\/LES-QUATRE-ESTACIONS-1.pdf\" target=\"_blank\" rel=\"noopener noreferrer\">LES QUATRE ESTACIONS<\/a><\/p>\n<p><a href=\"http:\/\/agora.xtec.cat\/escolapaucasalsrubi\/wp-content\/uploads\/usu1615\/2018\/05\/LULRICH-I-LILLA-DE-GLA\u00c7.pdf\" target=\"_blank\" rel=\"noopener noreferrer\">L&#8217;ULRICH I L&#8217;ILLA DE GLA\u00c7<\/a><\/p>\n<p><a href=\"http:\/\/agora.xtec.cat\/escolapaucasalsrubi\/wp-content\/uploads\/usu1615\/2018\/05\/short-stories-our-colourful-world-transcript-1.pdf\" target=\"_blank\" rel=\"noopener noreferrer\">short-stories-our-colourful-world-transcript<\/a><\/p>\n<p><a href=\"http:\/\/agora.xtec.cat\/escolapaucasalsrubi\/wp-content\/uploads\/usu1615\/2018\/05\/short-stories-whats-that-noise-transcript-1.pdf\" target=\"_blank\" rel=\"noopener noreferrer\">short-stories-whats-that-noise-transcript<\/a><\/p>\n<p style=\"text-align: center;\">Fotos: <a href=\"https:\/\/photos.app.goo.gl\/FfMXQn9LPuxRuSWH2\" target=\"_blank\" rel=\"noopener noreferrer\">Relats de la Terra Cicle Inicial<\/a><\/p>\n","protected":false},"excerpt":{"rendered":"<p>3 EL GRAN ARBRE EL NI\u00d1O DEL NO EL TRESOR DE KEIKEN LA CA\u00c7A DEL NANUK LA GUERRA DELS PEIXOS LA LUNA ROJA L&#8217;ARBRE M\u00c0GIC LES QUATRE ESTACIONS L&#8217;ULRICH I L&#8217;ILLA DE GLA\u00c7 short-stories-our-colourful-world-transcript short-stories-whats-that-noise-transcript Fotos: Relats de la Terra Cicle Inicial<\/p>\n","protected":false},"author":1,"featured_media":0,"comment_status":"closed","ping_status":"closed","sticky":false,"template":"","format":"standard","meta":{"_bbp_topic_count":0,"_bbp_reply_count":0,"_bbp_total_topic_count":0,"_bbp_total_reply_count":0,"_bbp_voice_count":0,"_bbp_anonymous_reply_count":0,"_bbp_topic_count_hidden":0,"_bbp_reply_count_hidden":0,"_bbp_forum_subforum_count":0,"site-sidebar-layout":"default","site-content-layout":"","ast-site-content-layout":"","site-content-style":"default","site-sidebar-style":"default","ast-global-header-display":"","ast-banner-title-visibility":"","ast-main-header-display":"","ast-hfb-above-header-display":"","ast-hfb-below-header-display":"","ast-hfb-mobile-header-display":"","site-post-title":"","ast-breadcrumbs-content":"","ast-featured-img":"","footer-sml-layout":"","theme-transparent-header-meta":"","adv-header-id-meta":"","stick-header-meta":"","header-above-stick-meta":"","header-main-stick-meta":"","header-below-stick-meta":"","astra-migrate-meta-layouts":"default","ast-page-background-enabled":"default","ast-page-background-meta":{"desktop":{"background-color":"var(--ast-global-color-5)","background-image":"","background-repeat":"repeat","background-position":"center center","background-size":"auto","background-attachment":"scroll","background-type":"","background-media":"","overlay-type":"","overlay-color":"","overlay-opacity":"","overlay-gradient":""},"tablet":{"background-color":"","background-image":"","background-repeat":"repeat","background-position":"center center","background-size":"auto","background-attachment":"scroll","background-type":"","background-media":"","overlay-type":"","overlay-color":"","overlay-opacity":"","overlay-gradient":""},"mobile":{"background-color":"","background-image":"","background-repeat":"repeat","background-position":"center center","background-size":"auto","background-attachment":"scroll","background-type":"","background-media":"","overlay-type":"","overlay-color":"","overlay-opacity":"","overlay-gradient":""}},"ast-content-background-meta":{"desktop":{"background-color":"var(--ast-global-color-4)","background-image":"","background-repeat":"repeat","background-position":"center center","background-size":"auto","background-attachment":"scroll","background-type":"","background-media":"","overlay-type":"","overlay-color":"","overlay-opacity":"","overlay-gradient":""},"tablet":{"background-color":"var(--ast-global-color-4)","background-image":"","background-repeat":"repeat","background-position":"center center","background-size":"auto","background-attachment":"scroll","background-type":"","background-media":"","overlay-type":"","overlay-color":"","overlay-opacity":"","overlay-gradient":""},"mobile":{"background-color":"var(--ast-global-color-4)","background-image":"","background-repeat":"repeat","background-position":"center center","background-size":"auto","background-attachment":"scroll","background-type":"","background-media":"","overlay-type":"","overlay-color":"","overlay-opacity":"","overlay-gradient":""}},"footnotes":""},"categories":[64,4],"tags":[],"class_list":["post-3693","post","type-post","status-publish","format-standard","hentry","category-lectura-biblioteca-curs-2018","category-portada-curs-2018"],"post_mailing_queue_ids":[],"_links":{"self":[{"href":"https:\/\/agora.xtec.cat\/escolapaucasalsrubi\/wp-json\/wp\/v2\/posts\/3693","targetHints":{"allow":["GET"]}}],"collection":[{"href":"https:\/\/agora.xtec.cat\/escolapaucasalsrubi\/wp-json\/wp\/v2\/posts"}],"about":[{"href":"https:\/\/agora.xtec.cat\/escolapaucasalsrubi\/wp-json\/wp\/v2\/types\/post"}],"author":[{"embeddable":true,"href":"https:\/\/agora.xtec.cat\/escolapaucasalsrubi\/wp-json\/wp\/v2\/users\/1"}],"replies":[{"embeddable":true,"href":"https:\/\/agora.xtec.cat\/escolapaucasalsrubi\/wp-json\/wp\/v2\/comments?post=3693"}],"version-history":[{"count":1,"href":"https:\/\/agora.xtec.cat\/escolapaucasalsrubi\/wp-json\/wp\/v2\/posts\/3693\/revisions"}],"predecessor-version":[{"id":3707,"href":"https:\/\/agora.xtec.cat\/escolapaucasalsrubi\/wp-json\/wp\/v2\/posts\/3693\/revisions\/3707"}],"wp:attachment":[{"href":"https:\/\/agora.xtec.cat\/escolapaucasalsrubi\/wp-json\/wp\/v2\/media?parent=3693"}],"wp:term":[{"taxonomy":"category","embeddable":true,"href":"https:\/\/agora.xtec.cat\/escolapaucasalsrubi\/wp-json\/wp\/v2\/categories?post=3693"},{"taxonomy":"post_tag","embeddable":true,"href":"https:\/\/agora.xtec.cat\/escolapaucasalsrubi\/wp-json\/wp\/v2\/tags?post=3693"}],"curies":[{"name":"wp","href":"https:\/\/api.w.org\/{rel}","templated":true}]}}