{"id":3430,"date":"2018-03-09T22:30:30","date_gmt":"2018-03-09T21:30:30","guid":{"rendered":"http:\/\/agora.xtec.cat\/escolapaucasalsrubi\/?p=3430"},"modified":"2018-12-03T20:05:19","modified_gmt":"2018-12-03T19:05:19","slug":"la-motxilla-esportiva-2","status":"publish","type":"post","link":"https:\/\/agora.xtec.cat\/escolapaucasalsrubi\/portada-curs-2018\/la-motxilla-esportiva-2\/","title":{"rendered":"LA MOTXILLA ESPORTIVA"},"content":{"rendered":"<p>L&#8217;Escola ha preparat la Motxilla Esportiva per l\u2019alumnat de sis\u00e8. Se l\u2019emporten durant una setmana. Poden fer servir el que hi ha dins en les seves estones de lleure amb els seus\/seves amics\/amigues,\u00a0companys\/es o familiars.<img loading=\"lazy\" decoding=\"async\" class=\"alignright size-full wp-image-3431\" src=\"http:\/\/agora.xtec.cat\/escolapaucasalsrubi\/wp-content\/uploads\/usu1615\/2018\/03\/motxilla_esportiva.jpg\" alt=\"\" width=\"299\" height=\"399\" srcset=\"https:\/\/agora.xtec.cat\/escolapaucasalsrubi\/wp-content\/uploads\/usu1615\/2018\/03\/motxilla_esportiva.jpg 299w, https:\/\/agora.xtec.cat\/escolapaucasalsrubi\/wp-content\/uploads\/usu1615\/2018\/03\/motxilla_esportiva-225x300.jpg 225w\" sizes=\"auto, (max-width: 299px) 100vw, 299px\" \/><br \/>\nL\u2019objectiu \u00e9s promoure la pr\u00e0ctica de l\u2019activitat f\u00edsica i l\u2019esport.<\/p>\n<p>Dins es troba aquest material:<br \/>\n\u2022 1 corda individual.<br \/>\n\u2022 1 pilota futbol.<br \/>\n\u2022 1 SuperCatch.<br \/>\n\u2022 1 pilota de minib\u00e0squet.<br \/>\n\u2022 1 pilota tova (foam).<br \/>\n\u2022 2 raquetes.<br \/>\n\u2022 1 bat de beisbol i 1 pilota.<br \/>\n\u2022 1 disc volador (frisbee).<br \/>\n\u2022 1 petanca.<br \/>\n\u2022 1 joc de malabars.<br \/>\n\u2022 Consells sobre h\u00e0bits saludables, trucs per ser actius, alimentaci\u00f3 saludable, pir\u00e0mides de l\u2019activitat f\u00edsica i de l\u2019alimentaci\u00f3 saludable.<br \/>\n\u2022 Llibreta de comentaris.<br \/>\nESPEREM QUE GAUDIU MOLT AMB LA MOTXILLA ESPORTIVA!!<\/p>\n<p>Fotos:<\/p>\n","protected":false},"excerpt":{"rendered":"<p>L&#8217;Escola ha preparat la Motxilla Esportiva per l\u2019alumnat de sis\u00e8. Se l\u2019emporten durant una setmana. Poden fer servir el que hi ha dins en les seves estones de lleure amb els seus\/seves amics\/amigues,\u00a0companys\/es o familiars. L\u2019objectiu \u00e9s promoure la pr\u00e0ctica de l\u2019activitat f\u00edsica i l\u2019esport. Dins es troba aquest material: \u2022 1 corda individual. \u2022 [&hellip;]<\/p>\n","protected":false},"author":1,"featured_media":0,"comment_status":"closed","ping_status":"closed","sticky":false,"template":"","format":"standard","meta":{"_bbp_topic_count":0,"_bbp_reply_count":0,"_bbp_total_topic_count":0,"_bbp_total_reply_count":0,"_bbp_voice_count":0,"_bbp_anonymous_reply_count":0,"_bbp_topic_count_hidden":0,"_bbp_reply_count_hidden":0,"_bbp_forum_subforum_count":0,"site-sidebar-layout":"default","site-content-layout":"","ast-site-content-layout":"","site-content-style":"default","site-sidebar-style":"default","ast-global-header-display":"","ast-banner-title-visibility":"","ast-main-header-display":"","ast-hfb-above-header-display":"","ast-hfb-below-header-display":"","ast-hfb-mobile-header-display":"","site-post-title":"","ast-breadcrumbs-content":"","ast-featured-img":"","footer-sml-layout":"","theme-transparent-header-meta":"","adv-header-id-meta":"","stick-header-meta":"","header-above-stick-meta":"","header-main-stick-meta":"","header-below-stick-meta":"","astra-migrate-meta-layouts":"default","ast-page-background-enabled":"default","ast-page-background-meta":{"desktop":{"background-color":"var(--ast-global-color-5)","background-image":"","background-repeat":"repeat","background-position":"center center","background-size":"auto","background-attachment":"scroll","background-type":"","background-media":"","overlay-type":"","overlay-color":"","overlay-opacity":"","overlay-gradient":""},"tablet":{"background-color":"","background-image":"","background-repeat":"repeat","background-position":"center center","background-size":"auto","background-attachment":"scroll","background-type":"","background-media":"","overlay-type":"","overlay-color":"","overlay-opacity":"","overlay-gradient":""},"mobile":{"background-color":"","background-image":"","background-repeat":"repeat","background-position":"center center","background-size":"auto","background-attachment":"scroll","background-type":"","background-media":"","overlay-type":"","overlay-color":"","overlay-opacity":"","overlay-gradient":""}},"ast-content-background-meta":{"desktop":{"background-color":"var(--ast-global-color-4)","background-image":"","background-repeat":"repeat","background-position":"center center","background-size":"auto","background-attachment":"scroll","background-type":"","background-media":"","overlay-type":"","overlay-color":"","overlay-opacity":"","overlay-gradient":""},"tablet":{"background-color":"var(--ast-global-color-4)","background-image":"","background-repeat":"repeat","background-position":"center center","background-size":"auto","background-attachment":"scroll","background-type":"","background-media":"","overlay-type":"","overlay-color":"","overlay-opacity":"","overlay-gradient":""},"mobile":{"background-color":"var(--ast-global-color-4)","background-image":"","background-repeat":"repeat","background-position":"center center","background-size":"auto","background-attachment":"scroll","background-type":"","background-media":"","overlay-type":"","overlay-color":"","overlay-opacity":"","overlay-gradient":""}},"footnotes":""},"categories":[4],"tags":[],"class_list":["post-3430","post","type-post","status-publish","format-standard","hentry","category-portada-curs-2018"],"post_mailing_queue_ids":[],"_links":{"self":[{"href":"https:\/\/agora.xtec.cat\/escolapaucasalsrubi\/wp-json\/wp\/v2\/posts\/3430","targetHints":{"allow":["GET"]}}],"collection":[{"href":"https:\/\/agora.xtec.cat\/escolapaucasalsrubi\/wp-json\/wp\/v2\/posts"}],"about":[{"href":"https:\/\/agora.xtec.cat\/escolapaucasalsrubi\/wp-json\/wp\/v2\/types\/post"}],"author":[{"embeddable":true,"href":"https:\/\/agora.xtec.cat\/escolapaucasalsrubi\/wp-json\/wp\/v2\/users\/1"}],"replies":[{"embeddable":true,"href":"https:\/\/agora.xtec.cat\/escolapaucasalsrubi\/wp-json\/wp\/v2\/comments?post=3430"}],"version-history":[{"count":1,"href":"https:\/\/agora.xtec.cat\/escolapaucasalsrubi\/wp-json\/wp\/v2\/posts\/3430\/revisions"}],"predecessor-version":[{"id":3432,"href":"https:\/\/agora.xtec.cat\/escolapaucasalsrubi\/wp-json\/wp\/v2\/posts\/3430\/revisions\/3432"}],"wp:attachment":[{"href":"https:\/\/agora.xtec.cat\/escolapaucasalsrubi\/wp-json\/wp\/v2\/media?parent=3430"}],"wp:term":[{"taxonomy":"category","embeddable":true,"href":"https:\/\/agora.xtec.cat\/escolapaucasalsrubi\/wp-json\/wp\/v2\/categories?post=3430"},{"taxonomy":"post_tag","embeddable":true,"href":"https:\/\/agora.xtec.cat\/escolapaucasalsrubi\/wp-json\/wp\/v2\/tags?post=3430"}],"curies":[{"name":"wp","href":"https:\/\/api.w.org\/{rel}","templated":true}]}}