{"id":3408,"date":"2018-03-09T20:00:00","date_gmt":"2018-03-09T19:00:00","guid":{"rendered":"http:\/\/agora.xtec.cat\/escolapaucasalsrubi\/?p=3408"},"modified":"2018-03-11T11:32:37","modified_gmt":"2018-03-11T10:32:37","slug":"a-p-3-aprenem-fent","status":"publish","type":"post","link":"https:\/\/agora.xtec.cat\/escolapaucasalsrubi\/p3-curs-2018\/a-p-3-aprenem-fent\/","title":{"rendered":"A P-3 APRENEM FENT"},"content":{"rendered":"<p>En el treball del grafisme intervenen capacitats cognitives i emocionals: autocontrol, autoestima, percepci\u00f3 visual, <img loading=\"lazy\" decoding=\"async\" class=\"alignright size-full wp-image-3409\" src=\"http:\/\/agora.xtec.cat\/escolapaucasalsrubi\/wp-content\/uploads\/usu1615\/2018\/03\/aprenem-fent.jpg\" alt=\"\" width=\"113\" height=\"151\" \/>capacitat d\u2019an\u00e0lisi\u2026etc.<br \/>\nDurant proc\u00e9s d\u2019aprenentatge del grafisme s\u2019ha de preveure que els infants experimentin: moviment i espai, que vivenci\u00efn situacions, que verbalitzin el que estan fent i perqu\u00e8 ho estan fent (el prop\u00f2sit).<br \/>\nPer tant cal una planificaci\u00f3 que garanteixi aquesta experimentaci\u00f3.<br \/>\nEn el treball del grafisme hem de considerar tres nivells de propostes:<br \/>\n*Amb tot el cos (global)<br \/>\n*Amb les mans (manipulatiu)<br \/>\n*A nivel gr\u00e0fic (el que \u00e9s pr\u00f2piament relacionat amb l\u2019escriptura).<br \/>\nHem iniciat el treball de numeraci\u00f3 i primer hem experimentat la forma del n\u00famero 1. Despr\u00e9s hem vivenciat amb el cos la forma que t\u00e9 i per \u00faltim hem resseguit amb la ma, amb ajuda d\u2019un cotxe, la seva grafia.<br \/>\nNom\u00e9s quan aprenem de manera vivenciada els aprenentatges esdevenen significatius.<br \/>\nMireu com aprenem\u2026.fent.<\/p>\n<p style=\"text-align: center;\">Fotos:\u00a0 \u00a0 \u00a0<a href=\"https:\/\/photos.app.goo.gl\/MjBd6KF655cTUpgJ3\" target=\"_blank\">CONILLETS-ES<\/a>\u00a0 \u00a0 \u00a0<a href=\"https:\/\/photos.app.goo.gl\/KgQcBL2UP5H4waHV2\" target=\"_blank\">INDIS-ES<\/a><\/p>\n","protected":false},"excerpt":{"rendered":"<p>En el treball del grafisme intervenen capacitats cognitives i emocionals: autocontrol, autoestima, percepci\u00f3 visual, capacitat d\u2019an\u00e0lisi\u2026etc. Durant proc\u00e9s d\u2019aprenentatge del grafisme s\u2019ha de preveure que els infants experimentin: moviment i espai, que vivenci\u00efn situacions, que verbalitzin el que estan fent i perqu\u00e8 ho estan fent (el prop\u00f2sit). Per tant cal una planificaci\u00f3 que garanteixi aquesta [&hellip;]<\/p>\n","protected":false},"author":1,"featured_media":0,"comment_status":"closed","ping_status":"closed","sticky":false,"template":"","format":"standard","meta":{"_bbp_topic_count":0,"_bbp_reply_count":0,"_bbp_total_topic_count":0,"_bbp_total_reply_count":0,"_bbp_voice_count":0,"_bbp_anonymous_reply_count":0,"_bbp_topic_count_hidden":0,"_bbp_reply_count_hidden":0,"_bbp_forum_subforum_count":0,"site-sidebar-layout":"default","site-content-layout":"","ast-site-content-layout":"","site-content-style":"default","site-sidebar-style":"default","ast-global-header-display":"","ast-banner-title-visibility":"","ast-main-header-display":"","ast-hfb-above-header-display":"","ast-hfb-below-header-display":"","ast-hfb-mobile-header-display":"","site-post-title":"","ast-breadcrumbs-content":"","ast-featured-img":"","footer-sml-layout":"","theme-transparent-header-meta":"","adv-header-id-meta":"","stick-header-meta":"","header-above-stick-meta":"","header-main-stick-meta":"","header-below-stick-meta":"","astra-migrate-meta-layouts":"default","ast-page-background-enabled":"default","ast-page-background-meta":{"desktop":{"background-color":"var(--ast-global-color-5)","background-image":"","background-repeat":"repeat","background-position":"center center","background-size":"auto","background-attachment":"scroll","background-type":"","background-media":"","overlay-type":"","overlay-color":"","overlay-opacity":"","overlay-gradient":""},"tablet":{"background-color":"","background-image":"","background-repeat":"repeat","background-position":"center center","background-size":"auto","background-attachment":"scroll","background-type":"","background-media":"","overlay-type":"","overlay-color":"","overlay-opacity":"","overlay-gradient":""},"mobile":{"background-color":"","background-image":"","background-repeat":"repeat","background-position":"center center","background-size":"auto","background-attachment":"scroll","background-type":"","background-media":"","overlay-type":"","overlay-color":"","overlay-opacity":"","overlay-gradient":""}},"ast-content-background-meta":{"desktop":{"background-color":"var(--ast-global-color-4)","background-image":"","background-repeat":"repeat","background-position":"center center","background-size":"auto","background-attachment":"scroll","background-type":"","background-media":"","overlay-type":"","overlay-color":"","overlay-opacity":"","overlay-gradient":""},"tablet":{"background-color":"var(--ast-global-color-4)","background-image":"","background-repeat":"repeat","background-position":"center center","background-size":"auto","background-attachment":"scroll","background-type":"","background-media":"","overlay-type":"","overlay-color":"","overlay-opacity":"","overlay-gradient":""},"mobile":{"background-color":"var(--ast-global-color-4)","background-image":"","background-repeat":"repeat","background-position":"center center","background-size":"auto","background-attachment":"scroll","background-type":"","background-media":"","overlay-type":"","overlay-color":"","overlay-opacity":"","overlay-gradient":""}},"footnotes":""},"categories":[3,4],"tags":[],"class_list":["post-3408","post","type-post","status-publish","format-standard","hentry","category-p3-curs-2018","category-portada-curs-2018"],"post_mailing_queue_ids":[],"_links":{"self":[{"href":"https:\/\/agora.xtec.cat\/escolapaucasalsrubi\/wp-json\/wp\/v2\/posts\/3408","targetHints":{"allow":["GET"]}}],"collection":[{"href":"https:\/\/agora.xtec.cat\/escolapaucasalsrubi\/wp-json\/wp\/v2\/posts"}],"about":[{"href":"https:\/\/agora.xtec.cat\/escolapaucasalsrubi\/wp-json\/wp\/v2\/types\/post"}],"author":[{"embeddable":true,"href":"https:\/\/agora.xtec.cat\/escolapaucasalsrubi\/wp-json\/wp\/v2\/users\/1"}],"replies":[{"embeddable":true,"href":"https:\/\/agora.xtec.cat\/escolapaucasalsrubi\/wp-json\/wp\/v2\/comments?post=3408"}],"version-history":[{"count":1,"href":"https:\/\/agora.xtec.cat\/escolapaucasalsrubi\/wp-json\/wp\/v2\/posts\/3408\/revisions"}],"predecessor-version":[{"id":3410,"href":"https:\/\/agora.xtec.cat\/escolapaucasalsrubi\/wp-json\/wp\/v2\/posts\/3408\/revisions\/3410"}],"wp:attachment":[{"href":"https:\/\/agora.xtec.cat\/escolapaucasalsrubi\/wp-json\/wp\/v2\/media?parent=3408"}],"wp:term":[{"taxonomy":"category","embeddable":true,"href":"https:\/\/agora.xtec.cat\/escolapaucasalsrubi\/wp-json\/wp\/v2\/categories?post=3408"},{"taxonomy":"post_tag","embeddable":true,"href":"https:\/\/agora.xtec.cat\/escolapaucasalsrubi\/wp-json\/wp\/v2\/tags?post=3408"}],"curies":[{"name":"wp","href":"https:\/\/api.w.org\/{rel}","templated":true}]}}