{"id":2352,"date":"2017-04-28T20:16:38","date_gmt":"2017-04-28T18:16:38","guid":{"rendered":"http:\/\/agora.xtec.cat\/escolapaucasalsrubi\/?p=2352"},"modified":"2017-04-28T20:16:41","modified_gmt":"2017-04-28T18:16:41","slug":"a-p-4-fem-la-mona","status":"publish","type":"post","link":"https:\/\/agora.xtec.cat\/escolapaucasalsrubi\/portada-curs-2018\/a-p-4-fem-la-mona\/","title":{"rendered":"A P-4 FEM LA MONA"},"content":{"rendered":"<p>Els elefants i els goril\u00b7les hem fet una activitat de cuina a les nostres aules.<a href=\"http:\/\/agora.xtec.cat\/escolapaucasalsrubi\/portada\/a-p-4-fem-la-mona\/attachment\/fem_la_mona\/\" rel=\"attachment wp-att-2353\"><img loading=\"lazy\" decoding=\"async\" class=\"size-full wp-image-2353 alignright\" src=\"http:\/\/agora.xtec.cat\/escolapaucasalsrubi\/wp-content\/uploads\/usu1615\/2017\/04\/fem_la_mona.jpg\" alt=\"fem_la_mona\" width=\"149\" height=\"112\" \/><\/a><br \/>\nAmb un d\u00f2nut, confits, plomes, plats, blondes i un petit rodol\u00ed hem reprodu\u00eft la mona de pasqua. Aquesta mona l\u2019hem embolicada per dur-la a casa.<br \/>\nEntre tots\/es hem fet una mona conjunta que m\u00e9s tard hem menjat amb els\/les nostres companys\/es de cicle i amb els padrins de P-5.<br \/>\nEns agrada mantenir les tradicions a l\u2019escola.<br \/>\nLes fotos ho diuen tot.<br \/>\n27.04.17<\/p>\n<p style=\"text-align: center;\">Fotos: \u00a0 <a href=\"https:\/\/goo.gl\/photos\/2BidqNczTVqtKsSKA\" target=\"_blank\">Elefants<\/a> \u00a0 &#8211; \u00a0 <a href=\"https:\/\/goo.gl\/photos\/qc9K4S5ZLzyWchBKA\" target=\"_blank\">Goril\u00b7les<\/a><\/p>\n<p style=\"text-align: left;\"><strong>Videos Classe Elefants<\/strong><\/p>\n<p style=\"text-align: center;\"><iframe loading=\"lazy\" src=\"https:\/\/www.youtube.com\/embed\/pChg0_2lnOs?rel=0\" width=\"560\" height=\"315\" frameborder=\"0\" allowfullscreen=\"allowfullscreen\"><\/iframe><br \/>\n<iframe loading=\"lazy\" src=\"https:\/\/www.youtube.com\/embed\/a2roIbvrPi8?rel=0\" width=\"560\" height=\"315\" frameborder=\"0\" allowfullscreen=\"allowfullscreen\"><\/iframe><\/p>\n<p style=\"text-align: center;\">\n<iframe loading=\"lazy\" src=\"https:\/\/www.youtube.com\/embed\/dtpdDdaKByk?rel=0\" width=\"560\" height=\"315\" frameborder=\"0\" allowfullscreen=\"allowfullscreen\"><\/iframe><\/p>\n<p style=\"text-align: center;\">\n<iframe loading=\"lazy\" src=\"https:\/\/www.youtube.com\/embed\/MBSv7M9LdQ4?rel=0\" width=\"560\" height=\"315\" frameborder=\"0\" allowfullscreen=\"allowfullscreen\"><\/iframe><\/p>\n<p style=\"text-align: center;\">\n<iframe loading=\"lazy\" src=\"https:\/\/www.youtube.com\/embed\/P0drxe_Sceo?rel=0\" width=\"560\" height=\"315\" frameborder=\"0\" allowfullscreen=\"allowfullscreen\"><\/iframe><\/p>\n<p style=\"text-align: center;\">\n<iframe loading=\"lazy\" src=\"https:\/\/www.youtube.com\/embed\/3jDSyVaG0mY?rel=0\" width=\"560\" height=\"315\" frameborder=\"0\" allowfullscreen=\"allowfullscreen\"><\/iframe><\/p>\n<p style=\"text-align: center;\">\n<iframe loading=\"lazy\" src=\"https:\/\/www.youtube.com\/embed\/fLoX4JAwLr4?rel=0\" width=\"560\" height=\"315\" frameborder=\"0\" allowfullscreen=\"allowfullscreen\"><\/iframe><\/p>\n<p style=\"text-align: center;\">\n<iframe loading=\"lazy\" src=\"https:\/\/www.youtube.com\/embed\/dUe6yZfyGMM?rel=0\" width=\"560\" height=\"315\" frameborder=\"0\" allowfullscreen=\"allowfullscreen\"><\/iframe><\/p>\n<p style=\"text-align: center;\">\n<iframe loading=\"lazy\" src=\"https:\/\/www.youtube.com\/embed\/6AIU4gbnywk?rel=0\" width=\"560\" height=\"315\" frameborder=\"0\" allowfullscreen=\"allowfullscreen\"><\/iframe><\/p>\n<p style=\"text-align: center;\">\n<iframe loading=\"lazy\" src=\"https:\/\/www.youtube.com\/embed\/waGbSp-7pQQ?rel=0\" width=\"560\" height=\"315\" frameborder=\"0\" allowfullscreen=\"allowfullscreen\"><\/iframe><\/p>\n","protected":false},"excerpt":{"rendered":"<p>Els elefants i els goril\u00b7les hem fet una activitat de cuina a les nostres aules. Amb un d\u00f2nut, confits, plomes, plats, blondes i un petit rodol\u00ed hem reprodu\u00eft la mona de pasqua. Aquesta mona l\u2019hem embolicada per dur-la a casa. Entre tots\/es hem fet una mona conjunta que m\u00e9s tard hem menjat amb els\/les nostres [&hellip;]<\/p>\n","protected":false},"author":1,"featured_media":2353,"comment_status":"open","ping_status":"open","sticky":false,"template":"","format":"standard","meta":{"_bbp_topic_count":0,"_bbp_reply_count":0,"_bbp_total_topic_count":0,"_bbp_total_reply_count":0,"_bbp_voice_count":0,"_bbp_anonymous_reply_count":0,"_bbp_topic_count_hidden":0,"_bbp_reply_count_hidden":0,"_bbp_forum_subforum_count":0,"site-sidebar-layout":"default","site-content-layout":"","ast-site-content-layout":"","site-content-style":"default","site-sidebar-style":"default","ast-global-header-display":"","ast-banner-title-visibility":"","ast-main-header-display":"","ast-hfb-above-header-display":"","ast-hfb-below-header-display":"","ast-hfb-mobile-header-display":"","site-post-title":"","ast-breadcrumbs-content":"","ast-featured-img":"","footer-sml-layout":"","theme-transparent-header-meta":"","adv-header-id-meta":"","stick-header-meta":"","header-above-stick-meta":"","header-main-stick-meta":"","header-below-stick-meta":"","astra-migrate-meta-layouts":"default","ast-page-background-enabled":"default","ast-page-background-meta":{"desktop":{"background-color":"var(--ast-global-color-5)","background-image":"","background-repeat":"repeat","background-position":"center center","background-size":"auto","background-attachment":"scroll","background-type":"","background-media":"","overlay-type":"","overlay-color":"","overlay-opacity":"","overlay-gradient":""},"tablet":{"background-color":"","background-image":"","background-repeat":"repeat","background-position":"center center","background-size":"auto","background-attachment":"scroll","background-type":"","background-media":"","overlay-type":"","overlay-color":"","overlay-opacity":"","overlay-gradient":""},"mobile":{"background-color":"","background-image":"","background-repeat":"repeat","background-position":"center center","background-size":"auto","background-attachment":"scroll","background-type":"","background-media":"","overlay-type":"","overlay-color":"","overlay-opacity":"","overlay-gradient":""}},"ast-content-background-meta":{"desktop":{"background-color":"var(--ast-global-color-4)","background-image":"","background-repeat":"repeat","background-position":"center center","background-size":"auto","background-attachment":"scroll","background-type":"","background-media":"","overlay-type":"","overlay-color":"","overlay-opacity":"","overlay-gradient":""},"tablet":{"background-color":"var(--ast-global-color-4)","background-image":"","background-repeat":"repeat","background-position":"center center","background-size":"auto","background-attachment":"scroll","background-type":"","background-media":"","overlay-type":"","overlay-color":"","overlay-opacity":"","overlay-gradient":""},"mobile":{"background-color":"var(--ast-global-color-4)","background-image":"","background-repeat":"repeat","background-position":"center center","background-size":"auto","background-attachment":"scroll","background-type":"","background-media":"","overlay-type":"","overlay-color":"","overlay-opacity":"","overlay-gradient":""}},"footnotes":""},"categories":[8,4],"tags":[],"class_list":["post-2352","post","type-post","status-publish","format-standard","has-post-thumbnail","hentry","category-p4-curs-2018","category-portada-curs-2018"],"post_mailing_queue_ids":[],"_links":{"self":[{"href":"https:\/\/agora.xtec.cat\/escolapaucasalsrubi\/wp-json\/wp\/v2\/posts\/2352","targetHints":{"allow":["GET"]}}],"collection":[{"href":"https:\/\/agora.xtec.cat\/escolapaucasalsrubi\/wp-json\/wp\/v2\/posts"}],"about":[{"href":"https:\/\/agora.xtec.cat\/escolapaucasalsrubi\/wp-json\/wp\/v2\/types\/post"}],"author":[{"embeddable":true,"href":"https:\/\/agora.xtec.cat\/escolapaucasalsrubi\/wp-json\/wp\/v2\/users\/1"}],"replies":[{"embeddable":true,"href":"https:\/\/agora.xtec.cat\/escolapaucasalsrubi\/wp-json\/wp\/v2\/comments?post=2352"}],"version-history":[{"count":2,"href":"https:\/\/agora.xtec.cat\/escolapaucasalsrubi\/wp-json\/wp\/v2\/posts\/2352\/revisions"}],"predecessor-version":[{"id":2355,"href":"https:\/\/agora.xtec.cat\/escolapaucasalsrubi\/wp-json\/wp\/v2\/posts\/2352\/revisions\/2355"}],"wp:featuredmedia":[{"embeddable":true,"href":"https:\/\/agora.xtec.cat\/escolapaucasalsrubi\/wp-json\/wp\/v2\/media\/2353"}],"wp:attachment":[{"href":"https:\/\/agora.xtec.cat\/escolapaucasalsrubi\/wp-json\/wp\/v2\/media?parent=2352"}],"wp:term":[{"taxonomy":"category","embeddable":true,"href":"https:\/\/agora.xtec.cat\/escolapaucasalsrubi\/wp-json\/wp\/v2\/categories?post=2352"},{"taxonomy":"post_tag","embeddable":true,"href":"https:\/\/agora.xtec.cat\/escolapaucasalsrubi\/wp-json\/wp\/v2\/tags?post=2352"}],"curies":[{"name":"wp","href":"https:\/\/api.w.org\/{rel}","templated":true}]}}