{"id":1612,"date":"2017-03-08T20:34:39","date_gmt":"2017-03-08T19:34:39","guid":{"rendered":"http:\/\/agora.xtec.cat\/escolapaucasalsrubi\/?p=1612"},"modified":"2017-03-08T20:34:41","modified_gmt":"2017-03-08T19:34:41","slug":"comencem-el-treball-a-les-aules","status":"publish","type":"post","link":"https:\/\/agora.xtec.cat\/escolapaucasalsrubi\/portada-curs-2018\/comencem-el-treball-a-les-aules\/","title":{"rendered":"COMENCEM EL TREBALL A LES AULES"},"content":{"rendered":"<p><a href=\"http:\/\/agora.xtec.cat\/escolapaucasalsrubi\/portada\/comencem-el-treball-a-les-aules\/attachment\/comencem_treball_aules\/\" rel=\"attachment wp-att-1613\"><img loading=\"lazy\" decoding=\"async\" class=\"aligncenter wp-image-1613 size-full\" src=\"http:\/\/agora.xtec.cat\/escolapaucasalsrubi\/wp-content\/uploads\/usu1615\/2017\/03\/comencem_treball_aules.png\" alt=\"comencem_treball_aules\" width=\"704\" height=\"419\" srcset=\"https:\/\/agora.xtec.cat\/escolapaucasalsrubi\/wp-content\/uploads\/usu1615\/2017\/03\/comencem_treball_aules.png 704w, https:\/\/agora.xtec.cat\/escolapaucasalsrubi\/wp-content\/uploads\/usu1615\/2017\/03\/comencem_treball_aules-300x179.png 300w\" sizes=\"auto, (max-width: 704px) 100vw, 704px\" \/><\/a><\/p>\n<p>El proc\u00e9s de reflexi\u00f3 de l\u2019espai del pati per part de l\u2019alumnat ja ha comen\u00e7at i estem rebent les primeres conclusions.<br \/>\nLa classe de 1rA va fer una assemblea per valorar els espais del pati i les emocions que els hi generen cadascun d\u2019aquests.<br \/>\nPrimer van posar-se d\u2019acord amb les parts del pati qu\u00e8 volien destacar (no tothom t\u00e9 la mateixa visi\u00f3 del pati), i despr\u00e9s van relacionar aquests espais amb paraules claus que els hi feien venir al cap, ja fossin emocions, objectes, etc. (por, diversi\u00f3, pilotes, compte, nens grans, no hi podem anar\u2026).<br \/>\nDespr\u00e9s d\u2019anotar aquestes conclusions a la pissarra perqu\u00e8 fos m\u00e9s visual, van mirar diferents refer\u00e8ncies de tipologies de patis a la pissarra digital, a mode d\u2019exemples de possibilitats.<br \/>\nDespr\u00e9s d\u2019aquesta fase de diagnosi passarem a crear una proposta del pati desitjat.<\/p>\n","protected":false},"excerpt":{"rendered":"<p>El proc\u00e9s de reflexi\u00f3 de l\u2019espai del pati per part de l\u2019alumnat ja ha comen\u00e7at i estem rebent les primeres conclusions. La classe de 1rA va fer una assemblea per valorar els espais del pati i les emocions que els hi generen cadascun d\u2019aquests. Primer van posar-se d\u2019acord amb les parts del pati qu\u00e8 volien [&hellip;]<\/p>\n","protected":false},"author":1,"featured_media":1613,"comment_status":"open","ping_status":"open","sticky":false,"template":"","format":"standard","meta":{"_bbp_topic_count":0,"_bbp_reply_count":0,"_bbp_total_topic_count":0,"_bbp_total_reply_count":0,"_bbp_voice_count":0,"_bbp_anonymous_reply_count":0,"_bbp_topic_count_hidden":0,"_bbp_reply_count_hidden":0,"_bbp_forum_subforum_count":0,"site-sidebar-layout":"default","site-content-layout":"","ast-site-content-layout":"","site-content-style":"default","site-sidebar-style":"default","ast-global-header-display":"","ast-banner-title-visibility":"","ast-main-header-display":"","ast-hfb-above-header-display":"","ast-hfb-below-header-display":"","ast-hfb-mobile-header-display":"","site-post-title":"","ast-breadcrumbs-content":"","ast-featured-img":"","footer-sml-layout":"","theme-transparent-header-meta":"","adv-header-id-meta":"","stick-header-meta":"","header-above-stick-meta":"","header-main-stick-meta":"","header-below-stick-meta":"","astra-migrate-meta-layouts":"default","ast-page-background-enabled":"default","ast-page-background-meta":{"desktop":{"background-color":"var(--ast-global-color-5)","background-image":"","background-repeat":"repeat","background-position":"center center","background-size":"auto","background-attachment":"scroll","background-type":"","background-media":"","overlay-type":"","overlay-color":"","overlay-opacity":"","overlay-gradient":""},"tablet":{"background-color":"","background-image":"","background-repeat":"repeat","background-position":"center center","background-size":"auto","background-attachment":"scroll","background-type":"","background-media":"","overlay-type":"","overlay-color":"","overlay-opacity":"","overlay-gradient":""},"mobile":{"background-color":"","background-image":"","background-repeat":"repeat","background-position":"center center","background-size":"auto","background-attachment":"scroll","background-type":"","background-media":"","overlay-type":"","overlay-color":"","overlay-opacity":"","overlay-gradient":""}},"ast-content-background-meta":{"desktop":{"background-color":"var(--ast-global-color-4)","background-image":"","background-repeat":"repeat","background-position":"center center","background-size":"auto","background-attachment":"scroll","background-type":"","background-media":"","overlay-type":"","overlay-color":"","overlay-opacity":"","overlay-gradient":""},"tablet":{"background-color":"var(--ast-global-color-4)","background-image":"","background-repeat":"repeat","background-position":"center center","background-size":"auto","background-attachment":"scroll","background-type":"","background-media":"","overlay-type":"","overlay-color":"","overlay-opacity":"","overlay-gradient":""},"mobile":{"background-color":"var(--ast-global-color-4)","background-image":"","background-repeat":"repeat","background-position":"center center","background-size":"auto","background-attachment":"scroll","background-type":"","background-media":"","overlay-type":"","overlay-color":"","overlay-opacity":"","overlay-gradient":""}},"footnotes":""},"categories":[4,76],"tags":[],"class_list":["post-1612","post","type-post","status-publish","format-standard","has-post-thumbnail","hentry","category-portada-curs-2018","category-projecte-espais-simpatics-curs-2018"],"post_mailing_queue_ids":[],"_links":{"self":[{"href":"https:\/\/agora.xtec.cat\/escolapaucasalsrubi\/wp-json\/wp\/v2\/posts\/1612","targetHints":{"allow":["GET"]}}],"collection":[{"href":"https:\/\/agora.xtec.cat\/escolapaucasalsrubi\/wp-json\/wp\/v2\/posts"}],"about":[{"href":"https:\/\/agora.xtec.cat\/escolapaucasalsrubi\/wp-json\/wp\/v2\/types\/post"}],"author":[{"embeddable":true,"href":"https:\/\/agora.xtec.cat\/escolapaucasalsrubi\/wp-json\/wp\/v2\/users\/1"}],"replies":[{"embeddable":true,"href":"https:\/\/agora.xtec.cat\/escolapaucasalsrubi\/wp-json\/wp\/v2\/comments?post=1612"}],"version-history":[{"count":2,"href":"https:\/\/agora.xtec.cat\/escolapaucasalsrubi\/wp-json\/wp\/v2\/posts\/1612\/revisions"}],"predecessor-version":[{"id":1615,"href":"https:\/\/agora.xtec.cat\/escolapaucasalsrubi\/wp-json\/wp\/v2\/posts\/1612\/revisions\/1615"}],"wp:featuredmedia":[{"embeddable":true,"href":"https:\/\/agora.xtec.cat\/escolapaucasalsrubi\/wp-json\/wp\/v2\/media\/1613"}],"wp:attachment":[{"href":"https:\/\/agora.xtec.cat\/escolapaucasalsrubi\/wp-json\/wp\/v2\/media?parent=1612"}],"wp:term":[{"taxonomy":"category","embeddable":true,"href":"https:\/\/agora.xtec.cat\/escolapaucasalsrubi\/wp-json\/wp\/v2\/categories?post=1612"},{"taxonomy":"post_tag","embeddable":true,"href":"https:\/\/agora.xtec.cat\/escolapaucasalsrubi\/wp-json\/wp\/v2\/tags?post=1612"}],"curies":[{"name":"wp","href":"https:\/\/api.w.org\/{rel}","templated":true}]}}