{"id":1407,"date":"2017-02-18T09:44:02","date_gmt":"2017-02-18T08:44:02","guid":{"rendered":"http:\/\/agora.xtec.cat\/escolapaucasalsrubi\/?p=1407"},"modified":"2017-02-18T09:44:03","modified_gmt":"2017-02-18T08:44:03","slug":"el-pot-de-la-calma","status":"publish","type":"post","link":"https:\/\/agora.xtec.cat\/escolapaucasalsrubi\/portada-curs-2018\/el-pot-de-la-calma\/","title":{"rendered":"EL POT DE LA CALMA"},"content":{"rendered":"<p>Aprofitant que a l\u2019 escola estem treballant el projecte \u201c1,2,3.. ens relaxem\u201d, a la USEE hem elaborat el nostre pot de la calma que ens ajuda a relaxar-nos i a estar m\u00e9s tranquils quan estem nerviosos o estressats.<br \/>\nEl pot de la calma ajuda a desviar l\u2019atenci\u00f3 del conflicte i permet organitzar i centralitzar el nostre sistema nervi\u00f3s central en un est\u00edmul concret en aquest cas en el pot.<br \/>\nEl nostre Pot de la Calma l\u2019hem elaborat de la manera seg\u00fcent:<\/p>\n<p><u>Material<\/u>:<a href=\"http:\/\/agora.xtec.cat\/escolapaucasalsrubi\/portada\/el-pot-de-la-calma\/attachment\/pot_cama\/\" rel=\"attachment wp-att-1408\"><img loading=\"lazy\" decoding=\"async\" class=\"size-full wp-image-1408 alignright\" src=\"http:\/\/agora.xtec.cat\/escolapaucasalsrubi\/wp-content\/uploads\/usu1615\/2017\/02\/pot_cama.jpg\" alt=\"pot_cama\" width=\"178\" height=\"168\" \/><\/a><br \/>\n\uf0b7 pot de pl\u00e0stic<br \/>\n\uf0b7 boletes de les plantes (es fan grans)<br \/>\n\uf0b7 purpurina<br \/>\n\uf0b7 pegament i cola<br \/>\n\uf0b7 papers de seda de diferents colors<\/p>\n<p><u>Instruccions:<\/u><\/p>\n<p>1. Decorem la tapa del nostre pot amb papers de seda com m\u00e9s ens<br \/>\nagradi.<br \/>\n2. Fiquem les boletes dintre del pot i afegim aigua fins a dalt. Ho<br \/>\ndeixem un dia per a que les boletes es facin grans.<br \/>\n3. Al dia seg\u00fcent quan les boletes han crescut fiquem purpurina i cola<br \/>\ntransparent.<br \/>\n4. Tanquem la tapa amb pegament.<br \/>\n5. Ja estem preparats per gaudir del nostre pot.<\/p>\n<p style=\"text-align: center;\">Fotos: <a href=\"https:\/\/goo.gl\/photos\/ZLq1bJRipFbymMFWA\" target=\"_blank\">USEE<\/a><\/p>\n","protected":false},"excerpt":{"rendered":"<p>Aprofitant que a l\u2019 escola estem treballant el projecte \u201c1,2,3.. ens relaxem\u201d, a la USEE hem elaborat el nostre pot de la calma que ens ajuda a relaxar-nos i a estar m\u00e9s tranquils quan estem nerviosos o estressats. El pot de la calma ajuda a desviar l\u2019atenci\u00f3 del conflicte i permet organitzar i centralitzar el [&hellip;]<\/p>\n","protected":false},"author":1,"featured_media":1408,"comment_status":"open","ping_status":"open","sticky":false,"template":"","format":"standard","meta":{"_bbp_topic_count":0,"_bbp_reply_count":0,"_bbp_total_topic_count":0,"_bbp_total_reply_count":0,"_bbp_voice_count":0,"_bbp_anonymous_reply_count":0,"_bbp_topic_count_hidden":0,"_bbp_reply_count_hidden":0,"_bbp_forum_subforum_count":0,"site-sidebar-layout":"default","site-content-layout":"","ast-site-content-layout":"","site-content-style":"default","site-sidebar-style":"default","ast-global-header-display":"","ast-banner-title-visibility":"","ast-main-header-display":"","ast-hfb-above-header-display":"","ast-hfb-below-header-display":"","ast-hfb-mobile-header-display":"","site-post-title":"","ast-breadcrumbs-content":"","ast-featured-img":"","footer-sml-layout":"","theme-transparent-header-meta":"","adv-header-id-meta":"","stick-header-meta":"","header-above-stick-meta":"","header-main-stick-meta":"","header-below-stick-meta":"","astra-migrate-meta-layouts":"default","ast-page-background-enabled":"default","ast-page-background-meta":{"desktop":{"background-color":"var(--ast-global-color-5)","background-image":"","background-repeat":"repeat","background-position":"center center","background-size":"auto","background-attachment":"scroll","background-type":"","background-media":"","overlay-type":"","overlay-color":"","overlay-opacity":"","overlay-gradient":""},"tablet":{"background-color":"","background-image":"","background-repeat":"repeat","background-position":"center center","background-size":"auto","background-attachment":"scroll","background-type":"","background-media":"","overlay-type":"","overlay-color":"","overlay-opacity":"","overlay-gradient":""},"mobile":{"background-color":"","background-image":"","background-repeat":"repeat","background-position":"center center","background-size":"auto","background-attachment":"scroll","background-type":"","background-media":"","overlay-type":"","overlay-color":"","overlay-opacity":"","overlay-gradient":""}},"ast-content-background-meta":{"desktop":{"background-color":"var(--ast-global-color-4)","background-image":"","background-repeat":"repeat","background-position":"center center","background-size":"auto","background-attachment":"scroll","background-type":"","background-media":"","overlay-type":"","overlay-color":"","overlay-opacity":"","overlay-gradient":""},"tablet":{"background-color":"var(--ast-global-color-4)","background-image":"","background-repeat":"repeat","background-position":"center center","background-size":"auto","background-attachment":"scroll","background-type":"","background-media":"","overlay-type":"","overlay-color":"","overlay-opacity":"","overlay-gradient":""},"mobile":{"background-color":"var(--ast-global-color-4)","background-image":"","background-repeat":"repeat","background-position":"center center","background-size":"auto","background-attachment":"scroll","background-type":"","background-media":"","overlay-type":"","overlay-color":"","overlay-opacity":"","overlay-gradient":""}},"footnotes":""},"categories":[4,68],"tags":[],"class_list":["post-1407","post","type-post","status-publish","format-standard","has-post-thumbnail","hentry","category-portada-curs-2018","category-usee-curs-2018"],"post_mailing_queue_ids":[],"_links":{"self":[{"href":"https:\/\/agora.xtec.cat\/escolapaucasalsrubi\/wp-json\/wp\/v2\/posts\/1407","targetHints":{"allow":["GET"]}}],"collection":[{"href":"https:\/\/agora.xtec.cat\/escolapaucasalsrubi\/wp-json\/wp\/v2\/posts"}],"about":[{"href":"https:\/\/agora.xtec.cat\/escolapaucasalsrubi\/wp-json\/wp\/v2\/types\/post"}],"author":[{"embeddable":true,"href":"https:\/\/agora.xtec.cat\/escolapaucasalsrubi\/wp-json\/wp\/v2\/users\/1"}],"replies":[{"embeddable":true,"href":"https:\/\/agora.xtec.cat\/escolapaucasalsrubi\/wp-json\/wp\/v2\/comments?post=1407"}],"version-history":[{"count":2,"href":"https:\/\/agora.xtec.cat\/escolapaucasalsrubi\/wp-json\/wp\/v2\/posts\/1407\/revisions"}],"predecessor-version":[{"id":1410,"href":"https:\/\/agora.xtec.cat\/escolapaucasalsrubi\/wp-json\/wp\/v2\/posts\/1407\/revisions\/1410"}],"wp:featuredmedia":[{"embeddable":true,"href":"https:\/\/agora.xtec.cat\/escolapaucasalsrubi\/wp-json\/wp\/v2\/media\/1408"}],"wp:attachment":[{"href":"https:\/\/agora.xtec.cat\/escolapaucasalsrubi\/wp-json\/wp\/v2\/media?parent=1407"}],"wp:term":[{"taxonomy":"category","embeddable":true,"href":"https:\/\/agora.xtec.cat\/escolapaucasalsrubi\/wp-json\/wp\/v2\/categories?post=1407"},{"taxonomy":"post_tag","embeddable":true,"href":"https:\/\/agora.xtec.cat\/escolapaucasalsrubi\/wp-json\/wp\/v2\/tags?post=1407"}],"curies":[{"name":"wp","href":"https:\/\/api.w.org\/{rel}","templated":true}]}}