{"id":1399,"date":"2017-02-16T21:23:40","date_gmt":"2017-02-16T20:23:40","guid":{"rendered":"http:\/\/agora.xtec.cat\/escolapaucasalsrubi\/?p=1399"},"modified":"2017-02-16T21:23:40","modified_gmt":"2017-02-16T20:23:40","slug":"fem-simetries-amb-pintura","status":"publish","type":"post","link":"https:\/\/agora.xtec.cat\/escolapaucasalsrubi\/portada-curs-2018\/fem-simetries-amb-pintura\/","title":{"rendered":"FEM SIMETRIES AMB PINTURA"},"content":{"rendered":"<p>Aquests dies a les aules de primer estem treballant el concepte matem\u00e0tic de simetria. Per fer-ho, hem enfocat el seu aprenentatge des de diferents vessants de manera que l\u2019alumnat aconsegueixi tenir una visi\u00f3 m\u00e9s clara i entenedora.<br \/>\nUna de les activitats que hem fet ha estat fer dibuixos sim\u00e8trics mitjan\u00e7ant la pintura. \u00c9s una activitat molt senzilla amb la qual es treballen molts aspectes, alguns d\u2019ells matem\u00e0tics per\u00f2 alhora tamb\u00e9 treballem conceptes d\u2019educaci\u00f3 visual i pl\u00e0stica com la barreja de colors, l\u2019expressi\u00f3 art\u00edstica i la predicci\u00f3 i la pr\u00f2pia interpretaci\u00f3 que cadasc\u00fa fa del resultat final. Els nens i les nenes ja coneixen el proc\u00e9s i el poden fer de manera totalment aut\u00f2noma de manera que si voleu, podeu repetir l\u2019activitat a casa!<br \/>\nEls passos a seguir s\u00f3n els seg\u00fcents:<br \/>\n1r. Dobleguem full de dibuix per la meitat per buscar l\u2019eix de simetria i el tornem a obrir.<br \/>\n2n. Triem els colors que desitgem i posem una gota de cada color just a la meitat del full, el dobleguem i fem pressi\u00f3 amb els dits perqu\u00e8 la pintura s\u2019escampi i impregni tot el full.<br \/>\n3r. Per \u00faltim, amb molta cura, l\u2019obrim poc a poc i podrem veure les formes resultants.<br \/>\nAqu\u00ed teniu les fotografies de la sessi\u00f3, esperem que us agradi!<\/p>\n<p style=\"text-align: center;\">Fotos: <a href=\"https:\/\/goo.gl\/photos\/juoFjKL2yWXVDfft8\" target=\"_blank\">1r<\/a><\/p>\n<p>&nbsp;<\/p>\n","protected":false},"excerpt":{"rendered":"<p>Aquests dies a les aules de primer estem treballant el concepte matem\u00e0tic de simetria. Per fer-ho, hem enfocat el seu aprenentatge des de diferents vessants de manera que l\u2019alumnat aconsegueixi tenir una visi\u00f3 m\u00e9s clara i entenedora. Una de les activitats que hem fet ha estat fer dibuixos sim\u00e8trics mitjan\u00e7ant la pintura. \u00c9s una activitat [&hellip;]<\/p>\n","protected":false},"author":1,"featured_media":0,"comment_status":"open","ping_status":"open","sticky":false,"template":"","format":"standard","meta":{"_bbp_topic_count":0,"_bbp_reply_count":0,"_bbp_total_topic_count":0,"_bbp_total_reply_count":0,"_bbp_voice_count":0,"_bbp_anonymous_reply_count":0,"_bbp_topic_count_hidden":0,"_bbp_reply_count_hidden":0,"_bbp_forum_subforum_count":0,"site-sidebar-layout":"default","site-content-layout":"","ast-site-content-layout":"","site-content-style":"default","site-sidebar-style":"default","ast-global-header-display":"","ast-banner-title-visibility":"","ast-main-header-display":"","ast-hfb-above-header-display":"","ast-hfb-below-header-display":"","ast-hfb-mobile-header-display":"","site-post-title":"","ast-breadcrumbs-content":"","ast-featured-img":"","footer-sml-layout":"","theme-transparent-header-meta":"","adv-header-id-meta":"","stick-header-meta":"","header-above-stick-meta":"","header-main-stick-meta":"","header-below-stick-meta":"","astra-migrate-meta-layouts":"default","ast-page-background-enabled":"default","ast-page-background-meta":{"desktop":{"background-color":"var(--ast-global-color-5)","background-image":"","background-repeat":"repeat","background-position":"center center","background-size":"auto","background-attachment":"scroll","background-type":"","background-media":"","overlay-type":"","overlay-color":"","overlay-opacity":"","overlay-gradient":""},"tablet":{"background-color":"","background-image":"","background-repeat":"repeat","background-position":"center center","background-size":"auto","background-attachment":"scroll","background-type":"","background-media":"","overlay-type":"","overlay-color":"","overlay-opacity":"","overlay-gradient":""},"mobile":{"background-color":"","background-image":"","background-repeat":"repeat","background-position":"center center","background-size":"auto","background-attachment":"scroll","background-type":"","background-media":"","overlay-type":"","overlay-color":"","overlay-opacity":"","overlay-gradient":""}},"ast-content-background-meta":{"desktop":{"background-color":"var(--ast-global-color-4)","background-image":"","background-repeat":"repeat","background-position":"center center","background-size":"auto","background-attachment":"scroll","background-type":"","background-media":"","overlay-type":"","overlay-color":"","overlay-opacity":"","overlay-gradient":""},"tablet":{"background-color":"var(--ast-global-color-4)","background-image":"","background-repeat":"repeat","background-position":"center center","background-size":"auto","background-attachment":"scroll","background-type":"","background-media":"","overlay-type":"","overlay-color":"","overlay-opacity":"","overlay-gradient":""},"mobile":{"background-color":"var(--ast-global-color-4)","background-image":"","background-repeat":"repeat","background-position":"center center","background-size":"auto","background-attachment":"scroll","background-type":"","background-media":"","overlay-type":"","overlay-color":"","overlay-opacity":"","overlay-gradient":""}},"footnotes":""},"categories":[10,4],"tags":[],"class_list":["post-1399","post","type-post","status-publish","format-standard","hentry","category-1r-curs-2018","category-portada-curs-2018"],"post_mailing_queue_ids":[],"_links":{"self":[{"href":"https:\/\/agora.xtec.cat\/escolapaucasalsrubi\/wp-json\/wp\/v2\/posts\/1399","targetHints":{"allow":["GET"]}}],"collection":[{"href":"https:\/\/agora.xtec.cat\/escolapaucasalsrubi\/wp-json\/wp\/v2\/posts"}],"about":[{"href":"https:\/\/agora.xtec.cat\/escolapaucasalsrubi\/wp-json\/wp\/v2\/types\/post"}],"author":[{"embeddable":true,"href":"https:\/\/agora.xtec.cat\/escolapaucasalsrubi\/wp-json\/wp\/v2\/users\/1"}],"replies":[{"embeddable":true,"href":"https:\/\/agora.xtec.cat\/escolapaucasalsrubi\/wp-json\/wp\/v2\/comments?post=1399"}],"version-history":[{"count":1,"href":"https:\/\/agora.xtec.cat\/escolapaucasalsrubi\/wp-json\/wp\/v2\/posts\/1399\/revisions"}],"predecessor-version":[{"id":1400,"href":"https:\/\/agora.xtec.cat\/escolapaucasalsrubi\/wp-json\/wp\/v2\/posts\/1399\/revisions\/1400"}],"wp:attachment":[{"href":"https:\/\/agora.xtec.cat\/escolapaucasalsrubi\/wp-json\/wp\/v2\/media?parent=1399"}],"wp:term":[{"taxonomy":"category","embeddable":true,"href":"https:\/\/agora.xtec.cat\/escolapaucasalsrubi\/wp-json\/wp\/v2\/categories?post=1399"},{"taxonomy":"post_tag","embeddable":true,"href":"https:\/\/agora.xtec.cat\/escolapaucasalsrubi\/wp-json\/wp\/v2\/tags?post=1399"}],"curies":[{"name":"wp","href":"https:\/\/api.w.org\/{rel}","templated":true}]}}