{"id":1300,"date":"2017-02-07T20:01:49","date_gmt":"2017-02-07T19:01:49","guid":{"rendered":"http:\/\/agora.xtec.cat\/escolapaucasalsrubi\/?p=1300"},"modified":"2017-02-12T11:57:12","modified_gmt":"2017-02-12T10:57:12","slug":"premi-de-narrativa-sambori","status":"publish","type":"post","link":"https:\/\/agora.xtec.cat\/escolapaucasalsrubi\/portada-curs-2018\/premi-de-narrativa-sambori\/","title":{"rendered":"PREMI DE NARRATIVA SAMBORI"},"content":{"rendered":"<p>\u00c9s el tercer curs escolar que l\u2019alumnat de 5\u00e8 i 6\u00e8 de Prim\u00e0ria participa al premi de narrativa Sambori, un projecte que promou la implicaci\u00f3 d\u2019alumnes i mestres, aix\u00ed com la difusi\u00f3 de l\u2019\u00fas del catal\u00e0, el foment de la creativitat i la imaginaci\u00f3 de l\u2019alumnat.<\/p>\n<p>\u00d2mnium Cultural organitza aquest concurs a Catalunya.<\/p>\n<p>Segons les bases establertes al concurs, s\u2019han de tenir en compte els seg\u00fcents punts:<\/p>\n<ol>\n<li>Les narracions hauran de ser individuals, originals i escrites en llengua catalana.<\/li>\n<li>L\u2019extensi\u00f3 dels escrits ser\u00e0 entre mitja i dues p\u00e0gines a prim\u00e0ria.<\/li>\n<li>La narraci\u00f3 s\u2019haur\u00e0 de presentar a ordinador, amb la lletra Arial 12 i 1,5 d\u2019interlineat.<\/li>\n<li>Nom\u00e9s es poden enviar 3 escrits per cicle.<\/li>\n<\/ol>\n<p style=\"padding-left: 30px;\"><a href=\"http:\/\/agora.xtec.cat\/escolapaucasalsrubi\/wp-content\/uploads\/usu1615\/2017\/02\/Eloy_Moya_Prieto.pdf\" target=\"_blank\">Eloy Moya Prieto<\/a><\/p>\n<p style=\"padding-left: 30px;\"><a href=\"http:\/\/agora.xtec.cat\/escolapaucasalsrubi\/wp-content\/uploads\/usu1615\/2017\/02\/Eva_Rubio_Bayona.pdf\" target=\"_blank\">Eva Rubio Bayona<\/a><\/p>\n<p style=\"padding-left: 30px;\"><a href=\"http:\/\/agora.xtec.cat\/escolapaucasalsrubi\/wp-content\/uploads\/usu1615\/2017\/02\/Juan_Jos\u00e9_Torres_Sesa.pdf\" target=\"_blank\">Juan Jos\u00e9 Torres Sesa<\/a><\/p>\n","protected":false},"excerpt":{"rendered":"<p>\u00c9s el tercer curs escolar que l\u2019alumnat de 5\u00e8 i 6\u00e8 de Prim\u00e0ria participa al premi de narrativa Sambori, un projecte que promou la implicaci\u00f3 d\u2019alumnes i mestres, aix\u00ed com la difusi\u00f3 de l\u2019\u00fas del catal\u00e0, el foment de la creativitat i la imaginaci\u00f3 de l\u2019alumnat. \u00d2mnium Cultural organitza aquest concurs a Catalunya. Segons les [&hellip;]<\/p>\n","protected":false},"author":1,"featured_media":0,"comment_status":"open","ping_status":"open","sticky":false,"template":"","format":"standard","meta":{"_bbp_topic_count":0,"_bbp_reply_count":0,"_bbp_total_topic_count":0,"_bbp_total_reply_count":0,"_bbp_voice_count":0,"_bbp_anonymous_reply_count":0,"_bbp_topic_count_hidden":0,"_bbp_reply_count_hidden":0,"_bbp_forum_subforum_count":0,"site-sidebar-layout":"default","site-content-layout":"","ast-site-content-layout":"","site-content-style":"default","site-sidebar-style":"default","ast-global-header-display":"","ast-banner-title-visibility":"","ast-main-header-display":"","ast-hfb-above-header-display":"","ast-hfb-below-header-display":"","ast-hfb-mobile-header-display":"","site-post-title":"","ast-breadcrumbs-content":"","ast-featured-img":"","footer-sml-layout":"","theme-transparent-header-meta":"","adv-header-id-meta":"","stick-header-meta":"","header-above-stick-meta":"","header-main-stick-meta":"","header-below-stick-meta":"","astra-migrate-meta-layouts":"default","ast-page-background-enabled":"default","ast-page-background-meta":{"desktop":{"background-color":"var(--ast-global-color-5)","background-image":"","background-repeat":"repeat","background-position":"center center","background-size":"auto","background-attachment":"scroll","background-type":"","background-media":"","overlay-type":"","overlay-color":"","overlay-opacity":"","overlay-gradient":""},"tablet":{"background-color":"","background-image":"","background-repeat":"repeat","background-position":"center center","background-size":"auto","background-attachment":"scroll","background-type":"","background-media":"","overlay-type":"","overlay-color":"","overlay-opacity":"","overlay-gradient":""},"mobile":{"background-color":"","background-image":"","background-repeat":"repeat","background-position":"center center","background-size":"auto","background-attachment":"scroll","background-type":"","background-media":"","overlay-type":"","overlay-color":"","overlay-opacity":"","overlay-gradient":""}},"ast-content-background-meta":{"desktop":{"background-color":"var(--ast-global-color-4)","background-image":"","background-repeat":"repeat","background-position":"center center","background-size":"auto","background-attachment":"scroll","background-type":"","background-media":"","overlay-type":"","overlay-color":"","overlay-opacity":"","overlay-gradient":""},"tablet":{"background-color":"var(--ast-global-color-4)","background-image":"","background-repeat":"repeat","background-position":"center center","background-size":"auto","background-attachment":"scroll","background-type":"","background-media":"","overlay-type":"","overlay-color":"","overlay-opacity":"","overlay-gradient":""},"mobile":{"background-color":"var(--ast-global-color-4)","background-image":"","background-repeat":"repeat","background-position":"center center","background-size":"auto","background-attachment":"scroll","background-type":"","background-media":"","overlay-type":"","overlay-color":"","overlay-opacity":"","overlay-gradient":""}},"footnotes":""},"categories":[14,15,4],"tags":[],"class_list":["post-1300","post","type-post","status-publish","format-standard","hentry","category-5e-curs-2018","category-6e-curs-2018","category-portada-curs-2018"],"post_mailing_queue_ids":[],"_links":{"self":[{"href":"https:\/\/agora.xtec.cat\/escolapaucasalsrubi\/wp-json\/wp\/v2\/posts\/1300","targetHints":{"allow":["GET"]}}],"collection":[{"href":"https:\/\/agora.xtec.cat\/escolapaucasalsrubi\/wp-json\/wp\/v2\/posts"}],"about":[{"href":"https:\/\/agora.xtec.cat\/escolapaucasalsrubi\/wp-json\/wp\/v2\/types\/post"}],"author":[{"embeddable":true,"href":"https:\/\/agora.xtec.cat\/escolapaucasalsrubi\/wp-json\/wp\/v2\/users\/1"}],"replies":[{"embeddable":true,"href":"https:\/\/agora.xtec.cat\/escolapaucasalsrubi\/wp-json\/wp\/v2\/comments?post=1300"}],"version-history":[{"count":2,"href":"https:\/\/agora.xtec.cat\/escolapaucasalsrubi\/wp-json\/wp\/v2\/posts\/1300\/revisions"}],"predecessor-version":[{"id":1336,"href":"https:\/\/agora.xtec.cat\/escolapaucasalsrubi\/wp-json\/wp\/v2\/posts\/1300\/revisions\/1336"}],"wp:attachment":[{"href":"https:\/\/agora.xtec.cat\/escolapaucasalsrubi\/wp-json\/wp\/v2\/media?parent=1300"}],"wp:term":[{"taxonomy":"category","embeddable":true,"href":"https:\/\/agora.xtec.cat\/escolapaucasalsrubi\/wp-json\/wp\/v2\/categories?post=1300"},{"taxonomy":"post_tag","embeddable":true,"href":"https:\/\/agora.xtec.cat\/escolapaucasalsrubi\/wp-json\/wp\/v2\/tags?post=1300"}],"curies":[{"name":"wp","href":"https:\/\/api.w.org\/{rel}","templated":true}]}}