{"id":1225,"date":"2017-02-04T14:57:12","date_gmt":"2017-02-04T13:57:12","guid":{"rendered":"http:\/\/agora.xtec.cat\/escolapaucasalsrubi\/?p=1225"},"modified":"2018-10-20T10:07:51","modified_gmt":"2018-10-20T08:07:51","slug":"celebracio-de-sant-antoni-abat","status":"publish","type":"post","link":"https:\/\/agora.xtec.cat\/escolapaucasalsrubi\/portada-curs-2018\/celebracio-de-sant-antoni-abat\/","title":{"rendered":"CELEBRACI\u00d3 DE SANT ANTONI ABAT"},"content":{"rendered":"<p>El divendres 27 de gener, seguint la tradici\u00f3, a l\u2019escola Pau Casals hem celebrat la festa de Sant Antoni Abat. Aquest curs \u00e9s el 30\u00e8 que ho celebrem a l\u2019escola i per aquest motiu han assistit el president de l\u2019Associaci\u00f3 de Sant Antoni Abat de Rub\u00ed, en Manel Bamala acompanyat d\u2019en Joan Centelles. Ens han agra\u00eft molt que mantinguem viva aquesta tradici\u00f3, tant arrelada a Rub\u00ed, ja que som l\u2019\u00fanica escola que celebra aquesta festa.<\/p>\n<p>Des d\u2019aqu\u00ed volem retre un homenatge a les mestres que van fer possible la celebraci\u00f3 d\u2019aquesta festa a l\u2019escola, entre elles, la Montse Jorba que encara hi treballa.<\/p>\n<p>Al mat\u00ed, les nenes i els nens d\u2019Educaci\u00f3 Infantil,\u00a0 han portat un animal en g\u00e0bia o de peluix i han fet els Tres Tombs al pati de l\u2019escola. A la tarda hem continuat la festa amb el sorteig del porquet, a c\u00e0rrec dels representants de l\u2019Associaci\u00f3, el ball de gala al gimn\u00e0s i menjant\u00a0 coques.<\/p>\n<p>Us deixem les fotos i un enlla\u00e7 a la tv de Rub\u00ed on parlen de la nostra festa.<\/p>\n<p><a href=\"http:\/\/www.rubitv.cat\/20170130\/12070\/l-escola-pau-casals-unic-centre-educatiu-de-rubi-que-celebra-la-festa-de-sant-antoni-abat\" target=\"_blank\">http:\/\/www.rubitv.cat\/20170130\/12070\/l-escola-pau-casals-unic-centre-educatiu-de-rubi-que-celebra-la-festa-de-sant-antoni-abat<\/a><\/p>\n<p style=\"text-align: center;\">Fotos: \u00a0\u00a0<a href=\"https:\/\/goo.gl\/photos\/WcyGCU6rsDCZkkBAA\" target=\"_blank\">Ball de gala<\/a> \u00a0 &#8211; \u00a0 <a href=\"https:\/\/goo.gl\/photos\/KWsP6TSsRrGpuBhz7\" target=\"_blank\">Els Tres Tombs<\/a><\/p>\n","protected":false},"excerpt":{"rendered":"<p>El divendres 27 de gener, seguint la tradici\u00f3, a l\u2019escola Pau Casals hem celebrat la festa de Sant Antoni Abat. Aquest curs \u00e9s el 30\u00e8 que ho celebrem a l\u2019escola i per aquest motiu han assistit el president de l\u2019Associaci\u00f3 de Sant Antoni Abat de Rub\u00ed, en Manel Bamala acompanyat d\u2019en Joan Centelles. Ens han [&hellip;]<\/p>\n","protected":false},"author":1,"featured_media":0,"comment_status":"open","ping_status":"open","sticky":false,"template":"","format":"standard","meta":{"_bbp_topic_count":0,"_bbp_reply_count":0,"_bbp_total_topic_count":0,"_bbp_total_reply_count":0,"_bbp_voice_count":0,"_bbp_anonymous_reply_count":0,"_bbp_topic_count_hidden":0,"_bbp_reply_count_hidden":0,"_bbp_forum_subforum_count":0,"site-sidebar-layout":"default","site-content-layout":"","ast-site-content-layout":"","site-content-style":"default","site-sidebar-style":"default","ast-global-header-display":"","ast-banner-title-visibility":"","ast-main-header-display":"","ast-hfb-above-header-display":"","ast-hfb-below-header-display":"","ast-hfb-mobile-header-display":"","site-post-title":"","ast-breadcrumbs-content":"","ast-featured-img":"","footer-sml-layout":"","theme-transparent-header-meta":"","adv-header-id-meta":"","stick-header-meta":"","header-above-stick-meta":"","header-main-stick-meta":"","header-below-stick-meta":"","astra-migrate-meta-layouts":"default","ast-page-background-enabled":"default","ast-page-background-meta":{"desktop":{"background-color":"var(--ast-global-color-5)","background-image":"","background-repeat":"repeat","background-position":"center center","background-size":"auto","background-attachment":"scroll","background-type":"","background-media":"","overlay-type":"","overlay-color":"","overlay-opacity":"","overlay-gradient":""},"tablet":{"background-color":"","background-image":"","background-repeat":"repeat","background-position":"center center","background-size":"auto","background-attachment":"scroll","background-type":"","background-media":"","overlay-type":"","overlay-color":"","overlay-opacity":"","overlay-gradient":""},"mobile":{"background-color":"","background-image":"","background-repeat":"repeat","background-position":"center center","background-size":"auto","background-attachment":"scroll","background-type":"","background-media":"","overlay-type":"","overlay-color":"","overlay-opacity":"","overlay-gradient":""}},"ast-content-background-meta":{"desktop":{"background-color":"var(--ast-global-color-4)","background-image":"","background-repeat":"repeat","background-position":"center center","background-size":"auto","background-attachment":"scroll","background-type":"","background-media":"","overlay-type":"","overlay-color":"","overlay-opacity":"","overlay-gradient":""},"tablet":{"background-color":"var(--ast-global-color-4)","background-image":"","background-repeat":"repeat","background-position":"center center","background-size":"auto","background-attachment":"scroll","background-type":"","background-media":"","overlay-type":"","overlay-color":"","overlay-opacity":"","overlay-gradient":""},"mobile":{"background-color":"var(--ast-global-color-4)","background-image":"","background-repeat":"repeat","background-position":"center center","background-size":"auto","background-attachment":"scroll","background-type":"","background-media":"","overlay-type":"","overlay-color":"","overlay-opacity":"","overlay-gradient":""}},"footnotes":""},"categories":[62,4],"tags":[],"class_list":["post-1225","post","type-post","status-publish","format-standard","hentry","category-activitats-de-cicle-curs-2018","category-portada-curs-2018"],"post_mailing_queue_ids":[],"_links":{"self":[{"href":"https:\/\/agora.xtec.cat\/escolapaucasalsrubi\/wp-json\/wp\/v2\/posts\/1225","targetHints":{"allow":["GET"]}}],"collection":[{"href":"https:\/\/agora.xtec.cat\/escolapaucasalsrubi\/wp-json\/wp\/v2\/posts"}],"about":[{"href":"https:\/\/agora.xtec.cat\/escolapaucasalsrubi\/wp-json\/wp\/v2\/types\/post"}],"author":[{"embeddable":true,"href":"https:\/\/agora.xtec.cat\/escolapaucasalsrubi\/wp-json\/wp\/v2\/users\/1"}],"replies":[{"embeddable":true,"href":"https:\/\/agora.xtec.cat\/escolapaucasalsrubi\/wp-json\/wp\/v2\/comments?post=1225"}],"version-history":[{"count":3,"href":"https:\/\/agora.xtec.cat\/escolapaucasalsrubi\/wp-json\/wp\/v2\/posts\/1225\/revisions"}],"predecessor-version":[{"id":1228,"href":"https:\/\/agora.xtec.cat\/escolapaucasalsrubi\/wp-json\/wp\/v2\/posts\/1225\/revisions\/1228"}],"wp:attachment":[{"href":"https:\/\/agora.xtec.cat\/escolapaucasalsrubi\/wp-json\/wp\/v2\/media?parent=1225"}],"wp:term":[{"taxonomy":"category","embeddable":true,"href":"https:\/\/agora.xtec.cat\/escolapaucasalsrubi\/wp-json\/wp\/v2\/categories?post=1225"},{"taxonomy":"post_tag","embeddable":true,"href":"https:\/\/agora.xtec.cat\/escolapaucasalsrubi\/wp-json\/wp\/v2\/tags?post=1225"}],"curies":[{"name":"wp","href":"https:\/\/api.w.org\/{rel}","templated":true}]}}