{"id":899,"date":"2019-10-11T15:53:12","date_gmt":"2019-10-11T13:53:12","guid":{"rendered":"https:\/\/agora.xtec.cat\/escolapau\/?p=899"},"modified":"2019-10-11T15:53:12","modified_gmt":"2019-10-11T13:53:12","slug":"del-reves","status":"publish","type":"post","link":"https:\/\/agora.xtec.cat\/escolapau\/infantil\/del-reves\/","title":{"rendered":"Del rev\u00e8s"},"content":{"rendered":"<p style=\"text-align: center;\"><strong><a href=\"https:\/\/agora.xtec.cat\/escolapau\/wp-content\/uploads\/usu1926\/2019\/10\/C946B6F5-D6BC-4717-B278-409C2BE36A09.jpeg\"><img loading=\"lazy\" decoding=\"async\" class=\"alignnone size-large wp-image-900\" src=\"https:\/\/agora.xtec.cat\/escolapau\/wp-content\/uploads\/usu1926\/2019\/10\/C946B6F5-D6BC-4717-B278-409C2BE36A09-1024x768.jpeg\" alt=\"\" width=\"1024\" height=\"768\" srcset=\"https:\/\/agora.xtec.cat\/escolapau\/wp-content\/uploads\/usu1926\/2019\/10\/C946B6F5-D6BC-4717-B278-409C2BE36A09-1024x768.jpeg 1024w, https:\/\/agora.xtec.cat\/escolapau\/wp-content\/uploads\/usu1926\/2019\/10\/C946B6F5-D6BC-4717-B278-409C2BE36A09-300x225.jpeg 300w, https:\/\/agora.xtec.cat\/escolapau\/wp-content\/uploads\/usu1926\/2019\/10\/C946B6F5-D6BC-4717-B278-409C2BE36A09-768x576.jpeg 768w, https:\/\/agora.xtec.cat\/escolapau\/wp-content\/uploads\/usu1926\/2019\/10\/C946B6F5-D6BC-4717-B278-409C2BE36A09-200x150.jpeg 200w, https:\/\/agora.xtec.cat\/escolapau\/wp-content\/uploads\/usu1926\/2019\/10\/C946B6F5-D6BC-4717-B278-409C2BE36A09.jpeg 1280w\" sizes=\"auto, (max-width: 1024px) 100vw, 1024px\" \/><\/a><\/strong>Hola fam\u00edlies!<\/p>\n<p>Aprofitant que avui els nens i les nenes d\u2019infantil i cicle inicial tenim tota l\u2019escola per a nosaltres, ens hem ajuntat per veure la pel\u2022l\u00edcula \u201cDel rev\u00e8s\u201d, on les protagonistes principals s\u00f3n les emocions.<\/p>\n<p>\u00c9s taaaaan important con\u00e8ixer les emocions per a despr\u00e9s identificar-les en nosaltres mateixos&#8230;!!!<\/p>\n<p>I vosaltres, ja l\u2019heu vista?<\/p>\n<p>&nbsp;<\/p>\n","protected":false},"excerpt":{"rendered":"<p><a href=\"https:\/\/agora.xtec.cat\/escolapau\/wp-content\/uploads\/usu1926\/2019\/10\/C946B6F5-D6BC-4717-B278-409C2BE36A09.jpeg\"><\/a>Hola fam\u00edlies!<br \/>\nAprofitant que avui els nens i les nenes d\u2019infantil i cicle inicial tenim tota l\u2019escola per a nosaltres, ens hem ajuntat per veure la pel\u2022l\u00edcula \u201cDel rev\u00e8s\u201d, on les protagonistes principals s\u00f3n les emocions.<br \/>\n\u00c9s taaaaan important con\u00e8ixer les emocions per a despr\u00e9s identificar-les&hellip;  <a href=\"https:\/\/agora.xtec.cat\/escolapau\/infantil\/del-reves\/\" title=\"Read Del rev\u00e8s\">Llegeix m\u00e9s\u00bb<\/a><\/p>\n","protected":false},"author":1,"featured_media":0,"comment_status":"open","ping_status":"closed","sticky":false,"template":"","format":"standard","meta":{"_bbp_topic_count":0,"_bbp_reply_count":0,"_bbp_total_topic_count":0,"_bbp_total_reply_count":0,"_bbp_voice_count":0,"_bbp_anonymous_reply_count":0,"_bbp_topic_count_hidden":0,"_bbp_reply_count_hidden":0,"_bbp_forum_subforum_count":0,"footnotes":""},"categories":[13,2,4,5],"tags":[],"class_list":["post-899","post","type-post","status-publish","format-standard","hentry","category-ci","category-infantil","category-portada","category-primaria"],"post_mailing_queue_ids":[],"_links":{"self":[{"href":"https:\/\/agora.xtec.cat\/escolapau\/wp-json\/wp\/v2\/posts\/899","targetHints":{"allow":["GET"]}}],"collection":[{"href":"https:\/\/agora.xtec.cat\/escolapau\/wp-json\/wp\/v2\/posts"}],"about":[{"href":"https:\/\/agora.xtec.cat\/escolapau\/wp-json\/wp\/v2\/types\/post"}],"author":[{"embeddable":true,"href":"https:\/\/agora.xtec.cat\/escolapau\/wp-json\/wp\/v2\/users\/1"}],"replies":[{"embeddable":true,"href":"https:\/\/agora.xtec.cat\/escolapau\/wp-json\/wp\/v2\/comments?post=899"}],"version-history":[{"count":1,"href":"https:\/\/agora.xtec.cat\/escolapau\/wp-json\/wp\/v2\/posts\/899\/revisions"}],"predecessor-version":[{"id":901,"href":"https:\/\/agora.xtec.cat\/escolapau\/wp-json\/wp\/v2\/posts\/899\/revisions\/901"}],"wp:attachment":[{"href":"https:\/\/agora.xtec.cat\/escolapau\/wp-json\/wp\/v2\/media?parent=899"}],"wp:term":[{"taxonomy":"category","embeddable":true,"href":"https:\/\/agora.xtec.cat\/escolapau\/wp-json\/wp\/v2\/categories?post=899"},{"taxonomy":"post_tag","embeddable":true,"href":"https:\/\/agora.xtec.cat\/escolapau\/wp-json\/wp\/v2\/tags?post=899"}],"curies":[{"name":"wp","href":"https:\/\/api.w.org\/{rel}","templated":true}]}}