{"id":674,"date":"2019-03-12T16:40:11","date_gmt":"2019-03-12T15:40:11","guid":{"rendered":"https:\/\/agora.xtec.cat\/escolapau\/?p=674"},"modified":"2019-03-12T16:40:11","modified_gmt":"2019-03-12T15:40:11","slug":"8m-dia-de-la-dona","status":"publish","type":"post","link":"https:\/\/agora.xtec.cat\/escolapau\/general\/8m-dia-de-la-dona\/","title":{"rendered":"8M Dia de la dona"},"content":{"rendered":"<p>El passat 8 de mar\u00e7 va ser el <strong>Dia Internacional de la Dona Treballadora<\/strong>. Per commemorar aquest dia, els nens i les nenes de l&#8217;escola van fer dues pancartes on demanem la igualtat d&#8217;oportunitats entre els homes i les dones.<\/p>\n<p>&nbsp;<\/p>\n<p>A m\u00e9s a m\u00e9s, vam veure dos v\u00eddeos que ens van fer reflexionar sobre les difer\u00e8ncies de g\u00e8nere que encara, a dia d&#8217;avui, existeixen. Us els deixem per si voleu fer-hi una ullada:<\/p>\n<p>&nbsp;<\/p>\n<p><a href=\"https:\/\/agora.xtec.cat\/escolapau\/wp-content\/uploads\/usu1926\/2019\/03\/IMG_3008-e1552405064283.jpg\"><img loading=\"lazy\" decoding=\"async\" class=\"alignnone size-large wp-image-676\" src=\"https:\/\/agora.xtec.cat\/escolapau\/wp-content\/uploads\/usu1926\/2019\/03\/IMG_3008-e1552405064283-768x1024.jpg\" alt=\"\" width=\"768\" height=\"1024\" srcset=\"https:\/\/agora.xtec.cat\/escolapau\/wp-content\/uploads\/usu1926\/2019\/03\/IMG_3008-e1552405064283-768x1024.jpg 768w, https:\/\/agora.xtec.cat\/escolapau\/wp-content\/uploads\/usu1926\/2019\/03\/IMG_3008-e1552405064283-225x300.jpg 225w\" sizes=\"auto, (max-width: 768px) 100vw, 768px\" \/><\/a> <a href=\"https:\/\/agora.xtec.cat\/escolapau\/wp-content\/uploads\/usu1926\/2019\/03\/IMG_3010-e1552405111819.jpg\"><img loading=\"lazy\" decoding=\"async\" class=\"alignnone size-large wp-image-677\" src=\"https:\/\/agora.xtec.cat\/escolapau\/wp-content\/uploads\/usu1926\/2019\/03\/IMG_3010-e1552405111819-768x1024.jpg\" alt=\"\" width=\"768\" height=\"1024\" srcset=\"https:\/\/agora.xtec.cat\/escolapau\/wp-content\/uploads\/usu1926\/2019\/03\/IMG_3010-e1552405111819-768x1024.jpg 768w, https:\/\/agora.xtec.cat\/escolapau\/wp-content\/uploads\/usu1926\/2019\/03\/IMG_3010-e1552405111819-225x300.jpg 225w\" sizes=\"auto, (max-width: 768px) 100vw, 768px\" \/><\/a> <a href=\"https:\/\/agora.xtec.cat\/escolapau\/wp-content\/uploads\/usu1926\/2019\/03\/IMG_3011-e1552405095763.jpg\"><img loading=\"lazy\" decoding=\"async\" class=\"alignnone size-large wp-image-678\" src=\"https:\/\/agora.xtec.cat\/escolapau\/wp-content\/uploads\/usu1926\/2019\/03\/IMG_3011-e1552405095763-768x1024.jpg\" alt=\"\" width=\"768\" height=\"1024\" srcset=\"https:\/\/agora.xtec.cat\/escolapau\/wp-content\/uploads\/usu1926\/2019\/03\/IMG_3011-e1552405095763-768x1024.jpg 768w, https:\/\/agora.xtec.cat\/escolapau\/wp-content\/uploads\/usu1926\/2019\/03\/IMG_3011-e1552405095763-225x300.jpg 225w\" sizes=\"auto, (max-width: 768px) 100vw, 768px\" \/><\/a> <a href=\"https:\/\/agora.xtec.cat\/escolapau\/wp-content\/uploads\/usu1926\/2019\/03\/IMG_3012.jpg\"><img loading=\"lazy\" decoding=\"async\" class=\"alignnone size-large wp-image-679\" src=\"https:\/\/agora.xtec.cat\/escolapau\/wp-content\/uploads\/usu1926\/2019\/03\/IMG_3012-1024x768.jpg\" alt=\"\" width=\"1024\" height=\"768\" srcset=\"https:\/\/agora.xtec.cat\/escolapau\/wp-content\/uploads\/usu1926\/2019\/03\/IMG_3012-1024x768.jpg 1024w, https:\/\/agora.xtec.cat\/escolapau\/wp-content\/uploads\/usu1926\/2019\/03\/IMG_3012-300x225.jpg 300w, https:\/\/agora.xtec.cat\/escolapau\/wp-content\/uploads\/usu1926\/2019\/03\/IMG_3012-768x576.jpg 768w, https:\/\/agora.xtec.cat\/escolapau\/wp-content\/uploads\/usu1926\/2019\/03\/IMG_3012-200x150.jpg 200w\" sizes=\"auto, (max-width: 1024px) 100vw, 1024px\" \/><\/a> <a href=\"https:\/\/agora.xtec.cat\/escolapau\/wp-content\/uploads\/usu1926\/2019\/03\/IMG_3020.jpg\"><img loading=\"lazy\" decoding=\"async\" class=\"alignnone size-large wp-image-680\" src=\"https:\/\/agora.xtec.cat\/escolapau\/wp-content\/uploads\/usu1926\/2019\/03\/IMG_3020-1024x768.jpg\" alt=\"\" width=\"1024\" height=\"768\" srcset=\"https:\/\/agora.xtec.cat\/escolapau\/wp-content\/uploads\/usu1926\/2019\/03\/IMG_3020-1024x768.jpg 1024w, https:\/\/agora.xtec.cat\/escolapau\/wp-content\/uploads\/usu1926\/2019\/03\/IMG_3020-300x225.jpg 300w, https:\/\/agora.xtec.cat\/escolapau\/wp-content\/uploads\/usu1926\/2019\/03\/IMG_3020-768x576.jpg 768w, https:\/\/agora.xtec.cat\/escolapau\/wp-content\/uploads\/usu1926\/2019\/03\/IMG_3020-200x150.jpg 200w\" sizes=\"auto, (max-width: 1024px) 100vw, 1024px\" \/><\/a> <a href=\"https:\/\/agora.xtec.cat\/escolapau\/wp-content\/uploads\/usu1926\/2019\/03\/c9d723d1-5ac7-4dd4-afc0-ba3d7bd144aa.jpg\"><img loading=\"lazy\" decoding=\"async\" class=\"alignnone size-large wp-image-681\" src=\"https:\/\/agora.xtec.cat\/escolapau\/wp-content\/uploads\/usu1926\/2019\/03\/c9d723d1-5ac7-4dd4-afc0-ba3d7bd144aa-1024x768.jpg\" alt=\"\" width=\"1024\" height=\"768\" srcset=\"https:\/\/agora.xtec.cat\/escolapau\/wp-content\/uploads\/usu1926\/2019\/03\/c9d723d1-5ac7-4dd4-afc0-ba3d7bd144aa-1024x768.jpg 1024w, https:\/\/agora.xtec.cat\/escolapau\/wp-content\/uploads\/usu1926\/2019\/03\/c9d723d1-5ac7-4dd4-afc0-ba3d7bd144aa-300x225.jpg 300w, https:\/\/agora.xtec.cat\/escolapau\/wp-content\/uploads\/usu1926\/2019\/03\/c9d723d1-5ac7-4dd4-afc0-ba3d7bd144aa-768x576.jpg 768w, https:\/\/agora.xtec.cat\/escolapau\/wp-content\/uploads\/usu1926\/2019\/03\/c9d723d1-5ac7-4dd4-afc0-ba3d7bd144aa-200x150.jpg 200w, https:\/\/agora.xtec.cat\/escolapau\/wp-content\/uploads\/usu1926\/2019\/03\/c9d723d1-5ac7-4dd4-afc0-ba3d7bd144aa.jpg 1600w\" sizes=\"auto, (max-width: 1024px) 100vw, 1024px\" \/><\/a><\/p>\n<p>https:\/\/www.youtube.com\/watch?v=m54ZPkl_HaM<\/p>\n<p><iframe loading=\"lazy\" title=\"Imagina tu meta\" width=\"500\" height=\"281\" src=\"https:\/\/www.youtube.com\/embed\/nj6YXNgOlx0?feature=oembed\" frameborder=\"0\" allow=\"accelerometer; autoplay; clipboard-write; encrypted-media; gyroscope; picture-in-picture; web-share\" referrerpolicy=\"strict-origin-when-cross-origin\" allowfullscreen><\/iframe><\/p>\n<p>Seguim educant en la igualtat d&#8217;oportunitats<\/p>\n","protected":false},"excerpt":{"rendered":"<p>El passat 8 de mar\u00e7 va ser el Dia Internacional de la Dona Treballadora. Per commemorar aquest dia, els nens i les nenes de l&#8217;escola van fer dues pancartes on demanem la igualtat d&#8217;oportunitats entre els homes i les dones.<br \/>\n&nbsp;<br \/>\nA m\u00e9s a m\u00e9s, vam veure&hellip;  <a href=\"https:\/\/agora.xtec.cat\/escolapau\/general\/8m-dia-de-la-dona\/\" title=\"Read 8M Dia de la dona\">Llegeix m\u00e9s\u00bb<\/a><\/p>\n","protected":false},"author":1,"featured_media":681,"comment_status":"open","ping_status":"closed","sticky":false,"template":"","format":"standard","meta":{"_bbp_topic_count":0,"_bbp_reply_count":0,"_bbp_total_topic_count":0,"_bbp_total_reply_count":0,"_bbp_voice_count":0,"_bbp_anonymous_reply_count":0,"_bbp_topic_count_hidden":0,"_bbp_reply_count_hidden":0,"_bbp_forum_subforum_count":0,"footnotes":""},"categories":[1],"tags":[],"class_list":["post-674","post","type-post","status-publish","format-standard","has-post-thumbnail","hentry","category-general"],"post_mailing_queue_ids":[],"_links":{"self":[{"href":"https:\/\/agora.xtec.cat\/escolapau\/wp-json\/wp\/v2\/posts\/674","targetHints":{"allow":["GET"]}}],"collection":[{"href":"https:\/\/agora.xtec.cat\/escolapau\/wp-json\/wp\/v2\/posts"}],"about":[{"href":"https:\/\/agora.xtec.cat\/escolapau\/wp-json\/wp\/v2\/types\/post"}],"author":[{"embeddable":true,"href":"https:\/\/agora.xtec.cat\/escolapau\/wp-json\/wp\/v2\/users\/1"}],"replies":[{"embeddable":true,"href":"https:\/\/agora.xtec.cat\/escolapau\/wp-json\/wp\/v2\/comments?post=674"}],"version-history":[{"count":2,"href":"https:\/\/agora.xtec.cat\/escolapau\/wp-json\/wp\/v2\/posts\/674\/revisions"}],"predecessor-version":[{"id":682,"href":"https:\/\/agora.xtec.cat\/escolapau\/wp-json\/wp\/v2\/posts\/674\/revisions\/682"}],"wp:featuredmedia":[{"embeddable":true,"href":"https:\/\/agora.xtec.cat\/escolapau\/wp-json\/wp\/v2\/media\/681"}],"wp:attachment":[{"href":"https:\/\/agora.xtec.cat\/escolapau\/wp-json\/wp\/v2\/media?parent=674"}],"wp:term":[{"taxonomy":"category","embeddable":true,"href":"https:\/\/agora.xtec.cat\/escolapau\/wp-json\/wp\/v2\/categories?post=674"},{"taxonomy":"post_tag","embeddable":true,"href":"https:\/\/agora.xtec.cat\/escolapau\/wp-json\/wp\/v2\/tags?post=674"}],"curies":[{"name":"wp","href":"https:\/\/api.w.org\/{rel}","templated":true}]}}