{"id":3796,"date":"2026-03-09T14:12:04","date_gmt":"2026-03-09T13:12:04","guid":{"rendered":"https:\/\/agora.xtec.cat\/escolapau\/?p=3796"},"modified":"2026-03-09T14:12:04","modified_gmt":"2026-03-09T13:12:04","slug":"celebrem-el-dia-internacional-la-dona","status":"publish","type":"post","link":"https:\/\/agora.xtec.cat\/escolapau\/general\/celebrem-el-dia-internacional-la-dona\/","title":{"rendered":"Celebrem el dia Internacional  la Dona"},"content":{"rendered":"<p>Avui, les mestres de l&#8217;escola ens han sorpr\u00e8s arribant totes disfressades, per\u00f2 no era una disfressa qualsevol, han vingut caracteritzades de dones c\u00e8lebres que d&#8217;una manera o altra han estat pioneres en l&#8217;assoliment dels drets de les dones.<\/p>\n<p>Frida Kahlo, Hip\u00e0tia, Maria Montessori, Carmen Amaya, Xian Zhang, Jane Goodall i Rosalind Franklin han saltat des de la presentaci\u00f3 de Canva, especialment realitzada per l&#8217;ocasi\u00f3, al vest\u00edbul de l&#8217;escola per donar-se a con\u00e8ixer i respondre a les preguntes de l&#8217;alumnat.<a href=\"https:\/\/agora.xtec.cat\/escolapau\/wp-content\/uploads\/usu1926\/2026\/03\/WhatsApp-Image-2026-03-09-at-13.26.24.jpeg\"><img loading=\"lazy\" decoding=\"async\" class=\"aligncenter size-full wp-image-3797\" src=\"https:\/\/agora.xtec.cat\/escolapau\/wp-content\/uploads\/usu1926\/2026\/03\/WhatsApp-Image-2026-03-09-at-13.26.24.jpeg\" alt=\"\" width=\"2048\" height=\"923\" srcset=\"https:\/\/agora.xtec.cat\/escolapau\/wp-content\/uploads\/usu1926\/2026\/03\/WhatsApp-Image-2026-03-09-at-13.26.24.jpeg 2048w, https:\/\/agora.xtec.cat\/escolapau\/wp-content\/uploads\/usu1926\/2026\/03\/WhatsApp-Image-2026-03-09-at-13.26.24-300x135.jpeg 300w, https:\/\/agora.xtec.cat\/escolapau\/wp-content\/uploads\/usu1926\/2026\/03\/WhatsApp-Image-2026-03-09-at-13.26.24-1024x462.jpeg 1024w, https:\/\/agora.xtec.cat\/escolapau\/wp-content\/uploads\/usu1926\/2026\/03\/WhatsApp-Image-2026-03-09-at-13.26.24-768x346.jpeg 768w, https:\/\/agora.xtec.cat\/escolapau\/wp-content\/uploads\/usu1926\/2026\/03\/WhatsApp-Image-2026-03-09-at-13.26.24-1536x692.jpeg 1536w\" sizes=\"auto, (max-width: 2048px) 100vw, 2048px\" \/><\/a><\/p>\n","protected":false},"excerpt":{"rendered":"<p>Avui, les mestres de l&#8217;escola ens han sorpr\u00e8s arribant totes disfressades, per\u00f2 no era una disfressa qualsevol, han vingut caracteritzades de dones c\u00e8lebres que d&#8217;una manera o altra han estat pioneres en l&#8217;assoliment dels drets de les dones.<br \/>\nFrida Kahlo, Hip\u00e0tia, Maria Montessori, Carmen Amaya, Xian&hellip;  <a href=\"https:\/\/agora.xtec.cat\/escolapau\/general\/celebrem-el-dia-internacional-la-dona\/\" title=\"Read Celebrem el dia Internacional  la Dona\">Llegeix m\u00e9s\u00bb<\/a><\/p>\n","protected":false},"author":1,"featured_media":3797,"comment_status":"open","ping_status":"open","sticky":false,"template":"","format":"standard","meta":{"_bbp_topic_count":0,"_bbp_reply_count":0,"_bbp_total_topic_count":0,"_bbp_total_reply_count":0,"_bbp_voice_count":0,"_bbp_anonymous_reply_count":0,"_bbp_topic_count_hidden":0,"_bbp_reply_count_hidden":0,"_bbp_forum_subforum_count":0,"footnotes":""},"categories":[1],"tags":[],"class_list":["post-3796","post","type-post","status-publish","format-standard","has-post-thumbnail","hentry","category-general"],"post_mailing_queue_ids":[],"_links":{"self":[{"href":"https:\/\/agora.xtec.cat\/escolapau\/wp-json\/wp\/v2\/posts\/3796","targetHints":{"allow":["GET"]}}],"collection":[{"href":"https:\/\/agora.xtec.cat\/escolapau\/wp-json\/wp\/v2\/posts"}],"about":[{"href":"https:\/\/agora.xtec.cat\/escolapau\/wp-json\/wp\/v2\/types\/post"}],"author":[{"embeddable":true,"href":"https:\/\/agora.xtec.cat\/escolapau\/wp-json\/wp\/v2\/users\/1"}],"replies":[{"embeddable":true,"href":"https:\/\/agora.xtec.cat\/escolapau\/wp-json\/wp\/v2\/comments?post=3796"}],"version-history":[{"count":1,"href":"https:\/\/agora.xtec.cat\/escolapau\/wp-json\/wp\/v2\/posts\/3796\/revisions"}],"predecessor-version":[{"id":3798,"href":"https:\/\/agora.xtec.cat\/escolapau\/wp-json\/wp\/v2\/posts\/3796\/revisions\/3798"}],"wp:featuredmedia":[{"embeddable":true,"href":"https:\/\/agora.xtec.cat\/escolapau\/wp-json\/wp\/v2\/media\/3797"}],"wp:attachment":[{"href":"https:\/\/agora.xtec.cat\/escolapau\/wp-json\/wp\/v2\/media?parent=3796"}],"wp:term":[{"taxonomy":"category","embeddable":true,"href":"https:\/\/agora.xtec.cat\/escolapau\/wp-json\/wp\/v2\/categories?post=3796"},{"taxonomy":"post_tag","embeddable":true,"href":"https:\/\/agora.xtec.cat\/escolapau\/wp-json\/wp\/v2\/tags?post=3796"}],"curies":[{"name":"wp","href":"https:\/\/api.w.org\/{rel}","templated":true}]}}