{"id":3488,"date":"2025-03-18T13:07:39","date_gmt":"2025-03-18T12:07:39","guid":{"rendered":"https:\/\/agora.xtec.cat\/escolapau\/?p=3488"},"modified":"2025-03-18T19:13:23","modified_gmt":"2025-03-18T18:13:23","slug":"correcull-2025","status":"publish","type":"post","link":"https:\/\/agora.xtec.cat\/escolapau\/general\/correcull-2025\/","title":{"rendered":"CORRECULL 2025"},"content":{"rendered":"<p>Avui, dimarts 18 de mar\u00e7 l&#8217;alumnat de cicle mitj\u00e0 i superior han realitzat l&#8217;activitat del correcull emmarcada dins les activitats de la Xarxa del Parc Natural de Cap de Creus.<\/p>\n<p>El <i>Correcull<\/i> \u00e9s una activitat de conscienciaci\u00f3 ambiental escolar que intenta anar m\u00e9s enll\u00e0 de la recollida de residus al medi natural. Amb aquest prop\u00f2sit s&#8217;intenta copsar la problem\u00e0tica que comporten aquests abocaments des d\u2019un treball interdisciplinari que va m\u00e9s enll\u00e0 de la sortida que hem realitzat.<\/p>\n<p><span style=\"font-family: inherit; font-size: 1em;\">\u00a0Aquest curs l&#8217;alumnat va decidir realitzar la mateixa zona que el curs anterior on vam recollir 66,6 kg. A partir d&#8217;aquesta activitat l&#8217;alumnat de cicle superior s&#8217;entrevistar\u00e0 amb l&#8217;alcalde de Pau, Jaume Isern, per a explicar-li les conclusions i les propostes de millora del municipi.<\/span><\/p>\n<p><a href=\"https:\/\/drive.google.com\/drive\/folders\/1diFy4y3uOPLrlDZiL_l7k5os0fwqJWDN?usp=drive_link\">Correcull<\/a><\/p>\n<p>&nbsp;<\/p>\n","protected":false},"excerpt":{"rendered":"<p>Avui, dimarts 18 de mar\u00e7 l&#8217;alumnat de cicle mitj\u00e0 i superior han realitzat l&#8217;activitat del correcull emmarcada dins les activitats de la Xarxa del Parc Natural de Cap de Creus.<br \/>\nEl Correcull \u00e9s una activitat de conscienciaci\u00f3 ambiental escolar que intenta anar m\u00e9s enll\u00e0 de la&hellip;  <a href=\"https:\/\/agora.xtec.cat\/escolapau\/general\/correcull-2025\/\" title=\"Read CORRECULL 2025\">Llegeix m\u00e9s\u00bb<\/a><\/p>\n","protected":false},"author":1,"featured_media":3489,"comment_status":"open","ping_status":"closed","sticky":false,"template":"","format":"standard","meta":{"_bbp_topic_count":0,"_bbp_reply_count":0,"_bbp_total_topic_count":0,"_bbp_total_reply_count":0,"_bbp_voice_count":0,"_bbp_anonymous_reply_count":0,"_bbp_topic_count_hidden":0,"_bbp_reply_count_hidden":0,"_bbp_forum_subforum_count":0,"footnotes":""},"categories":[1,4],"tags":[],"class_list":["post-3488","post","type-post","status-publish","format-standard","has-post-thumbnail","hentry","category-general","category-portada"],"post_mailing_queue_ids":[],"_links":{"self":[{"href":"https:\/\/agora.xtec.cat\/escolapau\/wp-json\/wp\/v2\/posts\/3488","targetHints":{"allow":["GET"]}}],"collection":[{"href":"https:\/\/agora.xtec.cat\/escolapau\/wp-json\/wp\/v2\/posts"}],"about":[{"href":"https:\/\/agora.xtec.cat\/escolapau\/wp-json\/wp\/v2\/types\/post"}],"author":[{"embeddable":true,"href":"https:\/\/agora.xtec.cat\/escolapau\/wp-json\/wp\/v2\/users\/1"}],"replies":[{"embeddable":true,"href":"https:\/\/agora.xtec.cat\/escolapau\/wp-json\/wp\/v2\/comments?post=3488"}],"version-history":[{"count":3,"href":"https:\/\/agora.xtec.cat\/escolapau\/wp-json\/wp\/v2\/posts\/3488\/revisions"}],"predecessor-version":[{"id":3492,"href":"https:\/\/agora.xtec.cat\/escolapau\/wp-json\/wp\/v2\/posts\/3488\/revisions\/3492"}],"wp:featuredmedia":[{"embeddable":true,"href":"https:\/\/agora.xtec.cat\/escolapau\/wp-json\/wp\/v2\/media\/3489"}],"wp:attachment":[{"href":"https:\/\/agora.xtec.cat\/escolapau\/wp-json\/wp\/v2\/media?parent=3488"}],"wp:term":[{"taxonomy":"category","embeddable":true,"href":"https:\/\/agora.xtec.cat\/escolapau\/wp-json\/wp\/v2\/categories?post=3488"},{"taxonomy":"post_tag","embeddable":true,"href":"https:\/\/agora.xtec.cat\/escolapau\/wp-json\/wp\/v2\/tags?post=3488"}],"curies":[{"name":"wp","href":"https:\/\/api.w.org\/{rel}","templated":true}]}}