{"id":3483,"date":"2025-03-19T16:27:48","date_gmt":"2025-03-19T15:27:48","guid":{"rendered":"https:\/\/agora.xtec.cat\/escolapau\/?p=3483"},"modified":"2025-03-19T16:27:48","modified_gmt":"2025-03-19T15:27:48","slug":"els-tallers-de-la-cristina-la-nostra-farmaceutica","status":"publish","type":"post","link":"https:\/\/agora.xtec.cat\/escolapau\/general\/els-tallers-de-la-cristina-la-nostra-farmaceutica\/","title":{"rendered":"Els tallers de la Cristina la nostra farmac\u00e8utica"},"content":{"rendered":"<p>Un any m\u00e9s la Cristina, la farmac\u00e8utica de la farmaciola de Pau,\u00a0 ha vingut a la nostra escola per dur a terme uns tallers amb petits i grans.<\/p>\n<p>En aquesta ocasi\u00f3 el tema escollit han estat les emocions. Amb l&#8217;alumnat d&#8217;educaci\u00f3 infantil i cicle inicial hem parlat de les diferents emocions a partir de la lectura de dos contes. Hem reflexionat sobre la import\u00e0ncia d&#8217;identificar\u00a0 les emocions i com la respiraci\u00f3\u00a0 \u00e9s una eina b\u00e0sica per controlar-les.<\/p>\n<p>Amb l&#8217;alumnat de cicle mitj\u00e0 i superior hem tractat ha l&#8217;estr\u00e8s. L&#8217;alumnat ha compartit les seves experi\u00e8ncies i entre tots i totes hem buscat les millors formes per\u00a0 saber com actuar davant d&#8217;aquestes situacions amb t\u00e8cniques instruments per a superar l&#8217;estr\u00e8s com la bona alimentaci\u00f3 , la pr\u00e0ctica de l&#8217;esport i la resp\u00ecraci\u00f3 conscient.<\/p>\n<p>La Cristina ens ha obsequiat amb un gel. Moltes gr\u00e0cies Cristina!.<\/p>\n<p>Gr\u00e0cies, les teves visites sempre s\u00f3n molt interessants!<\/p>\n\r\n\t<div class=\"slideshow_container slideshow_container_style-light\" style=\"height: 300px; \" data-slideshow-id=\"3484\" data-style-name=\"style-light\" data-style-version=\"2.3.1\" >\r\n\r\n\t\t\t\t\t<div class=\"slideshow_loading_icon\"><\/div>\r\n\t\t\r\n\t\t<div class=\"slideshow_content\" style=\"display: none;\">\r\n\r\n\t\t\t<div class=\"slideshow_view\">\r\n\t\t\t\t<div class=\"slideshow_slide slideshow_slide_image\">\r\n\t\t\t\t\t\t\t\t\t\t\t<img src=\"https:\/\/agora.xtec.cat\/escolapau\/wp-content\/uploads\/usu1926\/2025\/03\/WhatsApp-Image-2025-03-17-at-13.44.34.jpeg\" alt=\"WhatsApp Image 2025-03-17 at 13.44.34\" width=\"737\" height=\"1600\" \/>\r\n\t\t\t\t\t\t\t\t\t\t<div class=\"slideshow_description_box slideshow_transparent\">\r\n\t\t\t\t\t\t<div class=\"slideshow_title\">WhatsApp Image 2025-03-17 at 13.44.34<\/div>\t\t\t\t\t\t\t\t\t\t\t<\/div>\r\n\t\t\t\t<\/div>\r\n\r\n\t\t\t\t\t\t<div style=\"clear: both;\"><\/div><\/div><div class=\"slideshow_view\">\r\n\t\t\t\t<div class=\"slideshow_slide slideshow_slide_image\">\r\n\t\t\t\t\t\t\t\t\t\t\t<img src=\"https:\/\/agora.xtec.cat\/escolapau\/wp-content\/uploads\/usu1926\/2025\/03\/WhatsApp-Image-2025-03-17-at-13.44.33-3.jpeg\" alt=\"WhatsApp Image 2025-03-17 at 13.44.33 (3)\" width=\"1600\" height=\"737\" \/>\r\n\t\t\t\t\t\t\t\t\t\t<div class=\"slideshow_description_box slideshow_transparent\">\r\n\t\t\t\t\t\t<div class=\"slideshow_title\">WhatsApp Image 2025-03-17 at 13.44.33 (3)<\/div>\t\t\t\t\t\t\t\t\t\t\t<\/div>\r\n\t\t\t\t<\/div>\r\n\r\n\t\t\t\t\t\t<div style=\"clear: both;\"><\/div><\/div><div class=\"slideshow_view\">\r\n\t\t\t\t<div class=\"slideshow_slide slideshow_slide_image\">\r\n\t\t\t\t\t\t\t\t\t\t\t<img src=\"https:\/\/agora.xtec.cat\/escolapau\/wp-content\/uploads\/usu1926\/2025\/03\/WhatsApp-Image-2025-03-17-at-13.44.33-2.jpeg\" alt=\"WhatsApp Image 2025-03-17 at 13.44.33 (2)\" width=\"1600\" height=\"737\" \/>\r\n\t\t\t\t\t\t\t\t\t\t<div class=\"slideshow_description_box slideshow_transparent\">\r\n\t\t\t\t\t\t<div class=\"slideshow_title\">WhatsApp Image 2025-03-17 at 13.44.33 (2)<\/div>\t\t\t\t\t\t\t\t\t\t\t<\/div>\r\n\t\t\t\t<\/div>\r\n\r\n\t\t\t\t\t\t<div style=\"clear: both;\"><\/div><\/div><div class=\"slideshow_view\">\r\n\t\t\t\t<div class=\"slideshow_slide slideshow_slide_image\">\r\n\t\t\t\t\t\t\t\t\t\t\t<img src=\"https:\/\/agora.xtec.cat\/escolapau\/wp-content\/uploads\/usu1926\/2025\/03\/WhatsApp-Image-2025-03-17-at-13.44.33-1.jpeg\" alt=\"WhatsApp Image 2025-03-17 at 13.44.33 (1)\" width=\"738\" height=\"1600\" \/>\r\n\t\t\t\t\t\t\t\t\t\t<div class=\"slideshow_description_box slideshow_transparent\">\r\n\t\t\t\t\t\t<div class=\"slideshow_title\">WhatsApp Image 2025-03-17 at 13.44.33 (1)<\/div>\t\t\t\t\t\t\t\t\t\t\t<\/div>\r\n\t\t\t\t<\/div>\r\n\r\n\t\t\t\t\t\t<div style=\"clear: both;\"><\/div><\/div><div class=\"slideshow_view\">\r\n\t\t\t\t<div class=\"slideshow_slide slideshow_slide_image\">\r\n\t\t\t\t\t\t\t\t\t\t\t<img src=\"https:\/\/agora.xtec.cat\/escolapau\/wp-content\/uploads\/usu1926\/2025\/03\/WhatsApp-Image-2025-03-17-at-13.44.33.jpeg\" alt=\"WhatsApp Image 2025-03-17 at 13.44.33\" width=\"1600\" height=\"738\" \/>\r\n\t\t\t\t\t\t\t\t\t\t<div class=\"slideshow_description_box slideshow_transparent\">\r\n\t\t\t\t\t\t<div class=\"slideshow_title\">WhatsApp Image 2025-03-17 at 13.44.33<\/div>\t\t\t\t\t\t\t\t\t\t\t<\/div>\r\n\t\t\t\t<\/div>\r\n\r\n\t\t\t\t\t\t<div style=\"clear: both;\"><\/div><\/div>\r\n\t\t<\/div>\r\n\r\n\t\t<div class=\"slideshow_controlPanel slideshow_transparent\" style=\"display: none;\"><ul><li class=\"slideshow_togglePlay\" data-play-text=\"Visualitza\" data-pause-text=\"Pausa\"><\/li><\/ul><\/div>\r\n\r\n\t\t<div class=\"slideshow_button slideshow_previous slideshow_transparent\" role=\"button\" data-previous-text=\"Anterior\" style=\"display: none;\"><\/div>\r\n\t\t<div class=\"slideshow_button slideshow_next slideshow_transparent\" role=\"button\" data-next-text=\"Seg\u00fcent\" style=\"display: none;\"><\/div>\r\n\r\n\t\t<div class=\"slideshow_pagination\" style=\"display: none;\" data-go-to-text=\"V\u00e9s a la diapositiva\"><div class=\"slideshow_pagination_center\"><\/div><\/div>\r\n\r\n\t\t<!-- WordPress Slideshow Version 2.3.1 -->\r\n\r\n\t\t\t<\/div>\r\n\r\n\n","protected":false},"excerpt":{"rendered":"<p>Un any m\u00e9s la Cristina, la farmac\u00e8utica de la farmaciola de Pau,\u00a0 ha vingut a la nostra escola per dur a terme uns tallers amb petits i grans.<br \/>\nEn aquesta ocasi\u00f3 el tema escollit han estat les emocions. Amb l&#8217;alumnat d&#8217;educaci\u00f3 infantil i cicle inicial hem&hellip;  <a href=\"https:\/\/agora.xtec.cat\/escolapau\/general\/els-tallers-de-la-cristina-la-nostra-farmaceutica\/\" title=\"Read Els tallers de la Cristina la nostra farmac\u00e8utica\">Llegeix m\u00e9s\u00bb<\/a><\/p>\n","protected":false},"author":1,"featured_media":3479,"comment_status":"open","ping_status":"closed","sticky":false,"template":"","format":"standard","meta":{"_bbp_topic_count":0,"_bbp_reply_count":0,"_bbp_total_topic_count":0,"_bbp_total_reply_count":0,"_bbp_voice_count":0,"_bbp_anonymous_reply_count":0,"_bbp_topic_count_hidden":0,"_bbp_reply_count_hidden":0,"_bbp_forum_subforum_count":0,"footnotes":""},"categories":[1,4],"tags":[],"class_list":["post-3483","post","type-post","status-publish","format-standard","has-post-thumbnail","hentry","category-general","category-portada"],"post_mailing_queue_ids":[],"_links":{"self":[{"href":"https:\/\/agora.xtec.cat\/escolapau\/wp-json\/wp\/v2\/posts\/3483","targetHints":{"allow":["GET"]}}],"collection":[{"href":"https:\/\/agora.xtec.cat\/escolapau\/wp-json\/wp\/v2\/posts"}],"about":[{"href":"https:\/\/agora.xtec.cat\/escolapau\/wp-json\/wp\/v2\/types\/post"}],"author":[{"embeddable":true,"href":"https:\/\/agora.xtec.cat\/escolapau\/wp-json\/wp\/v2\/users\/1"}],"replies":[{"embeddable":true,"href":"https:\/\/agora.xtec.cat\/escolapau\/wp-json\/wp\/v2\/comments?post=3483"}],"version-history":[{"count":3,"href":"https:\/\/agora.xtec.cat\/escolapau\/wp-json\/wp\/v2\/posts\/3483\/revisions"}],"predecessor-version":[{"id":3494,"href":"https:\/\/agora.xtec.cat\/escolapau\/wp-json\/wp\/v2\/posts\/3483\/revisions\/3494"}],"wp:featuredmedia":[{"embeddable":true,"href":"https:\/\/agora.xtec.cat\/escolapau\/wp-json\/wp\/v2\/media\/3479"}],"wp:attachment":[{"href":"https:\/\/agora.xtec.cat\/escolapau\/wp-json\/wp\/v2\/media?parent=3483"}],"wp:term":[{"taxonomy":"category","embeddable":true,"href":"https:\/\/agora.xtec.cat\/escolapau\/wp-json\/wp\/v2\/categories?post=3483"},{"taxonomy":"post_tag","embeddable":true,"href":"https:\/\/agora.xtec.cat\/escolapau\/wp-json\/wp\/v2\/tags?post=3483"}],"curies":[{"name":"wp","href":"https:\/\/api.w.org\/{rel}","templated":true}]}}