{"id":3463,"date":"2025-03-15T15:35:58","date_gmt":"2025-03-15T14:35:58","guid":{"rendered":"https:\/\/agora.xtec.cat\/escolapau\/?p=3463"},"modified":"2025-03-17T08:38:31","modified_gmt":"2025-03-17T07:38:31","slug":"46e-concurs-de-recitacio-omnium-cultural-alt-emporda","status":"publish","type":"post","link":"https:\/\/agora.xtec.cat\/escolapau\/general\/46e-concurs-de-recitacio-omnium-cultural-alt-emporda\/","title":{"rendered":"46\u00e8 CONCURS DE RECITACI\u00d3 \u00d2MNIUM CULTURAL ALT EMPORD\u00c0"},"content":{"rendered":"<p><a href=\"https:\/\/agora.xtec.cat\/escolapau\/wp-content\/uploads\/usu1926\/2025\/03\/cooltext478263684531206.png\"><img loading=\"lazy\" decoding=\"async\" class=\"size-full wp-image-3466 alignleft\" src=\"https:\/\/agora.xtec.cat\/escolapau\/wp-content\/uploads\/usu1926\/2025\/03\/cooltext478263684531206.png\" alt=\"\" width=\"866\" height=\"75\" srcset=\"https:\/\/agora.xtec.cat\/escolapau\/wp-content\/uploads\/usu1926\/2025\/03\/cooltext478263684531206.png 866w, https:\/\/agora.xtec.cat\/escolapau\/wp-content\/uploads\/usu1926\/2025\/03\/cooltext478263684531206-300x26.png 300w, https:\/\/agora.xtec.cat\/escolapau\/wp-content\/uploads\/usu1926\/2025\/03\/cooltext478263684531206-768x67.png 768w\" sizes=\"auto, (max-width: 866px) 100vw, 866px\" \/><\/a><\/p>\n<p>&nbsp;<\/p>\n<p>&nbsp;<\/p>\n<p>&nbsp;<\/p>\n<p>Benvolgudes fam\u00edlies,<\/p>\n<p>Volem felicitar tot l\u2019alumnat de l\u2019escola de Pau que va participar en el <strong>46\u00e8 Concurs de Recitaci\u00f3 de l&#8217;Alt Empord\u00e0 <\/strong>per la seva magn\u00edfica actuaci\u00f3.<\/p>\n<p>Els vostres poemes han estat preciosos i molt ben recitats, demostrant talent, esfor\u00e7 i sensibilitat. Ens heu emocionat amb cada paraula i cada vers, i ens heu recordat la bellesa de la poesia quan es diu amb el cor.<\/p>\n<h4>Moltes felicitats!<\/h4>\n<p>Continueu brillant i no deixeu mai de sorprendre&#8217;ns amb la vostra creativitat i expressi\u00f3.<\/p>\n<h5><strong>Enhorabona a totes i tots!<\/strong><\/h5>\n<p>Cliqueu l&#8217;<a href=\"https:\/\/drive.google.com\/drive\/folders\/12AJIR7A43P8vZ6snO5tN6Ip-twIG6o34?usp=sharing\">enlla\u00e7<\/a> si voleu veure el talent d&#8217;aquestes nenes i nens.<\/p>\n","protected":false},"excerpt":{"rendered":"<p><a href=\"https:\/\/agora.xtec.cat\/escolapau\/wp-content\/uploads\/usu1926\/2025\/03\/cooltext478263684531206.png\"><\/a><br \/>\n&nbsp;<br \/>\n&nbsp;<br \/>\n&nbsp;<br \/>\nBenvolgudes fam\u00edlies,<br \/>\nVolem felicitar tot l\u2019alumnat de l\u2019escola de Pau que va participar en el 46\u00e8 Concurs de Recitaci\u00f3 de l&#8217;Alt Empord\u00e0 per la seva magn\u00edfica actuaci\u00f3.<br \/>\nEls vostres poemes han estat preciosos i molt ben recitats, demostrant talent, esfor\u00e7 i sensibilitat. Ens heu emocionat amb&hellip;  <a href=\"https:\/\/agora.xtec.cat\/escolapau\/general\/46e-concurs-de-recitacio-omnium-cultural-alt-emporda\/\" title=\"Read 46\u00e8 CONCURS DE RECITACI\u00d3 \u00d2MNIUM CULTURAL ALT EMPORD\u00c0\">Llegeix m\u00e9s\u00bb<\/a><\/p>\n","protected":false},"author":1,"featured_media":3464,"comment_status":"open","ping_status":"closed","sticky":false,"template":"","format":"standard","meta":{"_bbp_topic_count":0,"_bbp_reply_count":0,"_bbp_total_topic_count":0,"_bbp_total_reply_count":0,"_bbp_voice_count":0,"_bbp_anonymous_reply_count":0,"_bbp_topic_count_hidden":0,"_bbp_reply_count_hidden":0,"_bbp_forum_subforum_count":0,"footnotes":""},"categories":[1,4],"tags":[],"class_list":["post-3463","post","type-post","status-publish","format-standard","has-post-thumbnail","hentry","category-general","category-portada"],"post_mailing_queue_ids":[],"_links":{"self":[{"href":"https:\/\/agora.xtec.cat\/escolapau\/wp-json\/wp\/v2\/posts\/3463","targetHints":{"allow":["GET"]}}],"collection":[{"href":"https:\/\/agora.xtec.cat\/escolapau\/wp-json\/wp\/v2\/posts"}],"about":[{"href":"https:\/\/agora.xtec.cat\/escolapau\/wp-json\/wp\/v2\/types\/post"}],"author":[{"embeddable":true,"href":"https:\/\/agora.xtec.cat\/escolapau\/wp-json\/wp\/v2\/users\/1"}],"replies":[{"embeddable":true,"href":"https:\/\/agora.xtec.cat\/escolapau\/wp-json\/wp\/v2\/comments?post=3463"}],"version-history":[{"count":6,"href":"https:\/\/agora.xtec.cat\/escolapau\/wp-json\/wp\/v2\/posts\/3463\/revisions"}],"predecessor-version":[{"id":3475,"href":"https:\/\/agora.xtec.cat\/escolapau\/wp-json\/wp\/v2\/posts\/3463\/revisions\/3475"}],"wp:featuredmedia":[{"embeddable":true,"href":"https:\/\/agora.xtec.cat\/escolapau\/wp-json\/wp\/v2\/media\/3464"}],"wp:attachment":[{"href":"https:\/\/agora.xtec.cat\/escolapau\/wp-json\/wp\/v2\/media?parent=3463"}],"wp:term":[{"taxonomy":"category","embeddable":true,"href":"https:\/\/agora.xtec.cat\/escolapau\/wp-json\/wp\/v2\/categories?post=3463"},{"taxonomy":"post_tag","embeddable":true,"href":"https:\/\/agora.xtec.cat\/escolapau\/wp-json\/wp\/v2\/tags?post=3463"}],"curies":[{"name":"wp","href":"https:\/\/api.w.org\/{rel}","templated":true}]}}