{"id":3430,"date":"2025-03-12T19:54:27","date_gmt":"2025-03-12T18:54:27","guid":{"rendered":"https:\/\/agora.xtec.cat\/escolapau\/?p=3430"},"modified":"2025-04-02T15:38:58","modified_gmt":"2025-04-02T13:38:58","slug":"el-nostre-centre-participa-en-un-projecte-erasmus-amb-lescola-thomas-more-de-palerm-italia","status":"publish","type":"post","link":"https:\/\/agora.xtec.cat\/escolapau\/general\/el-nostre-centre-participa-en-un-projecte-erasmus-amb-lescola-thomas-more-de-palerm-italia\/","title":{"rendered":"EL NOSTRE CENTRE PARTICIPA EN UN PROJECTE ERASMUS+ AMB L&#8217;ESCOLA THOMAS MORE DE PALERM (IT\u00c0LIA)"},"content":{"rendered":"<p><a href=\"https:\/\/agora.xtec.cat\/escolapau\/wp-content\/uploads\/usu1926\/2023\/10\/es_v_cofinanciado_por_la_union_europea_pos.png\"><img loading=\"lazy\" decoding=\"async\" class=\"wp-image-3077 alignnone\" src=\"https:\/\/agora.xtec.cat\/escolapau\/wp-content\/uploads\/usu1926\/2023\/10\/es_v_cofinanciado_por_la_union_europea_pos.png\" alt=\"\" width=\"126\" height=\"127\" srcset=\"https:\/\/agora.xtec.cat\/escolapau\/wp-content\/uploads\/usu1926\/2023\/10\/es_v_cofinanciado_por_la_union_europea_pos.png 910w, https:\/\/agora.xtec.cat\/escolapau\/wp-content\/uploads\/usu1926\/2023\/10\/es_v_cofinanciado_por_la_union_europea_pos-296x300.png 296w, https:\/\/agora.xtec.cat\/escolapau\/wp-content\/uploads\/usu1926\/2023\/10\/es_v_cofinanciado_por_la_union_europea_pos-150x150.png 150w, https:\/\/agora.xtec.cat\/escolapau\/wp-content\/uploads\/usu1926\/2023\/10\/es_v_cofinanciado_por_la_union_europea_pos-768x778.png 768w\" sizes=\"auto, (max-width: 126px) 100vw, 126px\" \/><\/a><img loading=\"lazy\" decoding=\"async\" class=\"alignright\" src=\"https:\/\/www.esn-spain.org\/sites\/default\/files\/pages\/images\/erasmus.jpg\" alt=\"Qu\u00e9 es el Programa Erasmus+? | ESN Spain\" width=\"277\" height=\"112\" \/><\/p>\n<p>Benvolgudes fam\u00edlies,<\/p>\n<p>Aquesta setmana el nostre centre educatiu ha tingut l&#8217;oportunitat de viure una experi\u00e8ncia \u00fanica d&#8217;intercanvi gr\u00e0cies al projecte ERASMUS+ de la Comissi\u00f3 Europea. Hem rebut l&#8217;alumnat de l&#8217;escola Thomas More de Palerm, Sic\u00edlia, amb qui compartim aquest projecte d&#8217;aprenentatge i conviv\u00e8ncia.<\/p>\n<p>Dilluns es va celebrar l&#8217;arribada dels estudiants italians amb una gran benvinguda per part de tota la comunitat educativa de la nostra escola\u00a0 (alumnat, professorat i fam\u00edlies). L&#8217;acte oficial de benvinguda va tenir lloc a la sala de Pau, amb la pres\u00e8ncia de l&#8217;alcalde, Jaume Isern. En l&#8217;acte, despr\u00e9s dels parlaments de l&#8217;alcalde, la directora i l&#8217;alumnat de cicle superior, l&#8217;alumnat de tota l&#8217;escola va oferir una gran batucada. Tot seguit es van realitzar jocs de presentaci\u00f3 i un esmorzar col\u00b7lectiu seguit d&#8217;una gimcana de coneixement del poble i l&#8217;escola, i una sessi\u00f3 conjunta d&#8217;educaci\u00f3 f\u00edsica.<\/p>\n<p>Aquest intercanvi permet que el nostre alumnat de cicle superior pugui con\u00e8ixer noves realitats educatives i culturals, aprofundir en la llengua anglesa i castellana i, alhora oferir als companys i companyes\u00a0 de Palerm una immersi\u00f3 en el nostre entorn i tradicions.<\/p>\n<p>Durant aquesta setmana, tot l&#8217;alumnat, conjuntament, realitzaran diferents activitats per con\u00e8ixer la cultura i el patrimoni local. Des del descobriment de la hist\u00f2ria del Monestir de Sant Pere de Rodes i el Castell de Sant Salvador i la import\u00e0ncia d&#8217;aquest monument en el nostre territori, fins a endinsar-se en l&#8217;univers surrealista de Salvador Dal\u00ed. Aix\u00ed, visitaran tant la casa Natal del pintor com el Museu per poder apropar als alumnes de Palerm, la influ\u00e8ncia d&#8217;aquest geni empordan\u00e8s a l&#8217;art i l&#8217;inter\u00e8s cultural de la capital de la nostra comarca.<\/p>\n<p>Dijous l&#8217;alumnat de Palerm i els quatre mestres acompanyants, marxaran cap al seu pa\u00eds havent gaudit, esperem d&#8217;aquesta experi\u00e8ncia.<\/p>\n<p>Ens sentim molt orgulloses de formar part d&#8217;aquest projecte ERASMUS+, que ens permet establir vincles amb altres escoles europees i oferir al nostre alumnat experi\u00e8ncies d&#8217;aprenentatge m\u00e9s enll\u00e0 de l&#8217;aula. Ara esperem amb il\u00b7lusi\u00f3 el mes de maig, quan el nostre alumnat de cicle superior viatjar\u00e0 a Palerm per continuar aquest enriquidor projecte de mobilitat.<\/p>\n<p>Gr\u00e0cies a ERASMUS+ aprenem, ens obrim al m\u00f3n i constru\u00efm noves amistats que van m\u00e9s enll\u00e0 de les fronteres.<\/p>\n<p>Si voleu veure una mostra de l&#8217;acte d&#8217;obertura feu clic a <a href=\"https:\/\/drive.google.com\/drive\/folders\/12d0cLb-2X_IE2uagZmvY0kL0yGe8ier6?usp=sharing\">l&#8217;enlla\u00e7.<\/a><\/p>\n<p>Afegim que estem molt contents de compartir amb totes les fam\u00edlies que el diari <em>Hora Nova\u00a0<\/em>ha fet ress\u00f2 del nostre intercanvi ERASMUS. Us en deixem la not\u00edcia en el seg\u00fcent <a href=\"https:\/\/www.horanova.cat\/noticia\/250265\/lescola-de-pau-sobre-al-mon-amb-un-erasmus\">enlla\u00e7<\/a><\/p>\n<p>En aquest carrusel trobareu algunes imatges de les sortides a Figueres i St.Pere de Rodes.<\/p>\n\r\n\t<div class=\"slideshow_container slideshow_container_style-light\" style=\"height: 300px; \" data-slideshow-id=\"3444\" data-style-name=\"style-light\" data-style-version=\"2.3.1\" >\r\n\r\n\t\t\t\t\t<div class=\"slideshow_loading_icon\"><\/div>\r\n\t\t\r\n\t\t<div class=\"slideshow_content\" style=\"display: none;\">\r\n\r\n\t\t\t<div class=\"slideshow_view\">\r\n\t\t\t\t<div class=\"slideshow_slide slideshow_slide_image\">\r\n\t\t\t\t\t\t\t\t\t\t\t<img src=\"https:\/\/agora.xtec.cat\/escolapau\/wp-content\/uploads\/usu1926\/2025\/03\/WhatsApp-Image-2025-03-12-at-22.47.44.jpeg\" alt=\"WhatsApp Image 2025-03-12 at 22.47.44\" width=\"1600\" height=\"738\" \/>\r\n\t\t\t\t\t\t\t\t\t\t<div class=\"slideshow_description_box slideshow_transparent\">\r\n\t\t\t\t\t\t<div class=\"slideshow_title\">WhatsApp Image 2025-03-12 at 22.47.44<\/div>\t\t\t\t\t\t\t\t\t\t\t<\/div>\r\n\t\t\t\t<\/div>\r\n\r\n\t\t\t\t\t\t<div style=\"clear: both;\"><\/div><\/div><div class=\"slideshow_view\">\r\n\t\t\t\t<div class=\"slideshow_slide slideshow_slide_image\">\r\n\t\t\t\t\t\t\t\t\t\t\t<img src=\"https:\/\/agora.xtec.cat\/escolapau\/wp-content\/uploads\/usu1926\/2025\/03\/WhatsApp-Image-2025-03-12-at-21.38.41.jpeg\" alt=\"WhatsApp Image 2025-03-12 at 21.38.41\" width=\"1600\" height=\"738\" \/>\r\n\t\t\t\t\t\t\t\t\t\t<div class=\"slideshow_description_box slideshow_transparent\">\r\n\t\t\t\t\t\t<div class=\"slideshow_title\">WhatsApp Image 2025-03-12 at 21.38.41<\/div>\t\t\t\t\t\t\t\t\t\t\t<\/div>\r\n\t\t\t\t<\/div>\r\n\r\n\t\t\t\t\t\t<div style=\"clear: both;\"><\/div><\/div><div class=\"slideshow_view\">\r\n\t\t\t\t<div class=\"slideshow_slide slideshow_slide_image\">\r\n\t\t\t\t\t\t\t\t\t\t\t<img src=\"https:\/\/agora.xtec.cat\/escolapau\/wp-content\/uploads\/usu1926\/2025\/03\/WhatsApp-Image-2025-03-12-at-21.38.42.jpeg\" alt=\"WhatsApp Image 2025-03-12 at 21.38.42\" width=\"1600\" height=\"738\" \/>\r\n\t\t\t\t\t\t\t\t\t\t<div class=\"slideshow_description_box slideshow_transparent\">\r\n\t\t\t\t\t\t<div class=\"slideshow_title\">WhatsApp Image 2025-03-12 at 21.38.42<\/div>\t\t\t\t\t\t\t\t\t\t\t<\/div>\r\n\t\t\t\t<\/div>\r\n\r\n\t\t\t\t\t\t<div style=\"clear: both;\"><\/div><\/div><div class=\"slideshow_view\">\r\n\t\t\t\t<div class=\"slideshow_slide slideshow_slide_image\">\r\n\t\t\t\t\t\t\t\t\t\t\t<img src=\"https:\/\/agora.xtec.cat\/escolapau\/wp-content\/uploads\/usu1926\/2025\/03\/WhatsApp-Image-2025-03-12-at-22.45.55.jpeg\" alt=\"WhatsApp Image 2025-03-12 at 22.45.55\" width=\"1600\" height=\"738\" \/>\r\n\t\t\t\t\t\t\t\t\t\t<div class=\"slideshow_description_box slideshow_transparent\">\r\n\t\t\t\t\t\t<div class=\"slideshow_title\">WhatsApp Image 2025-03-12 at 22.45.55<\/div>\t\t\t\t\t\t\t\t\t\t\t<\/div>\r\n\t\t\t\t<\/div>\r\n\r\n\t\t\t\t\t\t<div style=\"clear: both;\"><\/div><\/div><div class=\"slideshow_view\">\r\n\t\t\t\t<div class=\"slideshow_slide slideshow_slide_image\">\r\n\t\t\t\t\t\t\t\t\t\t\t<img src=\"https:\/\/agora.xtec.cat\/escolapau\/wp-content\/uploads\/usu1926\/2025\/03\/WhatsApp-Image-2025-03-12-at-22.45.34.jpeg\" alt=\"WhatsApp Image 2025-03-12 at 22.45.34\" width=\"1600\" height=\"738\" \/>\r\n\t\t\t\t\t\t\t\t\t\t<div class=\"slideshow_description_box slideshow_transparent\">\r\n\t\t\t\t\t\t<div class=\"slideshow_title\">WhatsApp Image 2025-03-12 at 22.45.34<\/div>\t\t\t\t\t\t\t\t\t\t\t<\/div>\r\n\t\t\t\t<\/div>\r\n\r\n\t\t\t\t\t\t<div style=\"clear: both;\"><\/div><\/div><div class=\"slideshow_view\">\r\n\t\t\t\t<div class=\"slideshow_slide slideshow_slide_image\">\r\n\t\t\t\t\t\t\t\t\t\t\t<img src=\"https:\/\/agora.xtec.cat\/escolapau\/wp-content\/uploads\/usu1926\/2025\/03\/WhatsApp-Image-2025-03-12-at-22.44.52.jpeg\" alt=\"WhatsApp Image 2025-03-12 at 22.44.52\" width=\"738\" height=\"1600\" \/>\r\n\t\t\t\t\t\t\t\t\t\t<div class=\"slideshow_description_box slideshow_transparent\">\r\n\t\t\t\t\t\t<div class=\"slideshow_title\">WhatsApp Image 2025-03-12 at 22.44.52<\/div>\t\t\t\t\t\t\t\t\t\t\t<\/div>\r\n\t\t\t\t<\/div>\r\n\r\n\t\t\t\t\t\t<div style=\"clear: both;\"><\/div><\/div><div class=\"slideshow_view\">\r\n\t\t\t\t<div class=\"slideshow_slide slideshow_slide_image\">\r\n\t\t\t\t\t\t\t\t\t\t\t<img src=\"https:\/\/agora.xtec.cat\/escolapau\/wp-content\/uploads\/usu1926\/2025\/03\/WhatsApp-Image-2025-03-12-at-22.44.24.jpeg\" alt=\"WhatsApp Image 2025-03-12 at 22.44.24\" width=\"737\" height=\"1600\" \/>\r\n\t\t\t\t\t\t\t\t\t\t<div class=\"slideshow_description_box slideshow_transparent\">\r\n\t\t\t\t\t\t<div class=\"slideshow_title\">WhatsApp Image 2025-03-12 at 22.44.24<\/div>\t\t\t\t\t\t\t\t\t\t\t<\/div>\r\n\t\t\t\t<\/div>\r\n\r\n\t\t\t\t\t\t<div style=\"clear: both;\"><\/div><\/div><div class=\"slideshow_view\">\r\n\t\t\t\t<div class=\"slideshow_slide slideshow_slide_image\">\r\n\t\t\t\t\t\t\t\t\t\t\t<img src=\"https:\/\/agora.xtec.cat\/escolapau\/wp-content\/uploads\/usu1926\/2025\/03\/WhatsApp-Image-2025-03-12-at-21.37.59-1.jpeg\" alt=\"WhatsApp Image 2025-03-12 at 21.37.59 (1)\" width=\"738\" height=\"1600\" \/>\r\n\t\t\t\t\t\t\t\t\t\t<div class=\"slideshow_description_box slideshow_transparent\">\r\n\t\t\t\t\t\t<div class=\"slideshow_title\">WhatsApp Image 2025-03-12 at 21.37.59 (1)<\/div>\t\t\t\t\t\t\t\t\t\t\t<\/div>\r\n\t\t\t\t<\/div>\r\n\r\n\t\t\t\t\t\t<div style=\"clear: both;\"><\/div><\/div><div class=\"slideshow_view\">\r\n\t\t\t\t<div class=\"slideshow_slide slideshow_slide_image\">\r\n\t\t\t\t\t\t\t\t\t\t\t<img src=\"https:\/\/agora.xtec.cat\/escolapau\/wp-content\/uploads\/usu1926\/2025\/03\/WhatsApp-Image-2025-03-12-at-21.37.42.jpeg\" alt=\"WhatsApp Image 2025-03-12 at 21.37.42\" width=\"1600\" height=\"738\" \/>\r\n\t\t\t\t\t\t\t\t\t\t<div class=\"slideshow_description_box slideshow_transparent\">\r\n\t\t\t\t\t\t<div class=\"slideshow_title\">WhatsApp Image 2025-03-12 at 21.37.42<\/div>\t\t\t\t\t\t\t\t\t\t\t<\/div>\r\n\t\t\t\t<\/div>\r\n\r\n\t\t\t\t\t\t<div style=\"clear: both;\"><\/div><\/div>\r\n\t\t<\/div>\r\n\r\n\t\t<div class=\"slideshow_controlPanel slideshow_transparent\" style=\"display: none;\"><ul><li class=\"slideshow_togglePlay\" data-play-text=\"Visualitza\" data-pause-text=\"Pausa\"><\/li><\/ul><\/div>\r\n\r\n\t\t<div class=\"slideshow_button slideshow_previous slideshow_transparent\" role=\"button\" data-previous-text=\"Anterior\" style=\"display: none;\"><\/div>\r\n\t\t<div class=\"slideshow_button slideshow_next slideshow_transparent\" role=\"button\" data-next-text=\"Seg\u00fcent\" style=\"display: none;\"><\/div>\r\n\r\n\t\t<div class=\"slideshow_pagination\" style=\"display: none;\" data-go-to-text=\"V\u00e9s a la diapositiva\"><div class=\"slideshow_pagination_center\"><\/div><\/div>\r\n\r\n\t\t<!-- WordPress Slideshow Version 2.3.1 -->\r\n\r\n\t\t\t<\/div>\r\n\r\n\n<p>&nbsp;<\/p>\n<p>&nbsp;<\/p>\n<p><a href=\"https:\/\/agora.xtec.cat\/escolapau\/wp-content\/uploads\/usu1926\/2025\/03\/IMG_5271-1-1.jpg\"><img loading=\"lazy\" decoding=\"async\" class=\"aligncenter size-full wp-image-3433\" src=\"https:\/\/agora.xtec.cat\/escolapau\/wp-content\/uploads\/usu1926\/2025\/03\/IMG_5271-1-1.jpg\" alt=\"\" width=\"1284\" height=\"697\" srcset=\"https:\/\/agora.xtec.cat\/escolapau\/wp-content\/uploads\/usu1926\/2025\/03\/IMG_5271-1-1.jpg 1284w, https:\/\/agora.xtec.cat\/escolapau\/wp-content\/uploads\/usu1926\/2025\/03\/IMG_5271-1-1-300x163.jpg 300w, https:\/\/agora.xtec.cat\/escolapau\/wp-content\/uploads\/usu1926\/2025\/03\/IMG_5271-1-1-1024x556.jpg 1024w, https:\/\/agora.xtec.cat\/escolapau\/wp-content\/uploads\/usu1926\/2025\/03\/IMG_5271-1-1-768x417.jpg 768w\" sizes=\"auto, (max-width: 1284px) 100vw, 1284px\" \/><\/a><\/p>\n","protected":false},"excerpt":{"rendered":"<p><a href=\"https:\/\/agora.xtec.cat\/escolapau\/wp-content\/uploads\/usu1926\/2023\/10\/es_v_cofinanciado_por_la_union_europea_pos.png\"><\/a><br \/>\nBenvolgudes fam\u00edlies,<br \/>\nAquesta setmana el nostre centre educatiu ha tingut l&#8217;oportunitat de viure una experi\u00e8ncia \u00fanica d&#8217;intercanvi gr\u00e0cies al projecte ERASMUS+ de la Comissi\u00f3 Europea. Hem rebut l&#8217;alumnat de l&#8217;escola Thomas More de Palerm, Sic\u00edlia, amb qui compartim aquest projecte d&#8217;aprenentatge i conviv\u00e8ncia.<br \/>\nDilluns es va&hellip;  <a href=\"https:\/\/agora.xtec.cat\/escolapau\/general\/el-nostre-centre-participa-en-un-projecte-erasmus-amb-lescola-thomas-more-de-palerm-italia\/\" title=\"Read EL NOSTRE CENTRE PARTICIPA EN UN PROJECTE ERASMUS+ AMB L&#8217;ESCOLA THOMAS MORE DE PALERM (IT\u00c0LIA)\">Llegeix m\u00e9s\u00bb<\/a><\/p>\n","protected":false},"author":1,"featured_media":3452,"comment_status":"open","ping_status":"closed","sticky":false,"template":"","format":"standard","meta":{"_bbp_topic_count":0,"_bbp_reply_count":0,"_bbp_total_topic_count":0,"_bbp_total_reply_count":0,"_bbp_voice_count":0,"_bbp_anonymous_reply_count":0,"_bbp_topic_count_hidden":0,"_bbp_reply_count_hidden":0,"_bbp_forum_subforum_count":0,"footnotes":""},"categories":[1,4],"tags":[],"class_list":["post-3430","post","type-post","status-publish","format-standard","has-post-thumbnail","hentry","category-general","category-portada"],"post_mailing_queue_ids":[],"_links":{"self":[{"href":"https:\/\/agora.xtec.cat\/escolapau\/wp-json\/wp\/v2\/posts\/3430","targetHints":{"allow":["GET"]}}],"collection":[{"href":"https:\/\/agora.xtec.cat\/escolapau\/wp-json\/wp\/v2\/posts"}],"about":[{"href":"https:\/\/agora.xtec.cat\/escolapau\/wp-json\/wp\/v2\/types\/post"}],"author":[{"embeddable":true,"href":"https:\/\/agora.xtec.cat\/escolapau\/wp-json\/wp\/v2\/users\/1"}],"replies":[{"embeddable":true,"href":"https:\/\/agora.xtec.cat\/escolapau\/wp-json\/wp\/v2\/comments?post=3430"}],"version-history":[{"count":6,"href":"https:\/\/agora.xtec.cat\/escolapau\/wp-json\/wp\/v2\/posts\/3430\/revisions"}],"predecessor-version":[{"id":3495,"href":"https:\/\/agora.xtec.cat\/escolapau\/wp-json\/wp\/v2\/posts\/3430\/revisions\/3495"}],"wp:featuredmedia":[{"embeddable":true,"href":"https:\/\/agora.xtec.cat\/escolapau\/wp-json\/wp\/v2\/media\/3452"}],"wp:attachment":[{"href":"https:\/\/agora.xtec.cat\/escolapau\/wp-json\/wp\/v2\/media?parent=3430"}],"wp:term":[{"taxonomy":"category","embeddable":true,"href":"https:\/\/agora.xtec.cat\/escolapau\/wp-json\/wp\/v2\/categories?post=3430"},{"taxonomy":"post_tag","embeddable":true,"href":"https:\/\/agora.xtec.cat\/escolapau\/wp-json\/wp\/v2\/tags?post=3430"}],"curies":[{"name":"wp","href":"https:\/\/api.w.org\/{rel}","templated":true}]}}