{"id":3383,"date":"2025-01-23T14:35:17","date_gmt":"2025-01-23T13:35:17","guid":{"rendered":"https:\/\/agora.xtec.cat\/escolapau\/?p=3383"},"modified":"2025-01-23T14:35:17","modified_gmt":"2025-01-23T13:35:17","slug":"la-marato-a-ple-pulmo","status":"publish","type":"post","link":"https:\/\/agora.xtec.cat\/escolapau\/general\/la-marato-a-ple-pulmo\/","title":{"rendered":"LA MARAT\u00d3: A PLE PULM\u00d3"},"content":{"rendered":"<p>En el marc de les activitats de Pau per col\u00b7laborar amb &#8220;LA MARAT\u00d3 PER LES MALALTIES RESPIRAT\u00d2RIES&#8221; els infants de l&#8217;escola han fet un mural col\u00b7laboratiu per tal que tot el poble en pugui participar. Tamb\u00e9 van crear una manualitat de nadal per a poder recaptar diners i ajudar en la mesura del possible a la Marat\u00f3 de TV3. Hem treballat tamb\u00e9 el valor de la solidaritat, valor imprescindible per la conviv\u00e8ncia pac\u00edfica. <a href=\"https:\/\/agora.xtec.cat\/escolapau\/wp-content\/uploads\/usu1926\/2024\/12\/WhatsApp-Image-2024-12-12-at-12.22.58.jpeg\"><img loading=\"lazy\" decoding=\"async\" class=\"aligncenter size-full wp-image-3384\" src=\"https:\/\/agora.xtec.cat\/escolapau\/wp-content\/uploads\/usu1926\/2024\/12\/WhatsApp-Image-2024-12-12-at-12.22.58.jpeg\" alt=\"\" width=\"1600\" height=\"737\" srcset=\"https:\/\/agora.xtec.cat\/escolapau\/wp-content\/uploads\/usu1926\/2024\/12\/WhatsApp-Image-2024-12-12-at-12.22.58.jpeg 1600w, https:\/\/agora.xtec.cat\/escolapau\/wp-content\/uploads\/usu1926\/2024\/12\/WhatsApp-Image-2024-12-12-at-12.22.58-300x138.jpeg 300w, https:\/\/agora.xtec.cat\/escolapau\/wp-content\/uploads\/usu1926\/2024\/12\/WhatsApp-Image-2024-12-12-at-12.22.58-1024x472.jpeg 1024w, https:\/\/agora.xtec.cat\/escolapau\/wp-content\/uploads\/usu1926\/2024\/12\/WhatsApp-Image-2024-12-12-at-12.22.58-768x354.jpeg 768w, https:\/\/agora.xtec.cat\/escolapau\/wp-content\/uploads\/usu1926\/2024\/12\/WhatsApp-Image-2024-12-12-at-12.22.58-1536x708.jpeg 1536w\" sizes=\"auto, (max-width: 1600px) 100vw, 1600px\" \/><\/a><\/p>\n","protected":false},"excerpt":{"rendered":"<p>En el marc de les activitats de Pau per col\u00b7laborar amb &#8220;LA MARAT\u00d3 PER LES MALALTIES RESPIRAT\u00d2RIES&#8221; els infants de l&#8217;escola han fet un mural col\u00b7laboratiu per tal que tot el poble en pugui participar. Tamb\u00e9 van crear una manualitat de nadal per a poder&hellip;  <a href=\"https:\/\/agora.xtec.cat\/escolapau\/general\/la-marato-a-ple-pulmo\/\" title=\"Read LA MARAT\u00d3: A PLE PULM\u00d3\">Llegeix m\u00e9s\u00bb<\/a><\/p>\n","protected":false},"author":1,"featured_media":3384,"comment_status":"open","ping_status":"closed","sticky":false,"template":"","format":"standard","meta":{"_bbp_topic_count":0,"_bbp_reply_count":0,"_bbp_total_topic_count":0,"_bbp_total_reply_count":0,"_bbp_voice_count":0,"_bbp_anonymous_reply_count":0,"_bbp_topic_count_hidden":0,"_bbp_reply_count_hidden":0,"_bbp_forum_subforum_count":0,"footnotes":""},"categories":[1,4],"tags":[],"class_list":["post-3383","post","type-post","status-publish","format-standard","has-post-thumbnail","hentry","category-general","category-portada"],"post_mailing_queue_ids":[],"_links":{"self":[{"href":"https:\/\/agora.xtec.cat\/escolapau\/wp-json\/wp\/v2\/posts\/3383","targetHints":{"allow":["GET"]}}],"collection":[{"href":"https:\/\/agora.xtec.cat\/escolapau\/wp-json\/wp\/v2\/posts"}],"about":[{"href":"https:\/\/agora.xtec.cat\/escolapau\/wp-json\/wp\/v2\/types\/post"}],"author":[{"embeddable":true,"href":"https:\/\/agora.xtec.cat\/escolapau\/wp-json\/wp\/v2\/users\/1"}],"replies":[{"embeddable":true,"href":"https:\/\/agora.xtec.cat\/escolapau\/wp-json\/wp\/v2\/comments?post=3383"}],"version-history":[{"count":3,"href":"https:\/\/agora.xtec.cat\/escolapau\/wp-json\/wp\/v2\/posts\/3383\/revisions"}],"predecessor-version":[{"id":3422,"href":"https:\/\/agora.xtec.cat\/escolapau\/wp-json\/wp\/v2\/posts\/3383\/revisions\/3422"}],"wp:featuredmedia":[{"embeddable":true,"href":"https:\/\/agora.xtec.cat\/escolapau\/wp-json\/wp\/v2\/media\/3384"}],"wp:attachment":[{"href":"https:\/\/agora.xtec.cat\/escolapau\/wp-json\/wp\/v2\/media?parent=3383"}],"wp:term":[{"taxonomy":"category","embeddable":true,"href":"https:\/\/agora.xtec.cat\/escolapau\/wp-json\/wp\/v2\/categories?post=3383"},{"taxonomy":"post_tag","embeddable":true,"href":"https:\/\/agora.xtec.cat\/escolapau\/wp-json\/wp\/v2\/tags?post=3383"}],"curies":[{"name":"wp","href":"https:\/\/api.w.org\/{rel}","templated":true}]}}