{"id":3364,"date":"2024-11-05T15:43:26","date_gmt":"2024-11-05T14:43:26","guid":{"rendered":"https:\/\/agora.xtec.cat\/escolapau\/?p=3364"},"modified":"2024-11-07T15:13:53","modified_gmt":"2024-11-07T14:13:53","slug":"hem-celebrat-la-castanyada","status":"publish","type":"post","link":"https:\/\/agora.xtec.cat\/escolapau\/general\/hem-celebrat-la-castanyada\/","title":{"rendered":"Hem celebrat la Castanyada"},"content":{"rendered":"<p>Aquest any hem celebrat una vegada m\u00e9s la Castanyada. Els alumnes de cinqu\u00e8 i sis\u00e8 de l&#8217;escola han ofert una petita representaci\u00f3 teatral per presentar la selecci\u00f3 de danses enguany molt animades. Els infants d&#8217;Educaci\u00f3 Infantil han cantat la can\u00e7\u00f3 de Marrameu Torracastanyes, l&#8217;alumnat de Cicle Inicial ha interpretat la Rumba de les castanyes i els nens i nenes de Cicle Mitj\u00e0 ens han sorpr\u00e8s amb un divertit Rap de la Castanya. Per acabar, l&#8217;alumnat de Cicle Superior ha acabat l&#8217;acte amb un original i modern ball de bastons anomenat Bastonc\u00e9.<\/p>\n<p>Com ja \u00e9s tradici\u00f3 abans de menjar junts les castanyes hem fet una rotllana ben grossa i tothom ha cantat i ballat ka tradicional &#8220;Castanyera&#8221;.<\/p>\n<p>Durant la setmana, a les classes d\u00b4angl\u00e8s, tamb\u00e9\u00a0 s&#8217;han dut a terme diferents activitats.<\/p>\n<p><a href=\"https:\/\/drive.google.com\/drive\/folders\/1FuuKVjpV9k3yJmyHWkOD7YVykYwNLVJt\">Castanyada i v\u00eddeos Halloween<\/a><\/p>\n<p><a href=\"https:\/\/agora.xtec.cat\/escolapau\/wp-content\/uploads\/usu1926\/2024\/11\/1730765341928.jpg\"><img loading=\"lazy\" decoding=\"async\" class=\"size-full wp-image-3368 aligncenter\" src=\"https:\/\/agora.xtec.cat\/escolapau\/wp-content\/uploads\/usu1926\/2024\/11\/1730765341928.jpg\" alt=\"\" width=\"2016\" height=\"1512\" srcset=\"https:\/\/agora.xtec.cat\/escolapau\/wp-content\/uploads\/usu1926\/2024\/11\/1730765341928.jpg 2016w, https:\/\/agora.xtec.cat\/escolapau\/wp-content\/uploads\/usu1926\/2024\/11\/1730765341928-300x225.jpg 300w, https:\/\/agora.xtec.cat\/escolapau\/wp-content\/uploads\/usu1926\/2024\/11\/1730765341928-1024x768.jpg 1024w, https:\/\/agora.xtec.cat\/escolapau\/wp-content\/uploads\/usu1926\/2024\/11\/1730765341928-768x576.jpg 768w, https:\/\/agora.xtec.cat\/escolapau\/wp-content\/uploads\/usu1926\/2024\/11\/1730765341928-1536x1152.jpg 1536w, https:\/\/agora.xtec.cat\/escolapau\/wp-content\/uploads\/usu1926\/2024\/11\/1730765341928-200x150.jpg 200w\" sizes=\"auto, (max-width: 2016px) 100vw, 2016px\" \/><\/a><\/p>\n","protected":false},"excerpt":{"rendered":"<p>Aquest any hem celebrat una vegada m\u00e9s la Castanyada. Els alumnes de cinqu\u00e8 i sis\u00e8 de l&#8217;escola han ofert una petita representaci\u00f3 teatral per presentar la selecci\u00f3 de danses enguany molt animades. Els infants d&#8217;Educaci\u00f3 Infantil han cantat la can\u00e7\u00f3 de Marrameu Torracastanyes, l&#8217;alumnat de&hellip;  <a href=\"https:\/\/agora.xtec.cat\/escolapau\/general\/hem-celebrat-la-castanyada\/\" title=\"Read Hem celebrat la Castanyada\">Llegeix m\u00e9s\u00bb<\/a><\/p>\n","protected":false},"author":1,"featured_media":3368,"comment_status":"open","ping_status":"closed","sticky":false,"template":"","format":"standard","meta":{"_bbp_topic_count":0,"_bbp_reply_count":0,"_bbp_total_topic_count":0,"_bbp_total_reply_count":0,"_bbp_voice_count":0,"_bbp_anonymous_reply_count":0,"_bbp_topic_count_hidden":0,"_bbp_reply_count_hidden":0,"_bbp_forum_subforum_count":0,"footnotes":""},"categories":[1,4],"tags":[],"class_list":["post-3364","post","type-post","status-publish","format-standard","has-post-thumbnail","hentry","category-general","category-portada"],"post_mailing_queue_ids":[],"_links":{"self":[{"href":"https:\/\/agora.xtec.cat\/escolapau\/wp-json\/wp\/v2\/posts\/3364","targetHints":{"allow":["GET"]}}],"collection":[{"href":"https:\/\/agora.xtec.cat\/escolapau\/wp-json\/wp\/v2\/posts"}],"about":[{"href":"https:\/\/agora.xtec.cat\/escolapau\/wp-json\/wp\/v2\/types\/post"}],"author":[{"embeddable":true,"href":"https:\/\/agora.xtec.cat\/escolapau\/wp-json\/wp\/v2\/users\/1"}],"replies":[{"embeddable":true,"href":"https:\/\/agora.xtec.cat\/escolapau\/wp-json\/wp\/v2\/comments?post=3364"}],"version-history":[{"count":6,"href":"https:\/\/agora.xtec.cat\/escolapau\/wp-json\/wp\/v2\/posts\/3364\/revisions"}],"predecessor-version":[{"id":3373,"href":"https:\/\/agora.xtec.cat\/escolapau\/wp-json\/wp\/v2\/posts\/3364\/revisions\/3373"}],"wp:featuredmedia":[{"embeddable":true,"href":"https:\/\/agora.xtec.cat\/escolapau\/wp-json\/wp\/v2\/media\/3368"}],"wp:attachment":[{"href":"https:\/\/agora.xtec.cat\/escolapau\/wp-json\/wp\/v2\/media?parent=3364"}],"wp:term":[{"taxonomy":"category","embeddable":true,"href":"https:\/\/agora.xtec.cat\/escolapau\/wp-json\/wp\/v2\/categories?post=3364"},{"taxonomy":"post_tag","embeddable":true,"href":"https:\/\/agora.xtec.cat\/escolapau\/wp-json\/wp\/v2\/tags?post=3364"}],"curies":[{"name":"wp","href":"https:\/\/api.w.org\/{rel}","templated":true}]}}