{"id":3362,"date":"2024-11-10T16:38:04","date_gmt":"2024-11-10T15:38:04","guid":{"rendered":"https:\/\/agora.xtec.cat\/escolapau\/?p=3362"},"modified":"2024-11-10T16:53:50","modified_gmt":"2024-11-10T15:53:50","slug":"colonies-de-tardor-a-la-colonia-clerc-osor","status":"publish","type":"post","link":"https:\/\/agora.xtec.cat\/escolapau\/general\/colonies-de-tardor-a-la-colonia-clerc-osor\/","title":{"rendered":"Col\u00f2nies de tardor a la Col\u00f2nia Clerc (OSOR)"},"content":{"rendered":"<p>Wow!!!<\/p>\n<p data-pm-slice=\"1 1 []\">Ens ho hem passat fant\u00e0sticament b\u00e9!<\/p>\n<p data-pm-slice=\"1 1 []\"><a href=\"https:\/\/agora.xtec.cat\/escolapau\/wp-content\/uploads\/usu1926\/2024\/11\/df4e7346-3d02-467c-96d3-21aa85a2d0cc.jpg\"><img loading=\"lazy\" decoding=\"async\" class=\"aligncenter wp-image-3374\" src=\"https:\/\/agora.xtec.cat\/escolapau\/wp-content\/uploads\/usu1926\/2024\/11\/df4e7346-3d02-467c-96d3-21aa85a2d0cc.jpg\" alt=\"\" width=\"544\" height=\"408\" srcset=\"https:\/\/agora.xtec.cat\/escolapau\/wp-content\/uploads\/usu1926\/2024\/11\/df4e7346-3d02-467c-96d3-21aa85a2d0cc.jpg 2048w, https:\/\/agora.xtec.cat\/escolapau\/wp-content\/uploads\/usu1926\/2024\/11\/df4e7346-3d02-467c-96d3-21aa85a2d0cc-300x225.jpg 300w, https:\/\/agora.xtec.cat\/escolapau\/wp-content\/uploads\/usu1926\/2024\/11\/df4e7346-3d02-467c-96d3-21aa85a2d0cc-1024x768.jpg 1024w, https:\/\/agora.xtec.cat\/escolapau\/wp-content\/uploads\/usu1926\/2024\/11\/df4e7346-3d02-467c-96d3-21aa85a2d0cc-768x576.jpg 768w, https:\/\/agora.xtec.cat\/escolapau\/wp-content\/uploads\/usu1926\/2024\/11\/df4e7346-3d02-467c-96d3-21aa85a2d0cc-1536x1152.jpg 1536w, https:\/\/agora.xtec.cat\/escolapau\/wp-content\/uploads\/usu1926\/2024\/11\/df4e7346-3d02-467c-96d3-21aa85a2d0cc-200x150.jpg 200w\" sizes=\"auto, (max-width: 544px) 100vw, 544px\" \/><\/a>Aquest any hem anat de col\u00f2nies a Can Clerc, al costat de les antigues Mines d&#8217;Osor, una col\u00f2nia t\u00e8xtil situada a la comarca de la Selva. Ha estat molt interessant poder viure durant tres dies en aquests edificis hist\u00f2rics. El propietari de Can Clerc, el senyor Mart\u00ed, ens va explicar els or\u00edgens de la col\u00f2nia, on havien viscut els miners i\u00a0 els treballadors de la f\u00e0brica. Antigament, dins la col\u00f2nia hi havia una esgl\u00e9sia, una escola i un economat. Fins i tot tenien moneda pr\u00f2pia. Incl\u00fas vam poder veure minerals com l&#8217;espat i el plom que s&#8217;extreien de les Mines d&#8217;Osor.<\/p>\n<p>L&#8217;alumnat d&#8217;educaci\u00f3 infantil i cicle inicial ha dut a terme activitats entorn del centre d&#8217;inter\u00e8s &#8220;El Llibre M\u00e0gic&#8221; i el de cicle mitj\u00e0 i superior entorn de l&#8217;aventura. Sens dubte, la Via Ferrata per sobre de la riera de la Grevolosa ha estat una de les activitats estrella.<\/p>\n<p>Tots i totes hem gaudit molt i hem comen\u00e7at el curs enfortint els lligams amb els companys\/es i les mestres fent de la bona conviv\u00e8ncia un espai per gaudir de tots els aprenentatges que ens depara el curs 2024-2025<\/p>\n<p><a href=\"https:\/\/drive.google.com\/drive\/folders\/1u6qThHGnektar6qJYobptc-Q284sjSjK?usp=sharing\">Fotos col\u00f2nies 2024<\/a><\/p>\n<p>&nbsp;<\/p>\n","protected":false},"excerpt":{"rendered":"<p>Wow!!!<br \/>\nEns ho hem passat fant\u00e0sticament b\u00e9!<br \/>\n<a href=\"https:\/\/agora.xtec.cat\/escolapau\/wp-content\/uploads\/usu1926\/2024\/11\/df4e7346-3d02-467c-96d3-21aa85a2d0cc.jpg\"><\/a>Aquest any hem anat de col\u00f2nies a Can Clerc, al costat de les antigues Mines d&#8217;Osor, una col\u00f2nia t\u00e8xtil situada a la comarca de la Selva. Ha estat molt interessant poder viure durant tres dies en aquests edificis hist\u00f2rics.&hellip;  <a href=\"https:\/\/agora.xtec.cat\/escolapau\/general\/colonies-de-tardor-a-la-colonia-clerc-osor\/\" title=\"Read Col\u00f2nies de tardor a la Col\u00f2nia Clerc (OSOR)\">Llegeix m\u00e9s\u00bb<\/a><\/p>\n","protected":false},"author":1,"featured_media":3374,"comment_status":"open","ping_status":"closed","sticky":false,"template":"","format":"standard","meta":{"_bbp_topic_count":0,"_bbp_reply_count":0,"_bbp_total_topic_count":0,"_bbp_total_reply_count":0,"_bbp_voice_count":0,"_bbp_anonymous_reply_count":0,"_bbp_topic_count_hidden":0,"_bbp_reply_count_hidden":0,"_bbp_forum_subforum_count":0,"footnotes":""},"categories":[1,4],"tags":[],"class_list":["post-3362","post","type-post","status-publish","format-standard","has-post-thumbnail","hentry","category-general","category-portada"],"post_mailing_queue_ids":[],"_links":{"self":[{"href":"https:\/\/agora.xtec.cat\/escolapau\/wp-json\/wp\/v2\/posts\/3362","targetHints":{"allow":["GET"]}}],"collection":[{"href":"https:\/\/agora.xtec.cat\/escolapau\/wp-json\/wp\/v2\/posts"}],"about":[{"href":"https:\/\/agora.xtec.cat\/escolapau\/wp-json\/wp\/v2\/types\/post"}],"author":[{"embeddable":true,"href":"https:\/\/agora.xtec.cat\/escolapau\/wp-json\/wp\/v2\/users\/1"}],"replies":[{"embeddable":true,"href":"https:\/\/agora.xtec.cat\/escolapau\/wp-json\/wp\/v2\/comments?post=3362"}],"version-history":[{"count":4,"href":"https:\/\/agora.xtec.cat\/escolapau\/wp-json\/wp\/v2\/posts\/3362\/revisions"}],"predecessor-version":[{"id":3378,"href":"https:\/\/agora.xtec.cat\/escolapau\/wp-json\/wp\/v2\/posts\/3362\/revisions\/3378"}],"wp:featuredmedia":[{"embeddable":true,"href":"https:\/\/agora.xtec.cat\/escolapau\/wp-json\/wp\/v2\/media\/3374"}],"wp:attachment":[{"href":"https:\/\/agora.xtec.cat\/escolapau\/wp-json\/wp\/v2\/media?parent=3362"}],"wp:term":[{"taxonomy":"category","embeddable":true,"href":"https:\/\/agora.xtec.cat\/escolapau\/wp-json\/wp\/v2\/categories?post=3362"},{"taxonomy":"post_tag","embeddable":true,"href":"https:\/\/agora.xtec.cat\/escolapau\/wp-json\/wp\/v2\/tags?post=3362"}],"curies":[{"name":"wp","href":"https:\/\/api.w.org\/{rel}","templated":true}]}}